{"id":126774,"date":"2026-03-30T15:50:00","date_gmt":"2026-03-30T18:50:00","guid":{"rendered":"https:\/\/bluestudio.estadao.com.br\/agencia-de-comunicacao\/markable-comunicacao-homework\/mercado-global-de-emagrecimento-deve-movimentar-mais-de-us-689-bilhoes-ate-2033\/"},"modified":"2026-03-30T15:50:00","modified_gmt":"2026-03-30T18:50:00","slug":"mercado-global-de-emagrecimento-deve-movimentar-mais-de-us-689-bilhoes-ate-2033","status":"publish","type":"post","link":"https:\/\/bluestudio.estadao.com.br\/agencia-de-comunicacao\/markable-comunicacao-homework\/mercado-global-de-emagrecimento-deve-movimentar-mais-de-us-689-bilhoes-ate-2033\/","title":{"rendered":"Mercado global de emagrecimento deve movimentar mais de US$ 689 bilh\u00f5es at\u00e9 2033"},"content":{"rendered":"<p><i>O segmento cresce quase 10% ao ano impulsionado pelo avan\u00e7o da obesidade e pelo maior interesse por sa\u00fade, est\u00e9tica e qualidade de vida<\/i><\/p>\n<p>O aumento das doen\u00e7as associadas ao excesso de peso, aliado \u00e0 maior conscientiza\u00e7\u00e3o sobre preven\u00e7\u00e3o e qualidade de vida, tem refor\u00e7ado a busca por servi\u00e7os voltados \u00e0 gest\u00e3o do peso.Esse movimento tem impulsionado o crescimento do mercado global de solu\u00e7\u00f5es voltadas ao tema, que atravessa um per\u00edodo de forte expans\u00e3o. Ap\u00f3s movimentar cerca de US$ 297,4 bilh\u00f5es em 2024, a ind\u00fastria deve alcan\u00e7ar US$ 689,9 bilh\u00f5es at\u00e9 2033, com taxa m\u00e9dia anual de crescimento de 9,8%, segundo o relat\u00f3rio Global Weight Loss and Diet Management Market, da Fortune Business Insights, publicado em 2024.<\/p>\n<p>A for\u00e7a desse mercado tamb\u00e9m se reflete na expans\u00e3o de empresas especializadas no setor. Um exemplo \u00e9 o <a href=\"https:\/\/emagrecentro.com.br\/seja-um-franqueado-tp\/?gad_source=1&amp;gad_campaignid=23647017009&amp;gbraid=0AAAAA9Rq3EhjhS5tvFxnFMVQpV_TbDE0x&amp;gclid=Cj0KCQjw4PPNBhD8ARIsAMo-icx58fMEwIsyOt6iDvL3vdHG1kTzx4xQ9_DpjwvBxQbc0zmbWS6Kc_8aAnyyEALw_wcB\" target=\"_blank\"><u>Emagrecentro,<\/u><\/a> fundada pelo m\u00e9dico Edson Ramuth e dedicada a tratamentos para emagrecimento saud\u00e1vel e est\u00e9tica corporal. Com 40 anos de atua\u00e7\u00e3o, a marca se consolidou como uma das maiores redes do segmento, com mais de 450 unidades no Brasil e no exterior, Estados Unidos e Paraguai, acompanhando o crescimento da procura por servi\u00e7os ligados ao bem-estar. Para o Dr. Ramuth, o crescimento do setor est\u00e1 diretamente relacionado a uma mudan\u00e7a importante na forma como a obesidade passou a ser tratada pela sociedade. \u201cEssa condi\u00e7\u00e3o deixou de ser vista apenas como uma quest\u00e3o est\u00e9tica e passou a ser associada \u00e0 gest\u00e3o da sa\u00fade e \u00e0 longevidade. Nesse mercado, cresce a procura por programas estruturados que combinem orienta\u00e7\u00e3o m\u00e9dica, mudan\u00e7a de h\u00e1bitos e acompanhamento profissional\u201d, afirma.<\/p>\n<p><b>Brasil acompanha tend\u00eancia global<\/b><\/p>\n<p>O cen\u00e1rio brasileiro segue na mesma dire\u00e7\u00e3o. A obesidade mais que dobrou nas \u00faltimas duas d\u00e9cadas, passando de 11,8% da popula\u00e7\u00e3o adulta em 2006 para cerca de 25,7% em 2024, segundo a pesquisa Vigitel, do Minist\u00e9rio da Sa\u00fade, divulgada em 2025. Esse contexto tem ampliado a demanda por programas de reeduca\u00e7\u00e3o alimentar, acompanhamento profissional e tratamentos voltados \u00e0 redu\u00e7\u00e3o de peso. Para o especialista, o tema vem sendo encarado cada vez mais sob a perspectiva da sa\u00fade preventiva. \u201cQuando observamos o cen\u00e1rio brasileiro, percebemos que a preocupa\u00e7\u00e3o com o peso est\u00e1 cada vez mais ligada \u00e0 qualidade de vida e \u00e0 preven\u00e7\u00e3o de doen\u00e7as. O desafio agora \u00e9 ampliar o acesso \u00e0 informa\u00e7\u00e3o e incentivar mudan\u00e7as de h\u00e1bitos que possam ser mantidas no longo prazo\u201d, explica o m\u00e9dico.<\/p>\n<p>A expectativa \u00e9 que o setor continue em expans\u00e3o nos pr\u00f3ximos anos, impulsionado pela integra\u00e7\u00e3o entre medicina preventiva e gest\u00e3o do peso. \u201cDevemos observar uma conex\u00e3o cada vez maior entre sa\u00fade e emagrecimento. O controle do peso passa a ser entendido como parte essencial do cuidado com o corpo e da busca por longevidade, e o mercado est\u00e1 se estruturando para atender essa demanda de forma mais completa\u201d, conclui o Dr. Ramuth.<\/p>\n<p>A <b>OESP<\/b> n\u00e3o \u00e9(s\u00e3o) respons\u00e1vel(is) por erros, incorre\u00e7\u00f5es, atrasos ou quaisquer decis\u00f5es tomadas por seus clientes com base nos Conte\u00fados ora disponibilizados, bem como tais Conte\u00fados n\u00e3o representam a opini\u00e3o da <b>OESP<\/b> e s\u00e3o de inteira responsabilidade da <b>Markable Comunica\u00e7\u00e3o | Homework<\/b><\/p>\n","protected":false},"excerpt":{"rendered":"O segmento cresce quase 10% ao ano impulsionado pelo avan\u00e7o da obesidade e pelo maior interesse por sa\u00fade, est\u00e9tica e qualidade de vida O aumento das doen\u00e7as associadas ao excesso de peso, aliado","protected":false},"author":1,"featured_media":126775,"comment_status":"open","ping_status":"closed","sticky":false,"template":"","format":"standard","meta":{"_acf_changed":false,"inline_featured_image":false,"_monsterinsights_skip_tracking":false,"_monsterinsights_sitenote_active":false,"_monsterinsights_sitenote_note":"","_monsterinsights_sitenote_category":0,"footnotes":""},"categories":[552],"tags":[],"class_list":["post-126774","post","type-post","status-publish","format-standard","has-post-thumbnail","hentry","category-markable-comunicacao-homework"],"acf":[],"_links":{"self":[{"href":"https:\/\/bluestudio.estadao.com.br\/agencia-de-comunicacao\/wp-json\/wp\/v2\/posts\/126774","targetHints":{"allow":["GET"]}}],"collection":[{"href":"https:\/\/bluestudio.estadao.com.br\/agencia-de-comunicacao\/wp-json\/wp\/v2\/posts"}],"about":[{"href":"https:\/\/bluestudio.estadao.com.br\/agencia-de-comunicacao\/wp-json\/wp\/v2\/types\/post"}],"author":[{"embeddable":true,"href":"https:\/\/bluestudio.estadao.com.br\/agencia-de-comunicacao\/wp-json\/wp\/v2\/users\/1"}],"replies":[{"embeddable":true,"href":"https:\/\/bluestudio.estadao.com.br\/agencia-de-comunicacao\/wp-json\/wp\/v2\/comments?post=126774"}],"version-history":[{"count":0,"href":"https:\/\/bluestudio.estadao.com.br\/agencia-de-comunicacao\/wp-json\/wp\/v2\/posts\/126774\/revisions"}],"wp:featuredmedia":[{"embeddable":true,"href":"https:\/\/bluestudio.estadao.com.br\/agencia-de-comunicacao\/wp-json\/wp\/v2\/media\/126775"}],"wp:attachment":[{"href":"https:\/\/bluestudio.estadao.com.br\/agencia-de-comunicacao\/wp-json\/wp\/v2\/media?parent=126774"}],"wp:term":[{"taxonomy":"category","embeddable":true,"href":"https:\/\/bluestudio.estadao.com.br\/agencia-de-comunicacao\/wp-json\/wp\/v2\/categories?post=126774"},{"taxonomy":"post_tag","embeddable":true,"href":"https:\/\/bluestudio.estadao.com.br\/agencia-de-comunicacao\/wp-json\/wp\/v2\/tags?post=126774"}],"curies":[{"name":"wp","href":"https:\/\/api.w.org\/{rel}","templated":true}]}}