{"id":126747,"date":"2026-03-30T10:47:02","date_gmt":"2026-03-30T13:47:02","guid":{"rendered":"https:\/\/bluestudio.estadao.com.br\/agencia-de-comunicacao\/?p=126747"},"modified":"2026-03-30T10:47:03","modified_gmt":"2026-03-30T13:47:03","slug":"caminhao-eletrico-mineracao-cedro","status":"publish","type":"post","link":"https:\/\/bluestudio.estadao.com.br\/agencia-de-comunicacao\/agencia-minera-brasil\/caminhao-eletrico-mineracao-cedro\/","title":{"rendered":"Rumo \u00e0 descarboniza\u00e7\u00e3o: Cedro inicia testes com caminh\u00e3o 100% el\u00e9trico"},"content":{"rendered":"\n<p><em>O ve\u00edculo ser\u00e1 utilizado no transporte interno de min\u00e9rio e ter\u00e1 capacidade de at\u00e9 45 toneladas<\/em><\/p>\n\n\n\n<p>Belo Horizonte, 30 de mar\u00e7o &#8211; A Cedro Minera\u00e7\u00e3o iniciou a opera\u00e7\u00e3o assistida de um caminh\u00e3o basculante 8&#215;4 totalmente el\u00e9trico na Mina do Gama, em Nova Lima. A iniciativa, que tamb\u00e9m contar\u00e1 com um ve\u00edculo el\u00e9trico na unidade de Mariana, integra a estrat\u00e9gia da companhia para reduzir emiss\u00f5es e testar solu\u00e7\u00f5es com maior desempenho em condi\u00e7\u00f5es reais de lavra.<\/p>\n\n\n\n<p>O modelo XCMG E7 8&#215;4 apresenta autonomia m\u00e9dia de at\u00e9 150 quil\u00f4metros, ou cerca de oito horas por ciclo, sem necessidade de recarga intermedi\u00e1ria. A bateria pode ser totalmente recarregada em aproximadamente uma hora e conta com sistema de regenera\u00e7\u00e3o de energia durante frenagens e desacelera\u00e7\u00f5es, o que amplia a efici\u00eancia energ\u00e9tica ao longo da opera\u00e7\u00e3o.<\/p>\n\n\n\n<p>Com pot\u00eancia de 490 cavalos e capacidade total de 45 toneladas, o ve\u00edculo atua no transporte interno de min\u00e9rio, em rotas previamente definidas dentro da mina. Durante o per\u00edodo de testes, os indicadores de desempenho ser\u00e3o acompanhados por sistemas de telemetria, que medem tempo de ciclo, produtividade, consumo energ\u00e9tico e autonomia em diferentes condi\u00e7\u00f5es de carga e percurso.<\/p>\n\n\n\n<p>A an\u00e1lise t\u00e9cnica inclui a viabilidade econ\u00f4mica da solu\u00e7\u00e3o em compara\u00e7\u00e3o com a frota convencional, al\u00e9m de fatores como redu\u00e7\u00e3o de ru\u00eddo, menor demanda por manuten\u00e7\u00e3o e elimina\u00e7\u00e3o de emiss\u00f5es diretas de carbono.<\/p>\n\n\n\n<p>Para Wanderley Santo, vice-presidente de Opera\u00e7\u00f5es da Cedro Minera\u00e7\u00e3o, a ado\u00e7\u00e3o do modelo el\u00e9trico responde a uma agenda objetiva de transforma\u00e7\u00e3o da opera\u00e7\u00e3o. <em>\u201cA substitui\u00e7\u00e3o do diesel por tra\u00e7\u00e3o el\u00e9trica reduz emiss\u00f5es diretas e altera a l\u00f3gica de consumo energ\u00e9tico na mina. O equipamento entrega torque compat\u00edvel com a opera\u00e7\u00e3o, opera com menor n\u00edvel de ru\u00eddo e incorpora sistemas de recupera\u00e7\u00e3o de energia em descidas. \u00c9 uma solu\u00e7\u00e3o que re\u00fane desempenho, previsibilidade de manuten\u00e7\u00e3o e ganhos ambientais mensur\u00e1veis\u201d<\/em>, avalia.<\/p>\n\n\n\n<figure class=\"wp-block-embed is-type-video is-provider-youtube wp-block-embed-youtube wp-embed-aspect-16-9 wp-has-aspect-ratio\"><div class=\"wp-block-embed__wrapper\">\n<iframe loading=\"lazy\" title=\"\u00c9 Neg\u00f3cio, com Lucas Kallas, presidente da Cedro Minera\u00e7\u00e3o - 29\/03\/2026\" width=\"500\" height=\"281\" src=\"https:\/\/www.youtube.com\/embed\/BHwvrDZb8gU?feature=oembed\" frameborder=\"0\" allow=\"accelerometer; autoplay; clipboard-write; encrypted-media; gyroscope; picture-in-picture; web-share\" referrerpolicy=\"strict-origin-when-cross-origin\" allowfullscreen><\/iframe>\n<\/div><\/figure>\n\n\n\n<h2 class=\"wp-block-heading\"><strong>Descarboniza\u00e7\u00e3o da frota<\/strong><\/h2>\n\n\n\n<p>A iniciativa integra um conjunto mais amplo de medidas adotadas pela Cedro no campo da sustentabilidade. Em 2025, a holding firmou parceria com a G\u00e1s Verde, maior produtora de biometano da Am\u00e9rica Latina, em um projeto piloto de descarboniza\u00e7\u00e3o de frota na minera\u00e7\u00e3o brasileira.<\/p>\n\n\n\n<p>Durante o per\u00edodo de testes, a companhia utilizou um caminh\u00e3o movido a G\u00e1s Natural Veicular (GNV) no transporte de min\u00e9rio de ferro entre Mariana e o Terminal Fazend\u00e3o, da Vale. As emiss\u00f5es do ve\u00edculo s\u00e3o neutralizadas por meio do Certificado de Garantia de Origem do Biometano (CGOB), fornecido pela G\u00e1s Verde.<\/p>\n\n\n\n<figure class=\"wp-block-image size-full\"><img loading=\"lazy\" decoding=\"async\" width=\"1000\" height=\"557\" src=\"https:\/\/bluestudio.estadao.com.br\/agencia-de-comunicacao\/wp-content\/uploads\/2026\/03\/descarbonizacao-frota-mineracao-cedro.jpg\" alt=\"Projeto de descarboniza\u00e7\u00e3o da frota da Cedro com caminh\u00f5es sustent\u00e1veis na minera\u00e7\u00e3o\" class=\"wp-image-126748\" srcset=\"https:\/\/bluestudio.estadao.com.br\/agencia-de-comunicacao\/wp-content\/uploads\/2026\/03\/descarbonizacao-frota-mineracao-cedro.jpg 1000w, https:\/\/bluestudio.estadao.com.br\/agencia-de-comunicacao\/wp-content\/uploads\/2026\/03\/descarbonizacao-frota-mineracao-cedro-300x167.jpg 300w, https:\/\/bluestudio.estadao.com.br\/agencia-de-comunicacao\/wp-content\/uploads\/2026\/03\/descarbonizacao-frota-mineracao-cedro-768x428.jpg 768w\" sizes=\"auto, (max-width: 1000px) 100vw, 1000px\" \/><figcaption class=\"wp-element-caption\">Imagem: Cedro \/ Divulga\u00e7\u00e3o.<\/figcaption><\/figure>\n\n\n\n<p>O teste com GNV permitiu \u00e0 Cedro aferir a efici\u00eancia energ\u00e9tica da rota, representando a primeira etapa do processo de descarboniza\u00e7\u00e3o. O pr\u00f3ximo passo \u00e9 a utiliza\u00e7\u00e3o de caminh\u00f5es movidos a biometano, biocombust\u00edvel renov\u00e1vel produzido a partir da purifica\u00e7\u00e3o do biog\u00e1s gerado na decomposi\u00e7\u00e3o de mat\u00e9ria org\u00e2nica \u2014 alternativa ainda mais sustent\u00e1vel que o GNV, de origem f\u00f3ssil. A regulamenta\u00e7\u00e3o da Lei do Combust\u00edvel do Futuro reconheceu o CGOB como instrumento que garante a neutraliza\u00e7\u00e3o das emiss\u00f5es de carbono, permitindo o cumprimento das metas ambientais das companhias.<\/p>\n\n\n\n<p><em>\u201cEsses projetos fazem parte da estrat\u00e9gia da Cedro, em alinhamento com a Agenda 2030. Temos avan\u00e7ado em v\u00e1rias frentes, como o reaproveitamento de \u00e1gua nos processos produtivos, a ado\u00e7\u00e3o do empilhamento a seco e a incorpora\u00e7\u00e3o de tecnologias que reduzem a depend\u00eancia de insumos f\u00f3sseis e ampliam a efici\u00eancia ambiental da opera\u00e7\u00e3o\u201d<\/em>, completa o vice-presidente de Opera\u00e7\u00f5es da Cedro Minera\u00e7\u00e3o.<\/p>\n\n\n\n<h2 class=\"wp-block-heading\"><strong>Sobre a Cedro<\/strong><\/h2>\n\n\n\n<p>A Cedro Participa\u00e7\u00f5es foi criada em 2017 e atua nos segmentos de minera\u00e7\u00e3o, real estate, agroneg\u00f3cio, sa\u00fade e log\u00edstica. \u00c9 um grupo com 2.500 funcion\u00e1rios indiretos e 700 diretos e regras rigorosas de governan\u00e7a e compliance. Iniciou suas opera\u00e7\u00f5es na minera\u00e7\u00e3o e, desde o in\u00edcio, atua focada na sustentabilidade, tendo como seu primeiro projeto o beneficiamento de rejeitos de min\u00e9rio estocados, com o uso de tecnologia de processamento apta a eliminar o uso de barragens.<\/p>\n\n\n\n<p>A Cedro Participa\u00e7\u00f5es tem atividades nos estados de Minas Gerais, Rio de Janeiro, Bahia, S\u00e3o Paulo e Goi\u00e1s. Lidera mais de 60 projetos sociais, investindo em a\u00e7\u00f5es voltadas para a educa\u00e7\u00e3o, cultura, esporte e sa\u00fade. A empresa \u00e9 mantenedora de uma creche que atende mais de 800 crian\u00e7as em tempo integral em Nova Lima (MG), oferecendo mais de 4.000 refei\u00e7\u00f5es por dia.<\/p>\n\n\n\n<p>A\u00a0<strong>OESP\u00a0<\/strong>n\u00e3o \u00e9 respons\u00e1vel por erros, incorre\u00e7\u00f5es, atrasos ou quaisquer decis\u00f5es tomadas por seus clientes com base nos Conte\u00fados ora disponibilizados, bem como tais Conte\u00fados n\u00e3o representam a opini\u00e3o da\u00a0<strong>OESP\u00a0<\/strong>e s\u00e3o de inteira responsabilidade da\u00a0<strong>Ag\u00eancia Minera Brasil<\/strong>.<\/p>\n\n\n\n<p><\/p>\n","protected":false},"excerpt":{"rendered":"Cedro testa caminh\u00e3o el\u00e9trico na minera\u00e7\u00e3o para reduzir emiss\u00f5es, aumentar efici\u00eancia e avan\u00e7ar na descarboniza\u00e7\u00e3o da frota.","protected":false},"author":16,"featured_media":126749,"comment_status":"open","ping_status":"closed","sticky":false,"template":"","format":"standard","meta":{"_acf_changed":false,"inline_featured_image":false,"_monsterinsights_skip_tracking":false,"_monsterinsights_sitenote_active":false,"_monsterinsights_sitenote_note":"","_monsterinsights_sitenote_category":0,"footnotes":""},"categories":[351],"tags":[],"class_list":["post-126747","post","type-post","status-publish","format-standard","has-post-thumbnail","hentry","category-agencia-minera-brasil"],"acf":[],"_links":{"self":[{"href":"https:\/\/bluestudio.estadao.com.br\/agencia-de-comunicacao\/wp-json\/wp\/v2\/posts\/126747","targetHints":{"allow":["GET"]}}],"collection":[{"href":"https:\/\/bluestudio.estadao.com.br\/agencia-de-comunicacao\/wp-json\/wp\/v2\/posts"}],"about":[{"href":"https:\/\/bluestudio.estadao.com.br\/agencia-de-comunicacao\/wp-json\/wp\/v2\/types\/post"}],"author":[{"embeddable":true,"href":"https:\/\/bluestudio.estadao.com.br\/agencia-de-comunicacao\/wp-json\/wp\/v2\/users\/16"}],"replies":[{"embeddable":true,"href":"https:\/\/bluestudio.estadao.com.br\/agencia-de-comunicacao\/wp-json\/wp\/v2\/comments?post=126747"}],"version-history":[{"count":1,"href":"https:\/\/bluestudio.estadao.com.br\/agencia-de-comunicacao\/wp-json\/wp\/v2\/posts\/126747\/revisions"}],"predecessor-version":[{"id":126750,"href":"https:\/\/bluestudio.estadao.com.br\/agencia-de-comunicacao\/wp-json\/wp\/v2\/posts\/126747\/revisions\/126750"}],"wp:featuredmedia":[{"embeddable":true,"href":"https:\/\/bluestudio.estadao.com.br\/agencia-de-comunicacao\/wp-json\/wp\/v2\/media\/126749"}],"wp:attachment":[{"href":"https:\/\/bluestudio.estadao.com.br\/agencia-de-comunicacao\/wp-json\/wp\/v2\/media?parent=126747"}],"wp:term":[{"taxonomy":"category","embeddable":true,"href":"https:\/\/bluestudio.estadao.com.br\/agencia-de-comunicacao\/wp-json\/wp\/v2\/categories?post=126747"},{"taxonomy":"post_tag","embeddable":true,"href":"https:\/\/bluestudio.estadao.com.br\/agencia-de-comunicacao\/wp-json\/wp\/v2\/tags?post=126747"}],"curies":[{"name":"wp","href":"https:\/\/api.w.org\/{rel}","templated":true}]}}