{"id":126518,"date":"2026-03-26T09:12:00","date_gmt":"2026-03-26T12:12:00","guid":{"rendered":"https:\/\/bluestudio.estadao.com.br\/agencia-de-comunicacao\/prnewswire\/banco-paulista-inicia-nova-fase-com-novo-ceo\/"},"modified":"2026-03-26T09:12:00","modified_gmt":"2026-03-26T12:12:00","slug":"banco-paulista-inicia-nova-fase-com-novo-ceo","status":"publish","type":"post","link":"https:\/\/bluestudio.estadao.com.br\/agencia-de-comunicacao\/prnewswire\/banco-paulista-inicia-nova-fase-com-novo-ceo\/","title":{"rendered":"Banco Paulista inicia nova fase com novo CEO"},"content":{"rendered":"\n<div class=\"xn-content\">\n<p class=\"prntac\"><b>Institui\u00e7\u00e3o visa crescer em cr\u00e9dito consignado e home equity com disciplina<\/b><\/p>\n<p><span class=\"legendSpanClass\">S\u00c3O PAULO<\/span>, <span class=\"legendSpanClass\">26 de mar\u00e7o de 2026 <\/span> \/PRNewswire\/ &#8212; O Banco Paulista anuncia a chegada de seu novo CEO, Marcelo Torresi, profissional com ampla experi\u00eancia no mercado financeiro e trajet\u00f3ria voltada \u00e0 expans\u00e3o sustent\u00e1vel de neg\u00f3cios e gest\u00e3o de cr\u00e9dito.<\/p>\n<div class=\"PRN_ImbeddedAssetReference\" id=\"DivAssetPlaceHolder6630\">\n<a href=\"https:\/\/mma.prnewswire.com\/media\/2943269\/Logo_BancoPaulista.html\" target=\"_blank\" rel=\"nofollow\"><img decoding=\"async\" src=\"https:\/\/mma.prnewswire.com\/media\/2943269\/Logo_BancoPaulista.jpg\" title=\"\" alt=\"\" \/><\/a><\/p>\n<\/div>\n<p>A nomea\u00e7\u00e3o marca um novo momento estrat\u00e9gico para a institui\u00e7\u00e3o, que passa a adotar uma atua\u00e7\u00e3o mais seletiva no middle market, ao mesmo tempo em que intensifica sua presen\u00e7a no cr\u00e9dito consignado. Entre as principais frentes de crescimento est\u00e3o as linhas de home equity e consignado, tanto no setor p\u00fablico quanto no privado.<\/p>\n<p>A estrat\u00e9gia ser\u00e1 conduzida com disciplina e vis\u00e3o de longo prazo. O banco pretende expandir de forma ordenada no consignado, com aten\u00e7\u00e3o especial ao segmento privado, mantendo o rigor no acompanhamento das opera\u00e7\u00f5es p\u00fablicas. Nesse contexto, contar\u00e1 com a GV Atacama, empresa do grupo, respons\u00e1vel pela estrutura\u00e7\u00e3o de FIDC e CRI, enquanto o banco atuar\u00e1 na origina\u00e7\u00e3o.<\/p>\n<p>&#8220;Nosso objetivo \u00e9 evoluir na constru\u00e7\u00e3o de uma opera\u00e7\u00e3o s\u00f3lida, sustent\u00e1vel e eficiente, baseada em governan\u00e7a robusta e processos bem definidos&#8221;, afirma Torresi.<\/p>\n<p>Para sustentar esse avan\u00e7o, o Banco Paulista investir\u00e1 na estrutura\u00e7\u00e3o operacional, com foco na padroniza\u00e7\u00e3o de processos, fortalecimento da governan\u00e7a e implementa\u00e7\u00e3o de controles rigorosos nas opera\u00e7\u00f5es de cr\u00e9dito.<\/p>\n<p>Outro pilar ser\u00e1 a cobran\u00e7a, conduzida com abordagem t\u00e9cnica e especializada, alinhada \u00e0s melhores pr\u00e1ticas. A gest\u00e3o das carteiras priorizar\u00e1 qualidade, previsibilidade e mitiga\u00e7\u00e3o de riscos, com acompanhamento cont\u00ednuo apoiado por tecnologia e equipe qualificada. &#8220;Vamos crescer com seguran\u00e7a, acompanhando cada opera\u00e7\u00e3o de perto e com capacidade de adapta\u00e7\u00e3o \u00e0s mudan\u00e7as de mercado&#8221;, completa o executivo.<\/p>\n<p>Com a nova lideran\u00e7a, o banco refor\u00e7a seu compromisso com crescimento respons\u00e1vel, efici\u00eancia operacional e gera\u00e7\u00e3o de valor sustent\u00e1vel.<\/p>\n<p>Foto &#8211; <a href=\"https:\/\/mma.prnewswire.com\/media\/2943269\/Logo_BancoPaulista.jpg\" target=\"_blank\" rel=\"nofollow\">https:\/\/mma.prnewswire.com\/media\/2943269\/Logo_BancoPaulista.jpg<\/a><\/p>\n<\/p>\n<div class=\"PRN_ImbeddedAssetReference\" id=\"DivAssetPlaceHolder0\"><\/div>\n<p id=\"PURL\"><img loading=\"lazy\" decoding=\"async\" title=\"Cision\" width=\"12\" height=\"12\" alt=\"Cision\" src=\"https:\/\/edge.prnewswire.com\/c\/img\/favicon.png?sn=PT20143&amp;sd=2026-03-26\" \/> View original content to download multimedia:<a id=\"PRNURL\" rel=\"nofollow\" href=\"https:\/\/www.prnewswire.com\/br\/comunicados-para-a-imprensa\/banco-paulista-inicia-nova-fase-com-novo-ceo-302726130.html\" target=\"_blank\">https:\/\/www.prnewswire.com\/br\/comunicados-para-a-imprensa\/banco-paulista-inicia-nova-fase-com-novo-ceo-302726130.html<\/a><\/p>\n<p>FONTE Banco Paulista<\/p>\n<\/div>\n<p>  <img decoding=\"async\" alt=\"\" src=\"https:\/\/rt.prnewswire.com\/rt.gif?NewsItemId=PT20143&amp;Transmission_Id=202603260800PR_NEWS_LATAM____PT20143&amp;DateId=20260326\" style=\"border:0px;width:1px;height:1px\" \/><\/p>\n<p><strong>T\u00f3picos Relacionados:<\/strong> An\u00fancios de Pessoal, Servi\u00e7os Banc\u00e1rios\/Financeiros<\/p>\n<p>A <b>OESP<\/b> n\u00e3o \u00e9(s\u00e3o) respons\u00e1vel(is) por erros, incorre\u00e7\u00f5es, atrasos ou quaisquer decis\u00f5es tomadas por seus clientes com base nos Conte\u00fados ora disponibilizados, bem como tais Conte\u00fados n\u00e3o representam a opini\u00e3o da <b>OESP<\/b> e s\u00e3o de inteira responsabilidade da <b>PR Newswire Ltda<\/b><\/p>\n","protected":false},"excerpt":{"rendered":"Institui\u00e7\u00e3o visa crescer em cr\u00e9dito consignado e home equity com disciplina S\u00c3O PAULO, 26 de mar\u00e7o de 2026 \/PRNewswire\/ &#8212; O Banco Paulista anuncia a chegada de seu novo CEO, Marcelo","protected":false},"author":1,"featured_media":126519,"comment_status":"open","ping_status":"closed","sticky":false,"template":"","format":"standard","meta":{"_acf_changed":false,"inline_featured_image":false,"_monsterinsights_skip_tracking":false,"_monsterinsights_sitenote_active":false,"_monsterinsights_sitenote_note":"","_monsterinsights_sitenote_category":0,"footnotes":""},"categories":[27],"tags":[8123],"class_list":["post-126518","post","type-post","status-publish","format-standard","has-post-thumbnail","hentry","category-prnewswire","tag-instituicao-visa-crescer-em-credito-consignado-e-home-equity-com-disciplina"],"acf":[],"_links":{"self":[{"href":"https:\/\/bluestudio.estadao.com.br\/agencia-de-comunicacao\/wp-json\/wp\/v2\/posts\/126518","targetHints":{"allow":["GET"]}}],"collection":[{"href":"https:\/\/bluestudio.estadao.com.br\/agencia-de-comunicacao\/wp-json\/wp\/v2\/posts"}],"about":[{"href":"https:\/\/bluestudio.estadao.com.br\/agencia-de-comunicacao\/wp-json\/wp\/v2\/types\/post"}],"author":[{"embeddable":true,"href":"https:\/\/bluestudio.estadao.com.br\/agencia-de-comunicacao\/wp-json\/wp\/v2\/users\/1"}],"replies":[{"embeddable":true,"href":"https:\/\/bluestudio.estadao.com.br\/agencia-de-comunicacao\/wp-json\/wp\/v2\/comments?post=126518"}],"version-history":[{"count":0,"href":"https:\/\/bluestudio.estadao.com.br\/agencia-de-comunicacao\/wp-json\/wp\/v2\/posts\/126518\/revisions"}],"wp:featuredmedia":[{"embeddable":true,"href":"https:\/\/bluestudio.estadao.com.br\/agencia-de-comunicacao\/wp-json\/wp\/v2\/media\/126519"}],"wp:attachment":[{"href":"https:\/\/bluestudio.estadao.com.br\/agencia-de-comunicacao\/wp-json\/wp\/v2\/media?parent=126518"}],"wp:term":[{"taxonomy":"category","embeddable":true,"href":"https:\/\/bluestudio.estadao.com.br\/agencia-de-comunicacao\/wp-json\/wp\/v2\/categories?post=126518"},{"taxonomy":"post_tag","embeddable":true,"href":"https:\/\/bluestudio.estadao.com.br\/agencia-de-comunicacao\/wp-json\/wp\/v2\/tags?post=126518"}],"curies":[{"name":"wp","href":"https:\/\/api.w.org\/{rel}","templated":true}]}}