{"id":126465,"date":"2026-03-25T17:20:00","date_gmt":"2026-03-25T20:20:00","guid":{"rendered":"https:\/\/bluestudio.estadao.com.br\/agencia-de-comunicacao\/pressworks\/tim-realiza-leilao-de-imoveis-a-partir-de-r-289-mil\/"},"modified":"2026-03-25T17:20:00","modified_gmt":"2026-03-25T20:20:00","slug":"tim-realiza-leilao-de-imoveis-a-partir-de-r-289-mil","status":"publish","type":"post","link":"https:\/\/bluestudio.estadao.com.br\/agencia-de-comunicacao\/pressworks\/tim-realiza-leilao-de-imoveis-a-partir-de-r-289-mil\/","title":{"rendered":"TIM realiza leil\u00e3o de im\u00f3veis a partir de R$ 289 mil"},"content":{"rendered":"<p>Leil\u00e3o acontece de forma online no dia 25 de mar\u00e7o \u00e0s 10h<\/p>\n<p>A TIM, em parceria com a <a href=\"https:\/\/www.frazaoleiloes.com.br\/\" target=\"_blank\"><u>Fraz\u00e3o Leil\u00f5es<\/u><\/a>, est\u00e1 com lances abertos para um novo leil\u00e3o imobili\u00e1rio que re\u00fane 10 im\u00f3veis, entre 3 propriedades comerciais e 7 terrenos, distribu\u00eddos por sete estados brasileiros. A disputa acontece de forma online, por meio da plataforma da leiloeira, e o prazo para habilita\u00e7\u00e3o vai at\u00e9 o dia 25 de mar\u00e7o de 2026, \u00e0s 10h.<\/p>\n<p>Os ativos est\u00e3o localizados no Maranh\u00e3o (1), Minas Gerais (2), Par\u00e1 (1), Piau\u00ed (1), Paran\u00e1 (2), Rio de Janeiro (1) e Rio Grande do Sul (2), ampliando o leque de oportunidades para investidores interessados em im\u00f3veis comerciais e \u00e1reas de terreno em diferentes regi\u00f5es do pa\u00eds.<\/p>\n<p>O menor lance do leil\u00e3o \u00e9 de R$ 289.600,00 e corresponde a um terreno no bairro Urura\u00ed, em Campos dos Goytacazes (RJ). O im\u00f3vel possui 1.944 m\u00b2 de \u00e1rea de terreno conforme matr\u00edcula, com acesso pela Avenida Amaral Peixoto, uma das principais vias da regi\u00e3o. O lote conta ainda com hist\u00f3rico recente de regulariza\u00e7\u00e3o de obra junto ao cadastro municipal, fator relevante para interessados em projetos de desenvolvimento.<\/p>\n<p>J\u00e1 o im\u00f3vel de maior valor \u00e9 um pr\u00e9dio comercial em Porto Alegre (RS), localizado no bairro Passo d\u2019Areia. O ativo possui 714,80 m\u00b2 de \u00e1rea constru\u00edda, distribu\u00eddos em quatro pavimentos, al\u00e9m de cinco vagas de garagem, em um terreno de 489,95 m\u00b2. O lance inicial \u00e9 de R$ 3.278.000,00, representando uma oportunidade estrat\u00e9gica para empresas ou investidores que buscam espa\u00e7o comercial consolidado em uma das principais capitais do Sul do pa\u00eds.<\/p>\n<p>As condi\u00e7\u00f5es de pagamento s\u00e3o exclusivamente \u00e0 vista, conforme previsto em edital, e todos os lances est\u00e3o condicionados \u00e0 aprova\u00e7\u00e3o do vendedor. Informa\u00e7\u00f5es detalhadas sobre matr\u00edcula, documenta\u00e7\u00e3o, fotos e regras de participa\u00e7\u00e3o podem ser consultadas diretamente no site da Fraz\u00e3o Leil\u00f5es: <a href=\"https:\/\/www.frazaoleiloes.com.br\/leilao\/3522\/leilao-de-10-imoveis-desocupados\" target=\"_blank\"><u>https:\/\/www.frazaoleiloes.com.br\/leilao\/3522\/leilao-de-10-imoveis-desocupados<\/u><\/a><\/p>\n<p>A <b>OESP<\/b> n\u00e3o \u00e9(s\u00e3o) respons\u00e1vel(is) por erros, incorre\u00e7\u00f5es, atrasos ou quaisquer decis\u00f5es tomadas por seus clientes com base nos Conte\u00fados ora disponibilizados, bem como tais Conte\u00fados n\u00e3o representam a opini\u00e3o da <b>OESP<\/b> e s\u00e3o de inteira responsabilidade da <b>PressWorks<\/b><\/p>\n","protected":false},"excerpt":{"rendered":"Leil\u00e3o acontece de forma online no dia 25 de mar\u00e7o \u00e0s 10h A TIM, em parceria com a Fraz\u00e3o Leil\u00f5es, est\u00e1 com lances abertos para um novo leil\u00e3o imobili\u00e1rio que re\u00fane 10 im\u00f3veis, entre 3","protected":false},"author":1,"featured_media":126466,"comment_status":"open","ping_status":"closed","sticky":false,"template":"","format":"standard","meta":{"_acf_changed":false,"inline_featured_image":false,"_monsterinsights_skip_tracking":false,"_monsterinsights_sitenote_active":false,"_monsterinsights_sitenote_note":"","_monsterinsights_sitenote_category":0,"footnotes":""},"categories":[6750],"tags":[],"class_list":["post-126465","post","type-post","status-publish","format-standard","has-post-thumbnail","hentry","category-pressworks"],"acf":[],"_links":{"self":[{"href":"https:\/\/bluestudio.estadao.com.br\/agencia-de-comunicacao\/wp-json\/wp\/v2\/posts\/126465","targetHints":{"allow":["GET"]}}],"collection":[{"href":"https:\/\/bluestudio.estadao.com.br\/agencia-de-comunicacao\/wp-json\/wp\/v2\/posts"}],"about":[{"href":"https:\/\/bluestudio.estadao.com.br\/agencia-de-comunicacao\/wp-json\/wp\/v2\/types\/post"}],"author":[{"embeddable":true,"href":"https:\/\/bluestudio.estadao.com.br\/agencia-de-comunicacao\/wp-json\/wp\/v2\/users\/1"}],"replies":[{"embeddable":true,"href":"https:\/\/bluestudio.estadao.com.br\/agencia-de-comunicacao\/wp-json\/wp\/v2\/comments?post=126465"}],"version-history":[{"count":0,"href":"https:\/\/bluestudio.estadao.com.br\/agencia-de-comunicacao\/wp-json\/wp\/v2\/posts\/126465\/revisions"}],"wp:featuredmedia":[{"embeddable":true,"href":"https:\/\/bluestudio.estadao.com.br\/agencia-de-comunicacao\/wp-json\/wp\/v2\/media\/126466"}],"wp:attachment":[{"href":"https:\/\/bluestudio.estadao.com.br\/agencia-de-comunicacao\/wp-json\/wp\/v2\/media?parent=126465"}],"wp:term":[{"taxonomy":"category","embeddable":true,"href":"https:\/\/bluestudio.estadao.com.br\/agencia-de-comunicacao\/wp-json\/wp\/v2\/categories?post=126465"},{"taxonomy":"post_tag","embeddable":true,"href":"https:\/\/bluestudio.estadao.com.br\/agencia-de-comunicacao\/wp-json\/wp\/v2\/tags?post=126465"}],"curies":[{"name":"wp","href":"https:\/\/api.w.org\/{rel}","templated":true}]}}