{"id":126432,"date":"2026-03-25T12:50:00","date_gmt":"2026-03-25T15:50:00","guid":{"rendered":"https:\/\/bluestudio.estadao.com.br\/agencia-de-comunicacao\/markable-comunicacao-homework\/textura-cremosidade-e-equilibrio-os-pilares-do-verdadeiro-gelato-italiano\/"},"modified":"2026-03-25T12:50:00","modified_gmt":"2026-03-25T15:50:00","slug":"textura-cremosidade-e-equilibrio-os-pilares-do-verdadeiro-gelato-italiano","status":"publish","type":"post","link":"https:\/\/bluestudio.estadao.com.br\/agencia-de-comunicacao\/markable-comunicacao-homework\/textura-cremosidade-e-equilibrio-os-pilares-do-verdadeiro-gelato-italiano\/","title":{"rendered":"Textura, cremosidade e equil\u00edbrio: os pilares do verdadeiro gelato italiano"},"content":{"rendered":"<p><i>Na Cuor di Crema, tradi\u00e7\u00e3o e t\u00e9cnica artesanal garantem uma experi\u00eancia sensorial aut\u00eantica, que respeita as ra\u00edzes das gelaterias italianas<\/i><\/p>\n<p>Em um mercado cada vez mais atento \u00e0 qualidade e \u00e0 origem dos alimentos, o gelato artesanal ganha protagonismo n\u00e3o apenas pelo sabor, mas principalmente por sua textura, cremosidade e equil\u00edbrio. Mais do que refrescante, o verdadeiro gelato italiano \u00e9 resultado de t\u00e9cnica, escolha criteriosa de ingredientes e respeito ao processo produtivo. Diferentemente do sorvete industrial, o gelato \u00e9 produzido com menor incorpora\u00e7\u00e3o de ar, o que resulta em uma textura mais densa e naturalmente cremosa. Esse cuidado t\u00e9cnico permite que o sabor se apresente de forma mais intensa e equilibrada, sem excessos de a\u00e7\u00facar ou gordura.<\/p>\n<p>Na <a href=\"https:\/\/cuordicrema.com.br\/\" target=\"_blank\"><u><b>Cuor di Crema<\/b><\/u><\/a>, gelateria artesanal de m\u00e9todo italiano, as receitas s\u00e3o desenvolvidas sem adi\u00e7\u00e3o de gordura vegetal, aromatizantes artificiais ou conservantes, priorizando mat\u00e9rias-primas de alta qualidade. As frutas s\u00e3o utilizadas in natura, respeitando sua sazonalidade, o que contribui diretamente para a cremosidade e o frescor do produto final. \u201cAs caracter\u00edsticas principais, como consist\u00eancia e sabor, n\u00e3o s\u00e3o apenas desej\u00e1veis, mas indicadores de um processo bem executado. Quando h\u00e1 equil\u00edbrio de todos os insumos e etapas, o resultado \u00e9 um gelato que envolve o paladar de maneira delicada e marcante ao mesmo tempo\u201d, explica Ant\u00f4nio Augusto Ribeiro de Souza, CEO da marca.<\/p>\n<p>O equil\u00edbrio \u00e9 outro ponto central. No verdadeiro gelato italiano, cada ingrediente cumpre uma fun\u00e7\u00e3o. A exemplo do a\u00e7\u00facar, que n\u00e3o serve apenas para ado\u00e7ar, mas para estruturar. J\u00e1 a gordura do leite contribui para a maciez, enquanto as frutas trazem  acidez e identidade. \u201cQuando esses elementos est\u00e3o em harmonia, cria-se uma experi\u00eancia que vai al\u00e9m do sabor, \u00e9 uma constru\u00e7\u00e3o de textura que se percebe j\u00e1 na primeira colherada\u201d, pontua Augusto.<\/p>\n<p>Confira sabores da Cuor di Crema para conhecer e identificar as propriedades do gelato:<\/p>\n<p><b>Manga<\/b><\/p>\n<figure>\n  <img decoding=\"async\" src=\"https:\/\/www.estadaoconteudo.com.br\/RSS\/images\/MKB20260325125005939166-ospilaresdoverda-3.jpg\" alt=\"Divulga\u00e7\u00e3o 3\"><figcaption>Divulga\u00e7\u00e3o 3<\/figcaption><\/figure>\n<p>Delicado, refrescante e naturalmente envolvente. Este gelato revela a ess\u00eancia tropical da manga em uma textura cremosa e leve, com notas suaves e arom\u00e1ticas que se destacam a cada colherada. Uma experi\u00eancia fresca e sofisticada, perfeita para quem busca um sabor vivo e equilibrado.<\/p>\n<p><b>Yogurte com Amarena<\/b><\/p>\n<figure>\n  <img decoding=\"async\" src=\"https:\/\/www.estadaoconteudo.com.br\/RSS\/images\/MKB20260325125005939166-ospilaresdoverda-2.jpg\" alt=\"Divulga\u00e7\u00e3o 2\"><figcaption>Divulga\u00e7\u00e3o 2<\/figcaption><\/figure>\n<p>A cremosidade suave do yogurte encontra o toque intenso e levemente \u00e1cido da amarena italiana. O contraste entre o frescor do yogurte e o sabor marcante das cerejas cria um equil\u00edbrio perfeito entre doce e azedinho, com pedacinhos suculentos que surpreendem a cada mordida.<\/p>\n<p><b>Chocolate Belga<\/b><\/p>\n<figure>\n  <img decoding=\"async\" src=\"https:\/\/www.estadaoconteudo.com.br\/RSS\/images\/MKB20260325125005939166-ospilaresdoverda-1.jpg\" alt=\"Divulga\u00e7\u00e3o 1\"><figcaption>Divulga\u00e7\u00e3o 1<\/figcaption><\/figure>\n<p>Profundo, intenso e aveludado. Preparado com chocolate belga de alta qualidade, esse gelato tem sabor encorpado e textura ultra cremosa. Um cl\u00e1ssico sofisticado para quem n\u00e3o abre m\u00e3o de um chocolate rico, elegante e irresist\u00edvel.<\/p>\n<p><u><b>Cuor di Crema &#8211; S\u00e3o Paulo Capital e Regi\u00e3o Metropolitana<\/b><\/u><\/p>\n<p><b>Moema:<\/b> Av. Pav\u00e3o, 728, Moema | <b>Shopping Vila Ol\u00edmpia:<\/b> Rua Olimp\u00edadas, 360 | <b>Tiet\u00ea Plaza Shopping:<\/b> Av. Raimundo Pereira de Magalh\u00e3es, 1465, Jardim \u00cdris | <b>Open Mall Na\u00e7\u00f5es Unidas:<\/b> Av. das Na\u00e7\u00f5es Unidas, 17007, V\u00e1rzea de Baixo | <b> Zool\u00f3gico de S\u00e3o Paulo: <\/b> Av. Miguel Estefano, 4241, \u00c1gua Funda, S\u00e3o Paulo | <b>Park Shopping:<\/b> Alameda Terracota, 545, Cer\u00e2mica, S\u00e3o Caetano do Sul | <b>Santo Andr\u00e9 &#8211;<\/b> R. das Figueiras, 1181, Jardim.<\/p>\n<p><u><b>Cuor di Crema &#8211; Rio de Janeiro<\/b><\/u><\/p>\n<p><b>Shopping Piratas:<\/b> Estrada das Marinas, 91, Praia do Jardim, Angra dos Reis.<\/p>\n<p><u><b>Cuor di Crema &#8211; Nordeste<\/b><\/u><\/p>\n<p><b>Terrazo Shopping:<\/b> Cruzamento da CE-040 e Rod. 4\u00ba Anel Vi\u00e1rio, Eus\u00e9bio (CE) | <b>Shopping da Ilha: <\/b> Av. Daniel de La Touche, 987, Cohama, S\u00e3o Lu\u00eds (MA) | <b>Shopping Rio Poty: <\/b> Av. Contorno Shopping, 911, Porenquanto, Teresina (PI).<\/p>\n<p><u><b>Cuor di Crema &#8211; Sul<\/b><\/u><\/p>\n<p><b>Santa Rosa:<\/b> Rua S\u00e3o Francisco, 158, Centro, Santa Rosa (RS).<\/p>\n<p>A <b>OESP<\/b> n\u00e3o \u00e9(s\u00e3o) respons\u00e1vel(is) por erros, incorre\u00e7\u00f5es, atrasos ou quaisquer decis\u00f5es tomadas por seus clientes com base nos Conte\u00fados ora disponibilizados, bem como tais Conte\u00fados n\u00e3o representam a opini\u00e3o da <b>OESP<\/b> e s\u00e3o de inteira responsabilidade da <b>Markable Comunica\u00e7\u00e3o | Homework<\/b><\/p>\n","protected":false},"excerpt":{"rendered":"Na Cuor di Crema, tradi\u00e7\u00e3o e t\u00e9cnica artesanal garantem uma experi\u00eancia sensorial aut\u00eantica, que respeita as ra\u00edzes das gelaterias italianas Em um mercado cada vez mais atento \u00e0 qualidade e \u00e0","protected":false},"author":1,"featured_media":126433,"comment_status":"open","ping_status":"closed","sticky":false,"template":"","format":"standard","meta":{"_acf_changed":false,"inline_featured_image":false,"_monsterinsights_skip_tracking":false,"_monsterinsights_sitenote_active":false,"_monsterinsights_sitenote_note":"","_monsterinsights_sitenote_category":0,"footnotes":""},"categories":[552],"tags":[],"class_list":["post-126432","post","type-post","status-publish","format-standard","has-post-thumbnail","hentry","category-markable-comunicacao-homework"],"acf":[],"_links":{"self":[{"href":"https:\/\/bluestudio.estadao.com.br\/agencia-de-comunicacao\/wp-json\/wp\/v2\/posts\/126432","targetHints":{"allow":["GET"]}}],"collection":[{"href":"https:\/\/bluestudio.estadao.com.br\/agencia-de-comunicacao\/wp-json\/wp\/v2\/posts"}],"about":[{"href":"https:\/\/bluestudio.estadao.com.br\/agencia-de-comunicacao\/wp-json\/wp\/v2\/types\/post"}],"author":[{"embeddable":true,"href":"https:\/\/bluestudio.estadao.com.br\/agencia-de-comunicacao\/wp-json\/wp\/v2\/users\/1"}],"replies":[{"embeddable":true,"href":"https:\/\/bluestudio.estadao.com.br\/agencia-de-comunicacao\/wp-json\/wp\/v2\/comments?post=126432"}],"version-history":[{"count":0,"href":"https:\/\/bluestudio.estadao.com.br\/agencia-de-comunicacao\/wp-json\/wp\/v2\/posts\/126432\/revisions"}],"wp:featuredmedia":[{"embeddable":true,"href":"https:\/\/bluestudio.estadao.com.br\/agencia-de-comunicacao\/wp-json\/wp\/v2\/media\/126433"}],"wp:attachment":[{"href":"https:\/\/bluestudio.estadao.com.br\/agencia-de-comunicacao\/wp-json\/wp\/v2\/media?parent=126432"}],"wp:term":[{"taxonomy":"category","embeddable":true,"href":"https:\/\/bluestudio.estadao.com.br\/agencia-de-comunicacao\/wp-json\/wp\/v2\/categories?post=126432"},{"taxonomy":"post_tag","embeddable":true,"href":"https:\/\/bluestudio.estadao.com.br\/agencia-de-comunicacao\/wp-json\/wp\/v2\/tags?post=126432"}],"curies":[{"name":"wp","href":"https:\/\/api.w.org\/{rel}","templated":true}]}}