{"id":126379,"date":"2026-03-24T17:53:42","date_gmt":"2026-03-24T20:53:42","guid":{"rendered":"https:\/\/bluestudio.estadao.com.br\/agencia-de-comunicacao\/?p=126379"},"modified":"2026-03-24T17:56:07","modified_gmt":"2026-03-24T20:56:07","slug":"accountability-summit-2026-carolina-dostal","status":"publish","type":"post","link":"https:\/\/bluestudio.estadao.com.br\/agencia-de-comunicacao\/releases\/releases-geral\/accountability-summit-2026-carolina-dostal\/","title":{"rendered":"Carolina Dostal confirma presen\u00e7a em evento elaborado por Jo\u00e3o Cordeiro Consultoria"},"content":{"rendered":"\n<p><em>Al\u00e9m da influencer digital e especialista em LinkedIn, o evento idealizado e comandado pelo palestrante e escritor Jo\u00e3o Cordeiro contar\u00e1 com outros nomes de peso, como Gabriel, O Pensador, a navegadora Tamara Klink e os CEOs Ramon Alcaraz (JSL), Santiago Franco (Cibra Fertilizantes), F\u00e1bio Scabeni (Viasoft), Marcelo Lico (Grupo Crowe Macro Brasil) e Mariana Rassi (Grupo Ramasa).<\/em><\/p>\n\n\n\n<figure class=\"wp-block-image size-full\"><img loading=\"lazy\" decoding=\"async\" width=\"1000\" height=\"667\" src=\"https:\/\/bluestudio.estadao.com.br\/agencia-de-comunicacao\/wp-content\/uploads\/2026\/03\/carolina-dostal-accountability-summit-2026.jpeg\" alt=\"Carolina Dostal confirmada como palestrante no Accountability Summit 2026 em S\u00e3o Paulo falando sobre LinkedIn, IA e protagonismo profissional\n\" class=\"wp-image-126380\" srcset=\"https:\/\/bluestudio.estadao.com.br\/agencia-de-comunicacao\/wp-content\/uploads\/2026\/03\/carolina-dostal-accountability-summit-2026.jpeg 1000w, https:\/\/bluestudio.estadao.com.br\/agencia-de-comunicacao\/wp-content\/uploads\/2026\/03\/carolina-dostal-accountability-summit-2026-300x200.jpeg 300w, https:\/\/bluestudio.estadao.com.br\/agencia-de-comunicacao\/wp-content\/uploads\/2026\/03\/carolina-dostal-accountability-summit-2026-768x512.jpeg 768w\" sizes=\"auto, (max-width: 1000px) 100vw, 1000px\" \/><figcaption class=\"wp-element-caption\"><sup>L\u00edderes e especialistas confirmados no Accountability Summit 2026. Foto: Divulga\u00e7\u00e3o \/ Accountability Summit<\/sup><\/figcaption><\/figure>\n\n\n\n<p>Direcionado para l\u00edderes e profissionais que almejam assumir o protagonismo em todas as a\u00e7\u00f5es, o <a href=\"https:\/\/accountabilitysummit.com.br\/\">Accountability Summit 2026<\/a> confirmou a participa\u00e7\u00e3o de <a href=\"https:\/\/www.linkedin.com\/in\/especialistalinkedin\/\">Carolina Dostal<\/a>, uma das principais especialistas brasileiras em LinkedIn e refer\u00eancia em futuro do trabalho, intelig\u00eancia artificial (IA) e reputa\u00e7\u00e3o digital.<\/p>\n\n\n\n<p>Idealizado e organizado por Jo\u00e3o Cordeiro Consultoria, o evento premium acontece no dia 27 de maio, no Hotel JW Marriot, em S\u00e3o Paulo. Em um ambiente preparado especialmente para receber os participantes, a iniciativa trar\u00e1 uma abordagem pr\u00e1tica, demonstrando como assumir o controle das pr\u00f3prias decis\u00f5es permite gerar resultados realmente expressivos.&nbsp;<\/p>\n\n\n\n<p>O Accountability Summit 2026 reunir\u00e1 um time de peso. A curadoria foi do pr\u00f3prio Jo\u00e3o Cordeiro, que ficar\u00e1 respons\u00e1vel por comandar os pain\u00e9is. Autor, palestrante e consultor, Cordeiro convidou cada um dos palestrantes, como Gabriel, o Pensador, rapper, compositor e empres\u00e1rio.<\/p>\n\n\n\n<p>Al\u00e9m de um dos principais artistas brasileiros e da influenciadora Carolina Dostal, o evento j\u00e1 confirmou a presen\u00e7a de outros nomes de peso, como: Tamara Klink, navegadora e exploradora; Ramon Alcaraz, CEO JSL; Mariana Rassi, CEO do Grupo Ramasa; Marcelo Lico, CEO e empres\u00e1rio Crowe; Fabio Scabeni, CEO Viasoft; Marcelo Rucker, Prosegur; D\u00e9bora Zonzini, Accountability Academy; Cristina Oliveira, VP RH da Cibra Fertilizantes; entre outros.&nbsp;<\/p>\n\n\n\n<p>Com o objetivo de promover um aprofundamento real e pr\u00e1tico em accountability em uma experi\u00eancia personalizada, o evento foi estruturado para receber 150 participantes. Os ingressos para o evento est\u00e3o dispon\u00edveis no <a href=\"https:\/\/www.sympla.com.br\/evento\/accountability-summit\/3292309?d=Accountable_Oficial&amp;referrer=accountabilitysummit.com.br&amp;referrer=accountabilitysummit.com.br\">Sympla<\/a>.<\/p>\n\n\n\n<h2 class=\"wp-block-heading\"><strong>Carolina Dostal no Accountability Summit<\/strong><\/h2>\n\n\n\n<p>Diferentemente de um discurso motivacional ou um modismo corporativo, o accountability se transformou em uma vantagem estrat\u00e9gica em um mercado cada vez mais competitivo. Isso ocorre porque o problema muitas vezes n\u00e3o est\u00e1 na falta de conhecimento, mas na dificuldade de decidir e, claro, assumir as consequ\u00eancias das escolhas, principalmente, em ambientes onde a press\u00e3o est\u00e1 entre os ingredientes.<\/p>\n\n\n\n<p>Portanto, a responsabilidade se transforma em uma for\u00e7a que gera resultados, com as a\u00e7\u00f5es dos l\u00edderes refletindo nas equipes e, consequentemente, elevando performance, colabora\u00e7\u00e3o e resultados.<\/p>\n\n\n\n<p>Muito mais do que teoria, o conceito exige atitude para se transformar em realidade. Por isso, o Accountability Summit 2026 busca oferecer uma experi\u00eancia premium intensa, estrat\u00e9gica e inspiradora. Nesse contexto, os participantes selecionados por Jo\u00e3o Cordeiro v\u00e3o trazer para o centro dos debates experi\u00eancias e conhecimentos aprofundados sobre diferentes temas conectados.<\/p>\n\n\n\n<p>Profissional atualizada em tend\u00eancias globais, <a href=\"https:\/\/www.linkedin.com\/in\/especialistalinkedin\/\">Carolina Dostal<\/a> abordar\u00e1 a rela\u00e7\u00e3o entre intelig\u00eancia artificial e accountability, em um painel que contar\u00e1 tamb\u00e9m com a participa\u00e7\u00e3o de F\u00e1bio Scabeni.<\/p>\n\n\n\n<p>Em sua jornada profissional, a especialista em LinkedIn sabe exatamente a import\u00e2ncia de assumir desafios, responsabilizar-se e sair da zona de conforto para a conquista de resultados realmente expressivos.<\/p>\n\n\n\n<p>Para os l\u00edderes, esse processo evolutivo passa tanto pela inova\u00e7\u00e3o quanto pela correta exposi\u00e7\u00e3o da imagem, com a constru\u00e7\u00e3o de uma presen\u00e7a digital estrat\u00e9gica. Tento a IA como ferramenta para agilizar e qualificar os processos, a responsabilidade est\u00e1 exatamente em explorar as novas tecnologias em conjunto com a \u00e9tica e a evolu\u00e7\u00e3o moral permanente.<\/p>\n\n\n\n<p>A combina\u00e7\u00e3o de escolhas e atitudes para superar desafios, ali\u00e1s, est\u00e1 presente em diferentes contextos e realidades. Ao traduzir coragem e responsabilidade em conquistas, a navegadora Tamara Klink \u00e9 o reflexo de uma pessoa accountable. O mesmo ocorre com Gabriel O Pensador, com sua poesia e vis\u00e3o filos\u00f3fica, assim como os demais conhecimentos que ser\u00e3o explorados durante o evento presencial em S\u00e3o Paulo.<\/p>\n\n\n\n<p>Em meio \u00e0s viv\u00eancias que estimulam reflex\u00e3o e atitude, os participantes desta experi\u00eancia premium idealizada por Jo\u00e3o Cordeiro ter\u00e3o a oportunidade de fazer conex\u00f5es valiosas com outros l\u00edderes durante o Accountability Summit 2026. Para acompanhar todas as novidades sobre o evento, acesse <a href=\"https:\/\/accountabilitysummit.com.br\">https:\/\/accountabilitysummit.com.br<\/a>.<\/p>\n\n\n\n<p><strong>Servi\u00e7o<\/strong><\/p>\n\n\n\n<p>Evento: Accountability Summit 2026<br>Data: 27 de maio de 2026<br>Local: Hotel JW Marriott<br>Endere\u00e7o: Avenida das Na\u00e7\u00f5es Unidas, 14401, Ch\u00e1cara Santo Ant\u00f4nio, S\u00e3o Paulo.<br>Organiza\u00e7\u00e3o: Jo\u00e3o Cordeiro Consultoria<br>Ingresso: <a href=\"https:\/\/www.sympla.com.br\/evento\/accountability-summit\/3292309?d=Accountable_Oficial&amp;referrer=accountabilitysummit.com.br&amp;referrer=accountabilitysummit.com.br\">Sympla<\/a><br>Site: <a href=\"https:\/\/accountabilitysummit.com.br\">https:\/\/accountabilitysummit.com.br<\/a><\/p>\n","protected":false},"excerpt":{"rendered":"Evento em S\u00e3o Paulo re\u00fane Carolina Dostal, Gabriel O Pensador e l\u00edderes para debater accountability, IA e protagonismo em 2026.","protected":false},"author":16,"featured_media":0,"comment_status":"open","ping_status":"closed","sticky":false,"template":"","format":"standard","meta":{"_acf_changed":false,"inline_featured_image":false,"_monsterinsights_skip_tracking":false,"_monsterinsights_sitenote_active":false,"_monsterinsights_sitenote_note":"","_monsterinsights_sitenote_category":0,"footnotes":""},"categories":[132,34],"tags":[],"class_list":["post-126379","post","type-post","status-publish","format-standard","hentry","category-releases","category-releases-geral"],"acf":[],"_links":{"self":[{"href":"https:\/\/bluestudio.estadao.com.br\/agencia-de-comunicacao\/wp-json\/wp\/v2\/posts\/126379","targetHints":{"allow":["GET"]}}],"collection":[{"href":"https:\/\/bluestudio.estadao.com.br\/agencia-de-comunicacao\/wp-json\/wp\/v2\/posts"}],"about":[{"href":"https:\/\/bluestudio.estadao.com.br\/agencia-de-comunicacao\/wp-json\/wp\/v2\/types\/post"}],"author":[{"embeddable":true,"href":"https:\/\/bluestudio.estadao.com.br\/agencia-de-comunicacao\/wp-json\/wp\/v2\/users\/16"}],"replies":[{"embeddable":true,"href":"https:\/\/bluestudio.estadao.com.br\/agencia-de-comunicacao\/wp-json\/wp\/v2\/comments?post=126379"}],"version-history":[{"count":1,"href":"https:\/\/bluestudio.estadao.com.br\/agencia-de-comunicacao\/wp-json\/wp\/v2\/posts\/126379\/revisions"}],"predecessor-version":[{"id":126381,"href":"https:\/\/bluestudio.estadao.com.br\/agencia-de-comunicacao\/wp-json\/wp\/v2\/posts\/126379\/revisions\/126381"}],"wp:attachment":[{"href":"https:\/\/bluestudio.estadao.com.br\/agencia-de-comunicacao\/wp-json\/wp\/v2\/media?parent=126379"}],"wp:term":[{"taxonomy":"category","embeddable":true,"href":"https:\/\/bluestudio.estadao.com.br\/agencia-de-comunicacao\/wp-json\/wp\/v2\/categories?post=126379"},{"taxonomy":"post_tag","embeddable":true,"href":"https:\/\/bluestudio.estadao.com.br\/agencia-de-comunicacao\/wp-json\/wp\/v2\/tags?post=126379"}],"curies":[{"name":"wp","href":"https:\/\/api.w.org\/{rel}","templated":true}]}}