{"id":126371,"date":"2026-03-24T15:40:00","date_gmt":"2026-03-24T18:40:00","guid":{"rendered":"https:\/\/bluestudio.estadao.com.br\/agencia-de-comunicacao\/saftec-digital\/tecnologia-na-educacao-em-2026-analise-da-sigma-educacao-sobre-a-transformacao-da-sala-de-aula\/"},"modified":"2026-03-24T15:40:00","modified_gmt":"2026-03-24T18:40:00","slug":"tecnologia-na-educacao-em-2026-analise-da-sigma-educacao-sobre-a-transformacao-da-sala-de-aula","status":"publish","type":"post","link":"https:\/\/bluestudio.estadao.com.br\/agencia-de-comunicacao\/saftec-digital\/tecnologia-na-educacao-em-2026-analise-da-sigma-educacao-sobre-a-transformacao-da-sala-de-aula\/","title":{"rendered":"Tecnologia na educa\u00e7\u00e3o em 2026: An\u00e1lise da Sigma Educa\u00e7\u00e3o sobre a transforma\u00e7\u00e3o da sala de aula"},"content":{"rendered":"<p><b>Integra\u00e7\u00e3o entre intelig\u00eancia artificial, realidade imersiva e an\u00e1lise de dados redefine pr\u00e1ticas pedag\u00f3gicas e gest\u00e3o da aprendizagem.<\/b><\/p>\n<p>Conforme destaca a Sigma Educa\u00e7\u00e3o, a presen\u00e7a da tecnologia na educa\u00e7\u00e3o alcan\u00e7ou um novo n\u00edvel de integra\u00e7\u00e3o em 2026. As ferramentas digitais deixaram de ser apenas recursos complementares e passaram a desempenhar um papel estrat\u00e9gico na organiza\u00e7\u00e3o do processo de ensino e aprendizagem. Nesse contexto, a discuss\u00e3o sobre como a tecnologia est\u00e1 transformando a sala de aula vai muito al\u00e9m do uso de dispositivos ou plataformas educacionais. <\/p>\n<p>Trata-se de uma mudan\u00e7a estrutural na forma como alunos, professores e conte\u00fados se conectam. Quer entender melhor como essas mudan\u00e7as est\u00e3o impactando escolas e professores na pr\u00e1tica? Continue a leitura e descubra as principais tend\u00eancias da tecnologia na educa\u00e7\u00e3o e como elas est\u00e3o redefinindo o futuro do ensino.<\/p>\n<p><b>Tecnologias que definem o ensino contempor\u00e2neo<\/b><\/p>\n<p>Entre os principais vetores de mudan\u00e7a na educa\u00e7\u00e3o est\u00e3o sistemas baseados em Intelig\u00eancia Artificial e ambientes de aprendizagem imersivos. Essas ferramentas permitem adaptar conte\u00fados ao ritmo individual dos estudantes. De acordo com a Sigma Educa\u00e7\u00e3o, plataformas com tutores inteligentes analisam o desempenho do aluno em tempo real. <\/p>\n<p>A partir dessas informa\u00e7\u00f5es, o sistema ajusta atividades e identifica lacunas de conhecimento. Outra tend\u00eancia \u00e9 a utiliza\u00e7\u00e3o de ambientes de Realidade Estendida, que combinam realidade virtual e aumentada. Esses recursos permitem simular experi\u00eancias complexas, como experimentos cient\u00edficos ou visualiza\u00e7\u00f5es tridimensionais de estruturas biol\u00f3gicas.<\/p>\n<p><b>An\u00e1lise de dados e gest\u00e3o da aprendizagem<\/b><\/p>\n<p>O uso de tecnologia na educa\u00e7\u00e3o tamb\u00e9m ampliou a capacidade de monitorar o processo de aprendizagem. Sistemas digitais registram intera\u00e7\u00f5es, tempo de estudo e desempenho em diferentes atividades. Segundo a Sigma Educa\u00e7\u00e3o, a aplica\u00e7\u00e3o de Learning Analytics permite transformar esses dados em indicadores pedag\u00f3gicos. <\/p>\n<p>Coordenadores e professores passam a acompanhar n\u00e3o apenas notas, mas tamb\u00e9m n\u00edveis de engajamento e padr\u00f5es de comportamento acad\u00eamico. Portanto, esse modelo favorece interven\u00e7\u00f5es mais r\u00e1pidas e direcionadas. Ao identificar sinais de dificuldade precocemente, escolas conseguem ajustar estrat\u00e9gias antes que problemas de aprendizagem se agravem.<\/p>\n<p><b>\u00c9tica digital e seguran\u00e7a de dados<\/b><\/p>\n<p>A amplia\u00e7\u00e3o do uso de tecnologia na educa\u00e7\u00e3o tamb\u00e9m trouxe preocupa\u00e7\u00f5es relacionadas \u00e0 privacidade e \u00e0 transpar\u00eancia dos sistemas digitais. O armazenamento e a an\u00e1lise de dados educacionais exigem protocolos claros de seguran\u00e7a. A Sigma Educa\u00e7\u00e3o ressalta que escolas t\u00eam investido em pol\u00edticas de prote\u00e7\u00e3o de dados e programas de letramento digital. <\/p>\n<p>O objetivo \u00e9 preparar estudantes e gestores para lidar com ambientes digitais complexos. Outro ponto discutido \u00e9 a transpar\u00eancia dos algoritmos utilizados em plataformas educacionais. A avalia\u00e7\u00e3o automatizada precisa garantir crit\u00e9rios claros e evitar vieses que possam comprometer a equidade no ensino.<\/p>\n<p><b>O equil\u00edbrio entre tecnologia e media\u00e7\u00e3o humana<\/b><\/p>\n<p>Apesar da expans\u00e3o das ferramentas digitais, especialistas ressaltam que o papel do professor continua central no processo educativo. A tecnologia tende a assumir tarefas repetitivas e operacionais, enquanto o educador se dedica \u00e0 media\u00e7\u00e3o pedag\u00f3gica. Na avalia\u00e7\u00e3o da Sigma Educa\u00e7\u00e3o, o uso estrat\u00e9gico de recursos digitais permite que professores concentrem esfor\u00e7os no desenvolvimento do pensamento cr\u00edtico e na orienta\u00e7\u00e3o individual dos alunos.<\/p>\n<p>Dessa forma, a transforma\u00e7\u00e3o da sala de aula em 2026 indica uma mudan\u00e7a estrutural na forma como o conhecimento \u00e9 produzido e compartilhado. O ambiente educacional torna-se cada vez mais orientado por dados e experi\u00eancias imersivas. Para a Sigma Educa\u00e7\u00e3o, o desafio das institui\u00e7\u00f5es passa a ser manter atualiza\u00e7\u00e3o constante das metodologias e garantir uso respons\u00e1vel das tecnologias dispon\u00edveis. <\/p>\n<p>A <b>OESP<\/b> n\u00e3o \u00e9(s\u00e3o) respons\u00e1vel(is) por erros, incorre\u00e7\u00f5es, atrasos ou quaisquer decis\u00f5es tomadas por seus clientes com base nos Conte\u00fados ora disponibilizados, bem como tais Conte\u00fados n\u00e3o representam a opini\u00e3o da <b>OESP<\/b> e s\u00e3o de inteira responsabilidade da <b>Ag\u00eancia Saftec<\/b><\/p>\n","protected":false},"excerpt":{"rendered":"Integra\u00e7\u00e3o entre intelig\u00eancia artificial, realidade imersiva e an\u00e1lise de dados redefine pr\u00e1ticas pedag\u00f3gicas e gest\u00e3o da aprendizagem. Conforme destaca a Sigma Educa\u00e7\u00e3o, a presen\u00e7a da","protected":false},"author":1,"featured_media":126372,"comment_status":"open","ping_status":"closed","sticky":false,"template":"","format":"standard","meta":{"_acf_changed":false,"inline_featured_image":false,"_monsterinsights_skip_tracking":false,"_monsterinsights_sitenote_active":false,"_monsterinsights_sitenote_note":"","_monsterinsights_sitenote_category":0,"footnotes":""},"categories":[525],"tags":[],"class_list":["post-126371","post","type-post","status-publish","format-standard","has-post-thumbnail","hentry","category-saftec-digital"],"acf":[],"_links":{"self":[{"href":"https:\/\/bluestudio.estadao.com.br\/agencia-de-comunicacao\/wp-json\/wp\/v2\/posts\/126371","targetHints":{"allow":["GET"]}}],"collection":[{"href":"https:\/\/bluestudio.estadao.com.br\/agencia-de-comunicacao\/wp-json\/wp\/v2\/posts"}],"about":[{"href":"https:\/\/bluestudio.estadao.com.br\/agencia-de-comunicacao\/wp-json\/wp\/v2\/types\/post"}],"author":[{"embeddable":true,"href":"https:\/\/bluestudio.estadao.com.br\/agencia-de-comunicacao\/wp-json\/wp\/v2\/users\/1"}],"replies":[{"embeddable":true,"href":"https:\/\/bluestudio.estadao.com.br\/agencia-de-comunicacao\/wp-json\/wp\/v2\/comments?post=126371"}],"version-history":[{"count":0,"href":"https:\/\/bluestudio.estadao.com.br\/agencia-de-comunicacao\/wp-json\/wp\/v2\/posts\/126371\/revisions"}],"wp:featuredmedia":[{"embeddable":true,"href":"https:\/\/bluestudio.estadao.com.br\/agencia-de-comunicacao\/wp-json\/wp\/v2\/media\/126372"}],"wp:attachment":[{"href":"https:\/\/bluestudio.estadao.com.br\/agencia-de-comunicacao\/wp-json\/wp\/v2\/media?parent=126371"}],"wp:term":[{"taxonomy":"category","embeddable":true,"href":"https:\/\/bluestudio.estadao.com.br\/agencia-de-comunicacao\/wp-json\/wp\/v2\/categories?post=126371"},{"taxonomy":"post_tag","embeddable":true,"href":"https:\/\/bluestudio.estadao.com.br\/agencia-de-comunicacao\/wp-json\/wp\/v2\/tags?post=126371"}],"curies":[{"name":"wp","href":"https:\/\/api.w.org\/{rel}","templated":true}]}}