{"id":126369,"date":"2026-03-24T15:45:00","date_gmt":"2026-03-24T18:45:00","guid":{"rendered":"https:\/\/bluestudio.estadao.com.br\/agencia-de-comunicacao\/saftec-digital\/digitalizacao-e-cultura-organizacional-o-desafio-humano-nas-instituicoes-brasileiras-segundo-a-nexdata-tecnologia-ltda\/"},"modified":"2026-03-24T15:45:00","modified_gmt":"2026-03-24T18:45:00","slug":"digitalizacao-e-cultura-organizacional-o-desafio-humano-nas-instituicoes-brasileiras-segundo-a-nexdata-tecnologia-ltda","status":"publish","type":"post","link":"https:\/\/bluestudio.estadao.com.br\/agencia-de-comunicacao\/saftec-digital\/digitalizacao-e-cultura-organizacional-o-desafio-humano-nas-instituicoes-brasileiras-segundo-a-nexdata-tecnologia-ltda\/","title":{"rendered":"Digitaliza\u00e7\u00e3o e cultura organizacional: O desafio humano nas institui\u00e7\u00f5es brasileiras, segundo a Nexdata Tecnologia Ltda"},"content":{"rendered":"<p><b>De acordo com a Nexdata Tecnologia Ltda, a moderniza\u00e7\u00e3o tecnol\u00f3gica avan\u00e7a no setor p\u00fablico e privado, mas a adapta\u00e7\u00e3o cultural ainda \u00e9 o principal fator que determina o sucesso ou fracasso de projetos digitais.<\/b><\/p>\n<p>\nA transforma\u00e7\u00e3o digital imp\u00f5e mudan\u00e7as profundas nas rotinas institucionais. A Nexdata Tecnologia Ltda atua nesse cen\u00e1rio ao desenvolver solu\u00e7\u00f5es voltadas \u00e0 gest\u00e3o e organiza\u00e7\u00e3o de informa\u00e7\u00f5es em ambientes regulados. No entanto, a cultura organizacional continua sendo o elemento mais sens\u00edvel quando se trata de digitaliza\u00e7\u00e3o e cultura organizacional: o desafio humano.<\/p>\n<p><b>Por que a digitaliza\u00e7\u00e3o exige mudan\u00e7as al\u00e9m da tecnologia?<\/b><\/p>\n<p>\nA digitaliza\u00e7\u00e3o altera os fluxos de trabalho e redefine responsabilidades. Documentos antes f\u00edsicos passam a circular em ambientes digitais com registro autom\u00e1tico de etapas. Isso aumenta a transpar\u00eancia, mas tamb\u00e9m amplia a percep\u00e7\u00e3o de controle.<\/p>\n<p>\nServidores p\u00fablicos e colaboradores privados podem interpretar sistemas de auditoria como instrumentos de fiscaliza\u00e7\u00e3o individual. Sem comunica\u00e7\u00e3o adequada, a inova\u00e7\u00e3o gera inseguran\u00e7a. A cultura organizacional precisa incorporar a l\u00f3gica de rastreabilidade como instrumento de governan\u00e7a, n\u00e3o de puni\u00e7\u00e3o.<\/p>\n<p>\nA Nexdata Tecnologia Ltda desenvolve plataformas de GED, SIGAD e workflow que estruturam processos e criam trilhas de auditoria. Entretanto, a efic\u00e1cia dessas ferramentas depende de treinamento e gest\u00e3o da mudan\u00e7a. O alinhamento institucional \u00e9 t\u00e3o relevante quanto a arquitetura tecnol\u00f3gica.<\/p>\n<p><b>Como as pol\u00edticas p\u00fablicas influenciam a transforma\u00e7\u00e3o cultural?<\/b><\/p>\n<p>\nNo setor p\u00fablico, programas de transforma\u00e7\u00e3o digital buscam ampliar a transpar\u00eancia e efici\u00eancia. Protocolos eletr\u00f4nicos e gest\u00e3o documental estruturada reduzem tempo de resposta ao cidad\u00e3o. Contudo, a implementa\u00e7\u00e3o requer revis\u00e3o de normas internas e capacita\u00e7\u00e3o cont\u00ednua.<\/p>\n<p>\nA legisla\u00e7\u00e3o brasileira estimula a digitaliza\u00e7\u00e3o, mas tamb\u00e9m exige guarda legal e conformidade arquiv\u00edstica. Planos de classifica\u00e7\u00e3o e tabelas de temporalidade precisam ser respeitados. A mudan\u00e7a cultural envolve compreender essas regras como parte do sistema, e n\u00e3o como mera formalidade.<\/p>\n<p>\nA Nexdata Tecnologia Ltda integra requisitos de seguran\u00e7a, assinatura digital e segrega\u00e7\u00e3o de acesso \u00e0s suas solu\u00e7\u00f5es. Ao alinhar tecnologia \u00e0s normas nacionais, contribui para consolidar pr\u00e1ticas institucionais mais consistentes. Ainda assim, a internaliza\u00e7\u00e3o dessas pr\u00e1ticas depende de lideran\u00e7a e engajamento.<\/p>\n<p><b>De que forma a lideran\u00e7a pode reduzir resist\u00eancias internas?<\/b><\/p>\n<p>\nTransforma\u00e7\u00f5es estruturais exigem comunica\u00e7\u00e3o clara e objetivos definidos. Quando gestores explicam os benef\u00edcios da digitaliza\u00e7\u00e3o, o processo tende a ser mais bem aceito. A percep\u00e7\u00e3o de utilidade reduz resist\u00eancias.<\/p>\n<p>\nA Nexdata Tecnologia Ltda atua tamb\u00e9m com suporte e treinamentos, reconhecendo que a ado\u00e7\u00e3o sustent\u00e1vel depende de acompanhamento cont\u00ednuo. A combina\u00e7\u00e3o entre tecnologia e forma\u00e7\u00e3o cria ambiente mais prop\u00edcio \u00e0 adapta\u00e7\u00e3o cultural. Assim, a cultura deixa de ser barreira e passa a ser aliada estrat\u00e9gica.<\/p>\n<p>A <b>OESP<\/b> n\u00e3o \u00e9(s\u00e3o) respons\u00e1vel(is) por erros, incorre\u00e7\u00f5es, atrasos ou quaisquer decis\u00f5es tomadas por seus clientes com base nos Conte\u00fados ora disponibilizados, bem como tais Conte\u00fados n\u00e3o representam a opini\u00e3o da <b>OESP<\/b> e s\u00e3o de inteira responsabilidade da <b>Ag\u00eancia Saftec<\/b><\/p>\n","protected":false},"excerpt":{"rendered":"De acordo com a Nexdata Tecnologia Ltda, a moderniza\u00e7\u00e3o tecnol\u00f3gica avan\u00e7a no setor p\u00fablico e privado, mas a adapta\u00e7\u00e3o cultural ainda \u00e9 o principal fator que determina o sucesso ou fracasso de","protected":false},"author":1,"featured_media":126370,"comment_status":"open","ping_status":"closed","sticky":false,"template":"","format":"standard","meta":{"_acf_changed":false,"inline_featured_image":false,"_monsterinsights_skip_tracking":false,"_monsterinsights_sitenote_active":false,"_monsterinsights_sitenote_note":"","_monsterinsights_sitenote_category":0,"footnotes":""},"categories":[525],"tags":[],"class_list":["post-126369","post","type-post","status-publish","format-standard","has-post-thumbnail","hentry","category-saftec-digital"],"acf":[],"_links":{"self":[{"href":"https:\/\/bluestudio.estadao.com.br\/agencia-de-comunicacao\/wp-json\/wp\/v2\/posts\/126369","targetHints":{"allow":["GET"]}}],"collection":[{"href":"https:\/\/bluestudio.estadao.com.br\/agencia-de-comunicacao\/wp-json\/wp\/v2\/posts"}],"about":[{"href":"https:\/\/bluestudio.estadao.com.br\/agencia-de-comunicacao\/wp-json\/wp\/v2\/types\/post"}],"author":[{"embeddable":true,"href":"https:\/\/bluestudio.estadao.com.br\/agencia-de-comunicacao\/wp-json\/wp\/v2\/users\/1"}],"replies":[{"embeddable":true,"href":"https:\/\/bluestudio.estadao.com.br\/agencia-de-comunicacao\/wp-json\/wp\/v2\/comments?post=126369"}],"version-history":[{"count":0,"href":"https:\/\/bluestudio.estadao.com.br\/agencia-de-comunicacao\/wp-json\/wp\/v2\/posts\/126369\/revisions"}],"wp:featuredmedia":[{"embeddable":true,"href":"https:\/\/bluestudio.estadao.com.br\/agencia-de-comunicacao\/wp-json\/wp\/v2\/media\/126370"}],"wp:attachment":[{"href":"https:\/\/bluestudio.estadao.com.br\/agencia-de-comunicacao\/wp-json\/wp\/v2\/media?parent=126369"}],"wp:term":[{"taxonomy":"category","embeddable":true,"href":"https:\/\/bluestudio.estadao.com.br\/agencia-de-comunicacao\/wp-json\/wp\/v2\/categories?post=126369"},{"taxonomy":"post_tag","embeddable":true,"href":"https:\/\/bluestudio.estadao.com.br\/agencia-de-comunicacao\/wp-json\/wp\/v2\/tags?post=126369"}],"curies":[{"name":"wp","href":"https:\/\/api.w.org\/{rel}","templated":true}]}}