{"id":126295,"date":"2026-03-23T14:35:00","date_gmt":"2026-03-23T17:35:00","guid":{"rendered":"https:\/\/bluestudio.estadao.com.br\/agencia-de-comunicacao\/markable-comunicacao-homework\/depilacao-a-laser-em-pele-negra-o-que-voce-precisa-saber-antes-de-comecar\/"},"modified":"2026-03-24T09:27:02","modified_gmt":"2026-03-24T12:27:02","slug":"depilacao-a-laser-em-pele-negra-o-que-voce-precisa-saber-antes-de-comecar","status":"publish","type":"post","link":"https:\/\/bluestudio.estadao.com.br\/agencia-de-comunicacao\/markable-comunicacao-homework\/depilacao-a-laser-em-pele-negra-o-que-voce-precisa-saber-antes-de-comecar\/","title":{"rendered":"Depila\u00e7\u00e3o a laser em pele negra: o que voc\u00ea precisa saber antes de come\u00e7ar"},"content":{"rendered":"<p><i>Especialista explica como identificar o fototipo, escolher a tecnologia adequada e adotar cuidados<\/i><\/p>\n<p>Hoje o laser \u00e9 cada vez mais procurado para diferentes regi\u00f5es do corpo, impulsionado pela otimiza\u00e7\u00e3o do tempo na rotina e por deixar para tr\u00e1s o uso de <a href=\"https:\/\/bluestudio.estadao.com.br\/agencia-de-comunicacao\/markable-comunicacao\/pelos-encravados-e-foliculite-por-que-a-lamina-pode-agravar-o-quadro\/\" target=\"_blank\" rel=\"noopener\"><u>l\u00e2minas e ceras<\/u><\/a>, m\u00e9todos que costumam causar desconforto, irrita\u00e7\u00e3o e sensibilidade na pele. Esse movimento reflete a busca por solu\u00e7\u00f5es mais pr\u00e1ticas e duradouras e ajuda a explicar o crescimento do setor: de acordo com a Global Market Insights, em relat\u00f3rio divulgado em 2024, o mercado de depila\u00e7\u00e3o a laser deve crescer a uma taxa anual de 18,4% at\u00e9 2032. Apesar da populariza\u00e7\u00e3o do procedimento, ainda circulam nas redes sociais mitos de que o tratamento \u201csempre d\u00f3i\u201d ou \u201csempre queima\u201d em pele negra, o que gera receio e desinforma\u00e7\u00e3o.<\/p>\n<p>Segundo a coordenadora respons\u00e1vel t\u00e9cnica T\u00e1lona Nayla de Marco, da <a href=\"https:\/\/lypedepyl.com.br\/\" target=\"_blank\" rel=\"noopener\"><u>LypeDepyl,<\/u><\/a> rede refer\u00eancia em depila\u00e7\u00e3o a laser e pioneira na despigmenta\u00e7\u00e3o de tatuagens e sobrancelhas, o primeiro passo para garantir um tratamento seguro \u00e9 a avalia\u00e7\u00e3o individual. \u201cAntes de qualquer sess\u00e3o, \u00e9 fundamental identificar o fototipo de pele, uma classifica\u00e7\u00e3o que considera o tom da pele e a forma como ela reage ao sol\u201d, explica.<\/p>\n<p>De forma simples, os fototipos variam do I (mais claras) ao VI (mais escuras). As peles negras costumam se enquadrar entre os fototipos IV, V e VI, que apresentam maior concentra\u00e7\u00e3o de melanina. \u201cIsso n\u00e3o impede o uso do laser, mas exige ajustes espec\u00edficos no tipo de equipamento, na intensidade e nos intervalos das sess\u00f5es para reduzir o risco de escurecimentos e sensibiliza\u00e7\u00f5es\u201d, orienta a especialista.<\/p>\n<h2><b>Por que o fototipo influencia no resultado?<\/b><\/h2>\n<p>A melanina, pigmento respons\u00e1vel pela colora\u00e7\u00e3o da pele, tamb\u00e9m absorve parte da energia emitida pelo laser. Na pr\u00e1tica, par\u00e2metros inadequados podem estimular a pele em excesso, aumentando o risco de hiperpigmenta\u00e7\u00e3o p\u00f3s-inflamat\u00f3ria. \u201cQuando o fototipo \u00e9 respeitado, o laser atua com mais precis\u00e3o no pelo, preservando a pele ao redor\u201d, explica T\u00e1lona. Para quem passa pelo tratamento, isso se traduz em mais seguran\u00e7a e melhores resultados ao longo do processo.<\/p>\n<p>Nem todo equipamento \u00e9 indicado para todos os tons de pele. Em peles negras, tecnologias que concentram a a\u00e7\u00e3o no fol\u00edculo piloso e apresentam menor dispers\u00e3o de calor na superf\u00edcie cut\u00e2nea oferecem mais seguran\u00e7a. \u201cO objetivo \u00e9 tratar o pelo sem estimular excessivamente a melanina, diminuindo o risco de queimaduras ou altera\u00e7\u00f5es no tom\u201d, pontua a profissional. Para o paciente, isso representa mais conforto e menor chance de efeitos indesejados.<\/p>\n<h2><b>Aten\u00e7\u00f5es antes e depois<\/b><\/h2>\n<p>Algumas medidas simples impactam diretamente o resultado final. Antes das aplica\u00e7\u00f5es, \u00e9 recomendado evitar exposi\u00e7\u00e3o solar, suspender o uso de produtos irritantes e manter a \u00e1rea tratada saud\u00e1vel. Ap\u00f3s o procedimento, manter a regi\u00e3o bem hidratada \u00e9 importante, j\u00e1 que a hidrata\u00e7\u00e3o fortalece a barreira cut\u00e2nea, reduz a sensibilidade e favorece uma recupera\u00e7\u00e3o mais r\u00e1pida. O uso de produtos calmantes tamb\u00e9m ajuda a prevenir escurecimentos. \u201cEssas orienta\u00e7\u00f5es reduzem o risco de desconfortos ap\u00f3s o tratamento\u201d, conclui.<\/p>\n<p>A <b>OESP<\/b> n\u00e3o \u00e9(s\u00e3o) respons\u00e1vel(is) por erros, incorre\u00e7\u00f5es, atrasos ou quaisquer decis\u00f5es tomadas por seus clientes com base nos Conte\u00fados ora disponibilizados, bem como tais Conte\u00fados n\u00e3o representam a opini\u00e3o da <b>OESP<\/b> e s\u00e3o de inteira responsabilidade da <b>Markable Comunica\u00e7\u00e3o | Homework<\/b><\/p>\n","protected":false},"excerpt":{"rendered":"Especialista explica como identificar o fototipo, escolher a tecnologia adequada e adotar cuidados Hoje o laser \u00e9 cada vez mais procurado para diferentes regi\u00f5es do corpo, impulsionado pela","protected":false},"author":1,"featured_media":126296,"comment_status":"open","ping_status":"closed","sticky":false,"template":"","format":"standard","meta":{"_acf_changed":false,"inline_featured_image":false,"_monsterinsights_skip_tracking":false,"_monsterinsights_sitenote_active":false,"_monsterinsights_sitenote_note":"","_monsterinsights_sitenote_category":0,"footnotes":""},"categories":[552],"tags":[],"class_list":["post-126295","post","type-post","status-publish","format-standard","has-post-thumbnail","hentry","category-markable-comunicacao-homework"],"acf":[],"_links":{"self":[{"href":"https:\/\/bluestudio.estadao.com.br\/agencia-de-comunicacao\/wp-json\/wp\/v2\/posts\/126295","targetHints":{"allow":["GET"]}}],"collection":[{"href":"https:\/\/bluestudio.estadao.com.br\/agencia-de-comunicacao\/wp-json\/wp\/v2\/posts"}],"about":[{"href":"https:\/\/bluestudio.estadao.com.br\/agencia-de-comunicacao\/wp-json\/wp\/v2\/types\/post"}],"author":[{"embeddable":true,"href":"https:\/\/bluestudio.estadao.com.br\/agencia-de-comunicacao\/wp-json\/wp\/v2\/users\/1"}],"replies":[{"embeddable":true,"href":"https:\/\/bluestudio.estadao.com.br\/agencia-de-comunicacao\/wp-json\/wp\/v2\/comments?post=126295"}],"version-history":[{"count":1,"href":"https:\/\/bluestudio.estadao.com.br\/agencia-de-comunicacao\/wp-json\/wp\/v2\/posts\/126295\/revisions"}],"predecessor-version":[{"id":126322,"href":"https:\/\/bluestudio.estadao.com.br\/agencia-de-comunicacao\/wp-json\/wp\/v2\/posts\/126295\/revisions\/126322"}],"wp:featuredmedia":[{"embeddable":true,"href":"https:\/\/bluestudio.estadao.com.br\/agencia-de-comunicacao\/wp-json\/wp\/v2\/media\/126296"}],"wp:attachment":[{"href":"https:\/\/bluestudio.estadao.com.br\/agencia-de-comunicacao\/wp-json\/wp\/v2\/media?parent=126295"}],"wp:term":[{"taxonomy":"category","embeddable":true,"href":"https:\/\/bluestudio.estadao.com.br\/agencia-de-comunicacao\/wp-json\/wp\/v2\/categories?post=126295"},{"taxonomy":"post_tag","embeddable":true,"href":"https:\/\/bluestudio.estadao.com.br\/agencia-de-comunicacao\/wp-json\/wp\/v2\/tags?post=126295"}],"curies":[{"name":"wp","href":"https:\/\/api.w.org\/{rel}","templated":true}]}}