{"id":126242,"date":"2026-03-23T08:45:00","date_gmt":"2026-03-23T11:45:00","guid":{"rendered":"https:\/\/bluestudio.estadao.com.br\/agencia-de-comunicacao\/saftec-digital\/tecnologia-e-inteligencia-artificial-ampliam-investimentos-e-redefinem-estrategias-empresariais-aponta-jean-pierre-lessa-e-santos-ferreira\/"},"modified":"2026-03-23T08:45:00","modified_gmt":"2026-03-23T11:45:00","slug":"tecnologia-e-inteligencia-artificial-ampliam-investimentos-e-redefinem-estrategias-empresariais-aponta-jean-pierre-lessa-e-santos-ferreira","status":"publish","type":"post","link":"https:\/\/bluestudio.estadao.com.br\/agencia-de-comunicacao\/saftec-digital\/tecnologia-e-inteligencia-artificial-ampliam-investimentos-e-redefinem-estrategias-empresariais-aponta-jean-pierre-lessa-e-santos-ferreira\/","title":{"rendered":"Tecnologia e intelig\u00eancia artificial ampliam investimentos e redefinem estrat\u00e9gias empresariais, aponta Jean Pierre Lessa e Santos Ferreira"},"content":{"rendered":"<p><b>Avan\u00e7o da digitaliza\u00e7\u00e3o e da gest\u00e3o de projetos de tecnologia pressiona empresas por efici\u00eancia e acelera ado\u00e7\u00e3o de novos modelos operacionais.<\/b><\/p>\n<p>Para o diretor de tecnologia Jean Pierre Lessa e Santos Ferreira, a acelera\u00e7\u00e3o da transforma\u00e7\u00e3o digital tem ampliado o peso da tecnologia nas decis\u00f5es estrat\u00e9gicas das empresas. \u00c1reas como intelig\u00eancia artificial, desenvolvimento de software e gest\u00e3o de projetos ganham centralidade, com impacto direto sobre produtividade, custos e competitividade.<\/p>\n<p>Esse movimento ocorre em um contexto de maior press\u00e3o por efici\u00eancia e necessidade de adapta\u00e7\u00e3o a mercados mais din\u00e2micos. A incorpora\u00e7\u00e3o de solu\u00e7\u00f5es tecnol\u00f3gicas deixou de ser diferencial e passou a ser elemento estrutural para o crescimento sustent\u00e1vel das empresas.<\/p>\n<p><b>Intelig\u00eancia artificial impulsiona ganhos de efici\u00eancia<\/b><\/p>\n<p>A ado\u00e7\u00e3o de intelig\u00eancia artificial tem avan\u00e7ado em diferentes setores, com aplica\u00e7\u00f5es voltadas \u00e0 automa\u00e7\u00e3o de processos, an\u00e1lise de dados e tomada de decis\u00e3o. Esse uso contribui para redu\u00e7\u00e3o de custos operacionais e aumento de produtividade. Ao mesmo tempo, a implementa\u00e7\u00e3o dessas solu\u00e7\u00f5es exige investimentos relevantes e maior maturidade na gest\u00e3o de dados. <\/p>\n<p>Segundo Jean Pierre Lessa e Santos Ferreira, empresas que conseguem estruturar o uso da tecnologia de forma integrada tendem a capturar ganhos mais consistentes. Esse cen\u00e1rio tamb\u00e9m estimula a competi\u00e7\u00e3o por talentos especializados, o que pode pressionar custos no curto prazo.<\/p>\n<p><b>Desenvolvimento de software ganha papel estrat\u00e9gico<\/b><\/p>\n<p>O desenvolvimento de software passou a ocupar posi\u00e7\u00e3o central nas opera\u00e7\u00f5es empresariais, especialmente com a digitaliza\u00e7\u00e3o de servi\u00e7os e a expans\u00e3o de plataformas online. A demanda por solu\u00e7\u00f5es personalizadas e escal\u00e1veis tem impulsionado investimentos na \u00e1rea.<\/p>\n<p>Al\u00e9m disso, metodologias \u00e1geis e ciclos de desenvolvimento mais curtos alteram a din\u00e2mica dos projetos, exigindo maior alinhamento entre equipes t\u00e9cnicas e \u00e1reas de neg\u00f3cio. Para Jean Pierre Lessa e Santos Ferreira, a capacidade de entregar solu\u00e7\u00f5es com rapidez e qualidade se tornou fator decisivo para a competitividade.<\/p>\n<p><b>Gest\u00e3o de projetos de tecnologia exige maior rigor<\/b><\/p>\n<p>A complexidade dos projetos de tecnologia tem elevado a necessidade de pr\u00e1ticas mais estruturadas de gest\u00e3o. Controle de prazos, custos e riscos passa a ser determinante para o sucesso das iniciativas. Ao mesmo tempo, a integra\u00e7\u00e3o entre diferentes sistemas e \u00e1reas exige coordena\u00e7\u00e3o mais eficiente e uso intensivo de dados para monitoramento. <\/p>\n<p>Jean Pierre Lessa e Santos Ferreira enfatiza que falhas na gest\u00e3o de projetos podem comprometer n\u00e3o apenas resultados financeiros, mas tamb\u00e9m a continuidade das opera\u00e7\u00f5es. Esse cen\u00e1rio refor\u00e7a a import\u00e2ncia de governan\u00e7a e planejamento estrat\u00e9gico na \u00e1rea de tecnologia.<\/p>\n<p><b>Empresas ajustam estrat\u00e9gias diante da centralidade da tecnologia<\/b><\/p>\n<p>O avan\u00e7o da tecnologia e da intelig\u00eancia artificial tende a manter o setor em evid\u00eancia dentro da economia, com impacto direto sobre investimentos e estrutura organizacional das empresas. A digitaliza\u00e7\u00e3o amplia oportunidades, mas tamb\u00e9m imp\u00f5e desafios relacionados a custos, talentos e execu\u00e7\u00e3o. A tend\u00eancia \u00e9 de maior integra\u00e7\u00e3o entre tecnologia e estrat\u00e9gia de neg\u00f3cios, com decis\u00f5es cada vez mais orientadas por dados. Nesse ambiente, a capacidade de implementar solu\u00e7\u00f5es com efici\u00eancia e disciplina operacional ser\u00e1 determinante para a competitividade das empresas.<\/p>\n<p>A <b>OESP<\/b> n\u00e3o \u00e9(s\u00e3o) respons\u00e1vel(is) por erros, incorre\u00e7\u00f5es, atrasos ou quaisquer decis\u00f5es tomadas por seus clientes com base nos Conte\u00fados ora disponibilizados, bem como tais Conte\u00fados n\u00e3o representam a opini\u00e3o da <b>OESP<\/b> e s\u00e3o de inteira responsabilidade da <b>Ag\u00eancia Saftec<\/b><\/p>\n","protected":false},"excerpt":{"rendered":"Avan\u00e7o da digitaliza\u00e7\u00e3o e da gest\u00e3o de projetos de tecnologia pressiona empresas por efici\u00eancia e acelera ado\u00e7\u00e3o de novos modelos operacionais. Para o diretor de tecnologia Jean Pierre Lessa e","protected":false},"author":1,"featured_media":126243,"comment_status":"open","ping_status":"closed","sticky":false,"template":"","format":"standard","meta":{"_acf_changed":false,"inline_featured_image":false,"_monsterinsights_skip_tracking":false,"_monsterinsights_sitenote_active":false,"_monsterinsights_sitenote_note":"","_monsterinsights_sitenote_category":0,"footnotes":""},"categories":[525],"tags":[],"class_list":["post-126242","post","type-post","status-publish","format-standard","has-post-thumbnail","hentry","category-saftec-digital"],"acf":[],"_links":{"self":[{"href":"https:\/\/bluestudio.estadao.com.br\/agencia-de-comunicacao\/wp-json\/wp\/v2\/posts\/126242","targetHints":{"allow":["GET"]}}],"collection":[{"href":"https:\/\/bluestudio.estadao.com.br\/agencia-de-comunicacao\/wp-json\/wp\/v2\/posts"}],"about":[{"href":"https:\/\/bluestudio.estadao.com.br\/agencia-de-comunicacao\/wp-json\/wp\/v2\/types\/post"}],"author":[{"embeddable":true,"href":"https:\/\/bluestudio.estadao.com.br\/agencia-de-comunicacao\/wp-json\/wp\/v2\/users\/1"}],"replies":[{"embeddable":true,"href":"https:\/\/bluestudio.estadao.com.br\/agencia-de-comunicacao\/wp-json\/wp\/v2\/comments?post=126242"}],"version-history":[{"count":0,"href":"https:\/\/bluestudio.estadao.com.br\/agencia-de-comunicacao\/wp-json\/wp\/v2\/posts\/126242\/revisions"}],"wp:featuredmedia":[{"embeddable":true,"href":"https:\/\/bluestudio.estadao.com.br\/agencia-de-comunicacao\/wp-json\/wp\/v2\/media\/126243"}],"wp:attachment":[{"href":"https:\/\/bluestudio.estadao.com.br\/agencia-de-comunicacao\/wp-json\/wp\/v2\/media?parent=126242"}],"wp:term":[{"taxonomy":"category","embeddable":true,"href":"https:\/\/bluestudio.estadao.com.br\/agencia-de-comunicacao\/wp-json\/wp\/v2\/categories?post=126242"},{"taxonomy":"post_tag","embeddable":true,"href":"https:\/\/bluestudio.estadao.com.br\/agencia-de-comunicacao\/wp-json\/wp\/v2\/tags?post=126242"}],"curies":[{"name":"wp","href":"https:\/\/api.w.org\/{rel}","templated":true}]}}