{"id":126053,"date":"2026-03-19T12:27:00","date_gmt":"2026-03-19T15:27:00","guid":{"rendered":"https:\/\/bluestudio.estadao.com.br\/agencia-de-comunicacao\/prnewswire\/projeto-de-fabio-teruel-propoe-cassacao-para-politicos-que-incentivarem-crueldade-contra-animais\/"},"modified":"2026-03-19T12:27:00","modified_gmt":"2026-03-19T15:27:00","slug":"projeto-de-fabio-teruel-propoe-cassacao-para-politicos-que-incentivarem-crueldade-contra-animais","status":"publish","type":"post","link":"https:\/\/bluestudio.estadao.com.br\/agencia-de-comunicacao\/prnewswire\/projeto-de-fabio-teruel-propoe-cassacao-para-politicos-que-incentivarem-crueldade-contra-animais\/","title":{"rendered":"Projeto de F\u00e1bio Teruel prop\u00f5e cassa\u00e7\u00e3o para pol\u00edticos que incentivarem crueldade contra animais"},"content":{"rendered":"\n<div class=\"xn-content\">\n<p id=\"temp_ReleaseStart\"><span class=\"legendSpanClass\">BRAS\u00cdLIA, Brasil<\/span>, <span class=\"legendSpanClass\">19 de mar\u00e7o de 2026<\/span> \/PRNewswire\/ &#8212; O deputado federal <b>F\u00e1bio Teruel (MDB-SP)<\/b> protocolou o <b>Projeto de Lei 1249\/2026<\/b> que estabelece a perda de mandato para pol\u00edticos que usarem o cargo para incentivar a viol\u00eancia e os maus-tratos contra animais. A medida endurece o cerco legal contra a impunidade, somando-se a marcos como a Lei de Crimes Ambientais e a Lei Sans\u00e3o.<\/p>\n<div class=\"PRN_ImbeddedAssetReference\" id=\"DivAssetPlaceHolder1\">\n<a href=\"https:\/\/mma.prnewswire.com\/media\/2937697\/Foto_PL_maus_tratos_perda_mandato_ok.html\" target=\"_blank\" rel=\"nofollow\">  <img decoding=\"async\" src=\"https:\/\/mma.prnewswire.com\/media\/2937697\/Foto_PL_maus_tratos_perda_mandato_ok.jpg\" title=\"divulga\u00e7\u00e3o\" alt=\"divulga\u00e7\u00e3o\" \/><\/a>\n <\/p>\n<\/p><\/div>\n<p><b>Mandato n\u00e3o \u00e9 licen\u00e7a para incentivar crime<\/b><\/p>\n<p class=\"prntal\">Pela proposta, passa a ser considerada <b>infra\u00e7\u00e3o pol\u00edtico-administrativa grav\u00edssima<\/b> a conduta de agente p\u00fablico que, no exerc\u00edcio do mandato, <b>estimule ou fa\u00e7a apologia de crimes<\/b> contra animais. A altera\u00e7\u00e3o da lei dos crimes de responsabilidade (Decreto-Lei 201\/1967) caracteriza a pr\u00e1tica como <b>quebra de decoro parlamentar<\/b> e abre caminho direto para a cassa\u00e7\u00e3o.<\/p>\n<p class=\"prntal\"><i>&#8220;Quem usa o cargo para incentivar crueldade contra seres indefesos n\u00e3o pode continuar representando o povo. Isso n\u00e3o \u00e9 uma quest\u00e3o de opini\u00e3o, \u00e9 crime. Quando essa incita\u00e7\u00e3o parte de um pol\u00edtico, o impacto \u00e9 ainda mais grave, porque ele, que deveria dar o exemplo, usa sua autoridade para influenciar negativamente outras pessoas&#8221;, <\/i>afirmou F\u00e1bio Teruel.<\/p>\n<p class=\"prntal\"><b>Representa\u00e7\u00e3o \u00e0 PGR pede apura\u00e7\u00e3o<\/b><\/p>\n<p class=\"prntal\">O deputado tamb\u00e9m protocolou uma representa\u00e7\u00e3o na Procuradoria-Geral da Rep\u00fablica (PGR) solicitando a an\u00e1lise t\u00e9cnica e jur\u00eddica de temas abordados durante a sess\u00e3o ordin\u00e1ria de 16 de mar\u00e7o de 2026, na C\u00e2mara Municipal do munic\u00edpio de Major Vieira (SC). O documento pede que a Procuradoria avalie a conformidade dos fatos com a legisla\u00e7\u00e3o vigente de prote\u00e7\u00e3o animal.<\/p>\n<p class=\"prntal\">O registro da referida sess\u00e3o est\u00e1 dispon\u00edvel em v\u00eddeo da transmiss\u00e3o oficial do Legislativo local e no site da C\u00e2mara Municipal de Major Vieira. Na mesma peti\u00e7\u00e3o, Teruel solicita que a prefeitura de Major Vieira adote, em car\u00e1ter emergencial, um plano \u00e9tico de controle populacional de c\u00e3es e gatos, com medidas como castra\u00e7\u00e3o, microchipagem e campanhas de ado\u00e7\u00e3o.<\/p>\n<p class=\"prntal\">O PL 1249\/2026 come\u00e7a agora sua tramita\u00e7\u00e3o nas comiss\u00f5es tem\u00e1ticas da C\u00e2mara dos Deputados e precisa ser aprovado para virar lei em todo o pa\u00eds. A \u00edntegra do est\u00e1 dispon\u00edvel em: <a href=\"https:\/\/www.camara.leg.br\/proposicoesWeb\/fichadetramitacao?idProposicao=2610159\" target=\"_blank\" rel=\"nofollow\">https:\/\/www.camara.leg.br\/proposicoesWeb\/fichadetramitacao?idProposicao=2610159<\/a> <\/p>\n<p class=\"prntal\">Foto &#8211; <a href=\"https:\/\/mma.prnewswire.com\/media\/2937697\/Foto_PL_maus_tratos_perda_mandato_ok.jpg\" target=\"_blank\" rel=\"nofollow\">https:\/\/mma.prnewswire.com\/media\/2937697\/Foto_PL_maus_tratos_perda_mandato_ok.jpg<\/a><\/p>\n<p class=\"prntal\">\n<p id=\"PURL\"><img loading=\"lazy\" decoding=\"async\" title=\"Cision\" width=\"12\" height=\"12\" alt=\"Cision\" src=\"https:\/\/edge.prnewswire.com\/c\/img\/favicon.png?sn=PT14126&amp;sd=2026-03-19\" \/> View original content to download multimedia:<a id=\"PRNURL\" rel=\"nofollow\" href=\"https:\/\/www.prnewswire.com\/br\/comunicados-para-a-imprensa\/projeto-de-fabio-teruel-propoe-cassacao-para-politicos-que-incentivarem-crueldade-contra-animais-302718925.html\" target=\"_blank\">https:\/\/www.prnewswire.com\/br\/comunicados-para-a-imprensa\/projeto-de-fabio-teruel-propoe-cassacao-para-politicos-que-incentivarem-crueldade-contra-animais-302718925.html<\/a><\/p>\n<p>FONTE F\u00e1bio Teruel<\/p>\n<\/div>\n<p>  <img decoding=\"async\" alt=\"\" src=\"https:\/\/rt.prnewswire.com\/rt.gif?NewsItemId=PT14126&amp;Transmission_Id=202603190400PR_NEWS_LATAM____PT14126&amp;DateId=20260319\" style=\"border:0px;width:1px;height:1px\" \/><\/p>\n<p><strong>T\u00f3picos Relacionados:<\/strong> Animais\/Animais de Estima\u00e7\u00e3o, Pol\u00edtica Externa\/Assuntos Internacionais, Bem-estar Animal<\/p>\n<p>A <b>OESP<\/b> n\u00e3o \u00e9(s\u00e3o) respons\u00e1vel(is) por erros, incorre\u00e7\u00f5es, atrasos ou quaisquer decis\u00f5es tomadas por seus clientes com base nos Conte\u00fados ora disponibilizados, bem como tais Conte\u00fados n\u00e3o representam a opini\u00e3o da <b>OESP<\/b> e s\u00e3o de inteira responsabilidade da <b>PR Newswire Ltda<\/b><\/p>\n","protected":false},"excerpt":{"rendered":"BRAS\u00cdLIA, Brasil, 19 de mar\u00e7o de 2026 \/PRNewswire\/ &#8212; O deputado federal F\u00e1bio Teruel (MDB-SP) protocolou o Projeto de Lei 1249\/2026 que estabelece a perda de mandato para pol\u00edticos que","protected":false},"author":1,"featured_media":126054,"comment_status":"open","ping_status":"closed","sticky":false,"template":"","format":"standard","meta":{"_acf_changed":false,"inline_featured_image":false,"_monsterinsights_skip_tracking":false,"_monsterinsights_sitenote_active":false,"_monsterinsights_sitenote_note":"","_monsterinsights_sitenote_category":0,"footnotes":""},"categories":[27],"tags":[7930],"class_list":["post-126053","post","type-post","status-publish","format-standard","has-post-thumbnail","hentry","category-prnewswire","tag-o-deputado-federal-fabio-teruel-mdb-sp-protocolou-o-projeto-de-lei-1249-2026-que-estabelece-a-perda-de-mandato-para-politicos-que-usarem-o-cargo-para-incentivar-a"],"acf":[],"_links":{"self":[{"href":"https:\/\/bluestudio.estadao.com.br\/agencia-de-comunicacao\/wp-json\/wp\/v2\/posts\/126053","targetHints":{"allow":["GET"]}}],"collection":[{"href":"https:\/\/bluestudio.estadao.com.br\/agencia-de-comunicacao\/wp-json\/wp\/v2\/posts"}],"about":[{"href":"https:\/\/bluestudio.estadao.com.br\/agencia-de-comunicacao\/wp-json\/wp\/v2\/types\/post"}],"author":[{"embeddable":true,"href":"https:\/\/bluestudio.estadao.com.br\/agencia-de-comunicacao\/wp-json\/wp\/v2\/users\/1"}],"replies":[{"embeddable":true,"href":"https:\/\/bluestudio.estadao.com.br\/agencia-de-comunicacao\/wp-json\/wp\/v2\/comments?post=126053"}],"version-history":[{"count":0,"href":"https:\/\/bluestudio.estadao.com.br\/agencia-de-comunicacao\/wp-json\/wp\/v2\/posts\/126053\/revisions"}],"wp:featuredmedia":[{"embeddable":true,"href":"https:\/\/bluestudio.estadao.com.br\/agencia-de-comunicacao\/wp-json\/wp\/v2\/media\/126054"}],"wp:attachment":[{"href":"https:\/\/bluestudio.estadao.com.br\/agencia-de-comunicacao\/wp-json\/wp\/v2\/media?parent=126053"}],"wp:term":[{"taxonomy":"category","embeddable":true,"href":"https:\/\/bluestudio.estadao.com.br\/agencia-de-comunicacao\/wp-json\/wp\/v2\/categories?post=126053"},{"taxonomy":"post_tag","embeddable":true,"href":"https:\/\/bluestudio.estadao.com.br\/agencia-de-comunicacao\/wp-json\/wp\/v2\/tags?post=126053"}],"curies":[{"name":"wp","href":"https:\/\/api.w.org\/{rel}","templated":true}]}}