{"id":125880,"date":"2026-03-17T16:42:00","date_gmt":"2026-03-17T19:42:00","guid":{"rendered":"https:\/\/bluestudio.estadao.com.br\/agencia-de-comunicacao\/prnewswire\/oppo-inaugura-primeiro-espaco-fisico-no-brasil-e-avanca-na-expansao-da-marca-no-pais\/"},"modified":"2026-03-17T16:42:00","modified_gmt":"2026-03-17T19:42:00","slug":"oppo-inaugura-primeiro-espaco-fisico-no-brasil-e-avanca-na-expansao-da-marca-no-pais","status":"publish","type":"post","link":"https:\/\/bluestudio.estadao.com.br\/agencia-de-comunicacao\/prnewswire\/oppo-inaugura-primeiro-espaco-fisico-no-brasil-e-avanca-na-expansao-da-marca-no-pais\/","title":{"rendered":"OPPO inaugura primeiro espa\u00e7o f\u00edsico no Brasil e avan\u00e7a na expans\u00e3o da marca no pa\u00eds"},"content":{"rendered":"\n<div class=\"xn-content\">\n<p class=\"prntac\"><i>Marca global de smartphones escolhe Bel\u00e9m (PA) para iniciar presen\u00e7a f\u00edsica no varejo brasileiro; mais duas unidades ser\u00e3o abertas no pa\u00eds ainda neste ano<\/i><\/p>\n<p><span class=\"legendSpanClass\">BRASIL<\/span>, <span class=\"legendSpanClass\">17 de mar\u00e7o de 2026<\/span> \/PRNewswire\/ &#8212; A <u><a href=\"https:\/\/www.oppo.com.br\/\" target=\"_blank\" rel=\"nofollow\">OPPO<\/a><\/u>, uma das maiores fabricantes globais de smartphones, acaba de inaugurar seu <b>primeiro espa\u00e7o f\u00edsico no Brasil<\/b> no Shopping Castanheira, em Bel\u00e9m (PA). A iniciativa marca a expans\u00e3o da empresa no pa\u00eds e acompanha o lan\u00e7amento do <b>OPPO Find X9 Pro<\/b>, modelo que representa a entrada oficial da companhia no segmento premium do mercado brasileiro. O movimento busca ampliar o acesso dos consumidores \u00e0s suas tecnologias e fortalecer o relacionamento com o p\u00fablico local.<\/p>\n<div class=\"PRN_ImbeddedAssetReference\" id=\"DivAssetPlaceHolder9712\">\n<a href=\"https:\/\/mma.prnewswire.com\/media\/2936337\/OPPOLOJABELEM1303.html\" target=\"_blank\" rel=\"nofollow\"><img decoding=\"async\" src=\"https:\/\/mma.prnewswire.com\/media\/2936337\/OPPOLOJABELEM1303.jpg\" title=\"Inaugura\u00e7\u00e3o de primeiro espa\u00e7o f\u00edsico acompanha expans\u00e3o de portf\u00f3lio da OPPO no Brasil, incluindo o Find X9 Pro, primeiro flagship da marca no Pa\u00eds. Divulga\u00e7\u00e3o: OPPO Brasil. (PRNewsfoto\/OPPO BRASIL)\" alt=\"Inaugura\u00e7\u00e3o de primeiro espa\u00e7o f\u00edsico acompanha expans\u00e3o de portf\u00f3lio da OPPO no Brasil, incluindo o Find X9 Pro, primeiro flagship da marca no Pa\u00eds. Divulga\u00e7\u00e3o: OPPO Brasil. (PRNewsfoto\/OPPO BRASIL)\" \/><\/a><\/p>\n<\/div>\n<p>A escolha de Bel\u00e9m reflete o potencial de crescimento do mercado da regi\u00e3o Norte. A capital paraense \u00e9 um dos principais polos econ\u00f4micos e comerciais da regi\u00e3o e conta com um mercado consumidor din\u00e2mico e cada vez mais conectado \u00e0s novas tecnologias, o que torna a cidade um ponto estrat\u00e9gico para a OPPO ampliar sua presen\u00e7a no pa\u00eds.<\/p>\n<p>&#8220;A inaugura\u00e7\u00e3o do primeiro espa\u00e7o f\u00edsico da OPPO no Brasil representa um passo importante na nossa estrat\u00e9gia de aproxima\u00e7\u00e3o com o consumidor brasileiro. Queremos oferecer uma experi\u00eancia mais pr\u00f3xima com nossos produtos, permitindo que o p\u00fablico conhe\u00e7a de perto as tecnologias e inova\u00e7\u00f5es que fazem parte do DNA da marca&#8221;, afirma <b>Mariana Passos, gerente s\u00eanior de comunica\u00e7\u00e3o da OPPO no Brasil<\/b>.<\/p>\n<p>Localizado em um dos centros de compras mais movimentados da capital paraense, o espa\u00e7o da OPPO no Shopping Castanheira permitir\u00e1 que os consumidores possam conhecer todos os modelos dispon\u00edveis no pa\u00eds, que trazem diferenciais como <b>tecnologias avan\u00e7adas de c\u00e2mera, design premium e recursos de carregamento r\u00e1pido<\/b>, caracter\u00edsticas que se tornaram marcas registradas da OPPO no mercado global de smartphones.<\/p>\n<p>Como parte dessa estrat\u00e9gia, a empresa prev\u00ea <b>a abertura de duas novas unidades no pa\u00eds nos pr\u00f3ximos meses<\/b>, sendo uma delas em um shopping center da cidade de S\u00e3o Paulo ainda no primeiro semestre deste ano. A iniciativa refor\u00e7a a presen\u00e7a da marca no principal mercado consumidor do pa\u00eds e d\u00e1 continuidade ao plano de expans\u00e3o da OPPO no varejo brasileiro.<\/p>\n<p>Presente em mais de <b>70 pa\u00edses e regi\u00f5es<\/b>, a OPPO atende atualmente <b>mais de 750 milh\u00f5es de usu\u00e1rios em todo o mundo<\/b> e investe continuamente em pesquisa e desenvolvimento para criar tecnologias voltadas \u00e0 fotografia mobile, conectividade e desempenho em smartphones.<\/p>\n<p><b>Smartphone com recursos avan\u00e7ados de fotografia e v\u00eddeo<\/b><\/p>\n<p>Posicionado como um celular ideal para quem adora postar conte\u00fado nas redes sociais, o <b>OPPO Find X9 Pro<\/b> traz um sistema de c\u00e2meras desenvolvido em parceria com a tradicional fabricante sueca <b>Hasselblad<\/b>, conhecida por ter fornecido equipamentos usados nas primeiras fotografias da Lua. Entre os destaques est\u00e1 uma lente teleobjetiva de <b>200 megapixels<\/b>, projetada para capturar imagens com alta defini\u00e7\u00e3o mesmo \u00e0 dist\u00e2ncia &#8212; recurso \u00fatil em ambientes como shows, eventos esportivos e festivais de m\u00fasica.<\/p>\n<p>No v\u00eddeo, o aparelho permite gravar em <b>4K a 120 quadros por segundo<\/b>, com tecnologia <b>Dolby Vision<\/b>, que amplia contraste e fidelidade de cores. O recurso est\u00e1 dispon\u00edvel tanto na c\u00e2mera principal quanto na lente teleobjetiva. Para usu\u00e1rios mais avan\u00e7ados, o modelo tamb\u00e9m oferece grava\u00e7\u00e3o em <b>LOG com certifica\u00e7\u00e3o Academy Color Encoding System<\/b>, padr\u00e3o utilizado na ind\u00fastria audiovisual e que facilita a edi\u00e7\u00e3o profissional de cores. O smartphone conta ainda com o processador <b>MediaTek Dimensity 9500<\/b> e bateria de <b>7.500 mAh<\/b>, combina\u00e7\u00e3o que garante alto desempenho e autonomia para mais de um dia de uso.<\/p>\n<p>O modelo chega nas cores <u><a href=\"https:\/\/www.oppo.com.br\/smartphone-oppo-find-x9-pro-512gb-16gb-ram-5g-branco\/p\" target=\"_blank\" rel=\"nofollow\">Branco<\/a><\/u> e <u><a href=\"https:\/\/www.oppo.com.br\/smartphone-oppo-find-x9-pro-512gb-16gb-ram-5g-titanio-grafite\/p\" target=\"_blank\" rel=\"nofollow\">Tit\u00e2nio Grafite<\/a><\/u>, e j\u00e1 est\u00e1 dispon\u00edvel na loja online da marca e em parceiros de varejo como <u><a href=\"https:\/\/www.magazineluiza.com.br\/smartphone-oppo-find-x9-pro-512gb-5g-28gb-ram-titanio-grafite-678-camera-tripla-50mp-50mp-2mp-selfie-50mp\/p\/241190500\/te\/oppo\/?&amp;seller_id=magazineluiza&amp;utm_source=google&amp;utm_medium=cpc&amp;utm_term=84381&amp;utm_campaign=google_eco_per_ven_pla_mo_sor_1p_moveis-0326&amp;utm_content=&amp;partner_id=84381&amp;gclsrc=aw.ds&amp;gad_source=1&amp;gad_campaignid=23605372492&amp;gbraid=0AAAAAD4zZmRNPwdu5_7IkvwrpXpCiVTQK&amp;gclid=CjwKCAjw1N7NBhAoEiwAcPchp0AzUrpfZ1Vsyz6rfFx3L45TVc9z_v419H3bjuNmPygIys4D95lR-BoChEsQAvD_BwE\" target=\"_blank\" rel=\"nofollow\">Magazine Luiza<\/a><\/u>, Bemol e Mercado Livre, al\u00e9m das operadoras <u><a href=\"https:\/\/planoscelular.claro.com.br\/celulares\/oppo-find-x9-pro-5g-512gb-titanio-grafite\/p\/000000000000019400\" target=\"_blank\" rel=\"nofollow\">Claro<\/a><\/u> e <u><a href=\"https:\/\/store.vivo.com.br\/smartphone-oppo-find-x9-pro-5g-512gb-branco-16gb-ram-tela-6-78-cam-traseira-200-50-50mp-frontal-50mp\/p\/TGOP0152\" target=\"_blank\" rel=\"nofollow\">Vivo<\/a><\/u> com condi\u00e7\u00f5es especiais.<\/p>\n<div class=\"wcag-arialevel-2\" style=\"font-size: 1.5em;margin-block-start: 0.83em;margin-block-end: 0.83em;margin-inline-start: 0px;margin-inline-end: 0px;font-weight: bold;text-align: left\" role=\"heading\"><b>Servi\u00e7o<\/b><\/div>\n<p><b>OPPO &#8211; Shopping Castanheira<\/b><\/p>\n<p>Local: Shopping Castanheira<br \/>Endere\u00e7o: Rodovia BR-316, Km 1 &#8211; Bel\u00e9m (PA)<br \/>Hor\u00e1rio de funcionamento: 10h \u00e0s 22h (segunda a s\u00e1bado) e 14h \u00e0s 20h (domingos e feriados)<\/p>\n<p><b>SOBRE A OPPO<\/b><\/p>\n<p>OPPO \u00e9 uma das maiores marcas globais em dispositivos inteligentes. Desde o lan\u00e7amento do seu primeiro celular &#8220;Smiley Face&#8221;, em 2008, a OPPO tem buscado incansavelmente a sinergia perfeita entre satisfa\u00e7\u00e3o est\u00e9tica e tecnologia inovadora. Hoje, a OPPO oferece uma ampla gama de dispositivos inteligentes liderados pelas s\u00e9ries Find X e Reno. Al\u00e9m dos dispositivos, a OPPO tamb\u00e9m fornece aos seus usu\u00e1rios o sistema operacional ColorOS e servi\u00e7os de internet, como OPPO Cloud e OPPO+. A OPPO est\u00e1 presente em mais de 70 pa\u00edses e regi\u00f5es, com mais de 40 mil funcion\u00e1rios dedicados a proporcionar uma vida melhor para consumidores em todo o mundo.<\/p>\n<p>Foto &#8211; <a href=\"https:\/\/mma.prnewswire.com\/media\/2936337\/OPPOLOJABELEM1303.jpg\" target=\"_blank\" rel=\"nofollow\">https:\/\/mma.prnewswire.com\/media\/2936337\/OPPOLOJABELEM1303.jpg<\/a><\/p>\n<div class=\"PRN_ImbeddedAssetReference\" id=\"DivAssetPlaceHolder0\"><\/div>\n<p id=\"PURL\"><img loading=\"lazy\" decoding=\"async\" title=\"Cision\" width=\"12\" height=\"12\" alt=\"Cision\" src=\"https:\/\/edge.prnewswire.com\/c\/img\/favicon.png?sn=PT12603&amp;sd=2026-03-17\" \/> View original content to download multimedia:<a id=\"PRNURL\" rel=\"nofollow\" href=\"https:\/\/www.prnewswire.com\/br\/comunicados-para-a-imprensa\/oppo-inaugura-primeiro-espaco-fisico-no-brasil-e-avanca-na-expansao-da-marca-no-pais-302716456.html\" target=\"_blank\">https:\/\/www.prnewswire.com\/br\/comunicados-para-a-imprensa\/oppo-inaugura-primeiro-espaco-fisico-no-brasil-e-avanca-na-expansao-da-marca-no-pais-302716456.html<\/a><\/p>\n<p>FONTE OPPO BRASIL<\/p>\n<\/div>\n<p>  <img decoding=\"async\" alt=\"\" src=\"https:\/\/rt.prnewswire.com\/rt.gif?NewsItemId=PT12603&amp;Transmission_Id=202603171530PR_NEWS_LATAM____PT12603&amp;DateId=20260317\" style=\"border:0px;width:1px;height:1px\" \/><\/p>\n<p><strong>T\u00f3picos Relacionados:<\/strong> Telecomunica\u00e7\u00f5es, Dispositivos M\u00f3veis\/Aplicativos, Entretenimento<\/p>\n<p>A <b>OESP<\/b> n\u00e3o \u00e9(s\u00e3o) respons\u00e1vel(is) por erros, incorre\u00e7\u00f5es, atrasos ou quaisquer decis\u00f5es tomadas por seus clientes com base nos Conte\u00fados ora disponibilizados, bem como tais Conte\u00fados n\u00e3o representam a opini\u00e3o da <b>OESP<\/b> e s\u00e3o de inteira responsabilidade da <b>PR Newswire Ltda<\/b><\/p>\n","protected":false},"excerpt":{"rendered":"Marca global de smartphones escolhe Bel\u00e9m (PA) para iniciar presen\u00e7a f\u00edsica no varejo brasileiro; mais duas unidades ser\u00e3o abertas no pa\u00eds ainda neste ano BRASIL, 17 de mar\u00e7o de 2026","protected":false},"author":1,"featured_media":125881,"comment_status":"open","ping_status":"closed","sticky":false,"template":"","format":"standard","meta":{"_acf_changed":false,"inline_featured_image":false,"_monsterinsights_skip_tracking":false,"_monsterinsights_sitenote_active":false,"_monsterinsights_sitenote_note":"","_monsterinsights_sitenote_category":0,"footnotes":""},"categories":[27],"tags":[7849],"class_list":["post-125880","post","type-post","status-publish","format-standard","has-post-thumbnail","hentry","category-prnewswire","tag-marca-global-de-smartphones-escolhe-belem-pa-para-iniciar-presenca-fisica-no-varejo-brasileiro-mais-duas-unidades-serao-abertas-no-pais-ainda-neste-ano"],"acf":[],"_links":{"self":[{"href":"https:\/\/bluestudio.estadao.com.br\/agencia-de-comunicacao\/wp-json\/wp\/v2\/posts\/125880","targetHints":{"allow":["GET"]}}],"collection":[{"href":"https:\/\/bluestudio.estadao.com.br\/agencia-de-comunicacao\/wp-json\/wp\/v2\/posts"}],"about":[{"href":"https:\/\/bluestudio.estadao.com.br\/agencia-de-comunicacao\/wp-json\/wp\/v2\/types\/post"}],"author":[{"embeddable":true,"href":"https:\/\/bluestudio.estadao.com.br\/agencia-de-comunicacao\/wp-json\/wp\/v2\/users\/1"}],"replies":[{"embeddable":true,"href":"https:\/\/bluestudio.estadao.com.br\/agencia-de-comunicacao\/wp-json\/wp\/v2\/comments?post=125880"}],"version-history":[{"count":0,"href":"https:\/\/bluestudio.estadao.com.br\/agencia-de-comunicacao\/wp-json\/wp\/v2\/posts\/125880\/revisions"}],"wp:featuredmedia":[{"embeddable":true,"href":"https:\/\/bluestudio.estadao.com.br\/agencia-de-comunicacao\/wp-json\/wp\/v2\/media\/125881"}],"wp:attachment":[{"href":"https:\/\/bluestudio.estadao.com.br\/agencia-de-comunicacao\/wp-json\/wp\/v2\/media?parent=125880"}],"wp:term":[{"taxonomy":"category","embeddable":true,"href":"https:\/\/bluestudio.estadao.com.br\/agencia-de-comunicacao\/wp-json\/wp\/v2\/categories?post=125880"},{"taxonomy":"post_tag","embeddable":true,"href":"https:\/\/bluestudio.estadao.com.br\/agencia-de-comunicacao\/wp-json\/wp\/v2\/tags?post=125880"}],"curies":[{"name":"wp","href":"https:\/\/api.w.org\/{rel}","templated":true}]}}