{"id":125835,"date":"2026-03-17T10:15:00","date_gmt":"2026-03-17T13:15:00","guid":{"rendered":"https:\/\/bluestudio.estadao.com.br\/agencia-de-comunicacao\/saftec-digital\/sensibilidade-nas-mamas-analise-de-vinicius-tadeu-sattin-rodrigues-sobre-quando-o-sintoma-exige-atencao\/"},"modified":"2026-03-17T10:15:00","modified_gmt":"2026-03-17T13:15:00","slug":"sensibilidade-nas-mamas-analise-de-vinicius-tadeu-sattin-rodrigues-sobre-quando-o-sintoma-exige-atencao","status":"publish","type":"post","link":"https:\/\/bluestudio.estadao.com.br\/agencia-de-comunicacao\/saftec-digital\/sensibilidade-nas-mamas-analise-de-vinicius-tadeu-sattin-rodrigues-sobre-quando-o-sintoma-exige-atencao\/","title":{"rendered":"Sensibilidade nas mamas: An\u00e1lise de Vinicius Tadeu Sattin Rodrigues sobre quando o sintoma exige aten\u00e7\u00e3o"},"content":{"rendered":"<p><b>Varia\u00e7\u00f5es hormonais explicam a maioria dos casos, mas persist\u00eancia e altera\u00e7\u00f5es associadas podem indicar necessidade de investiga\u00e7\u00e3o cl\u00ednica.<\/b><\/p>\n<p>De acordo com o m\u00e9dico especialista em diagn\u00f3stico por imagem Vinicius Tadeu Sattin Rodrigues, a sensibilidade nas mamas \u00e9 um sintoma frequente entre mulheres e, na maioria das vezes, est\u00e1 relacionada \u00e0s varia\u00e7\u00f5es hormonais que ocorrem ao longo da vida. Fases como o ciclo menstrual, a gesta\u00e7\u00e3o e a menopausa podem provocar altera\u00e7\u00f5es no tecido mam\u00e1rio, influenciando diretamente a percep\u00e7\u00e3o de dor ou desconforto na regi\u00e3o.<\/p>\n<p>Entender essas oscila\u00e7\u00f5es hormonais \u00e9 fundamental para interpretar o sintoma de forma adequada e evitar preocupa\u00e7\u00f5es desnecess\u00e1rias. Embora, na maior parte dos casos, a sensibilidade mam\u00e1ria n\u00e3o esteja associada a doen\u00e7as graves, a observa\u00e7\u00e3o da frequ\u00eancia, intensidade e dura\u00e7\u00e3o do desconforto \u00e9 importante para orientar o acompanhamento da sa\u00fade.<\/p>\n<p>Nesse contexto, a informa\u00e7\u00e3o de qualidade ajuda a diferenciar situa\u00e7\u00f5es comuns de sinais que merecem maior aten\u00e7\u00e3o, promovendo um cuidado mais consciente e preventivo. Mas quando isso merece aten\u00e7\u00e3o? Veja a seguir como identificar os sinais e entender melhor o que o seu corpo est\u00e1 indicando.<\/p>\n<p><b>Oscila\u00e7\u00f5es hormonais e resposta do tecido mam\u00e1rio<\/b><\/p>\n<p>O comportamento do tecido mam\u00e1rio est\u00e1 diretamente ligado \u00e0 varia\u00e7\u00e3o de horm\u00f4nios como estrog\u00eanio e progesterona. Essas subst\u00e2ncias influenciam o volume e a sensibilidade das mamas ao longo do ciclo menstrual. Segundo Vinicius Tadeu Sattin Rodrigues, esse processo \u00e9 fisiol\u00f3gico e tende a ocorrer de forma c\u00edclica. Em determinados per\u00edodos, pode haver sensa\u00e7\u00e3o de incha\u00e7o ou desconforto, que geralmente desaparece espontaneamente.<\/p>\n<p>Apesar de ser frequente e, na maioria das vezes, benigno, o sintoma pode exigir aten\u00e7\u00e3o em situa\u00e7\u00f5es espec\u00edficas. A persist\u00eancia do desconforto ou sua ocorr\u00eancia de forma localizada s\u00e3o fatores que indicam necessidade de avalia\u00e7\u00e3o. Observar a dura\u00e7\u00e3o, intensidade e caracter\u00edsticas da sensibilidade \u00e9 fundamental. <\/p>\n<p>Altera\u00e7\u00f5es associadas, como mudan\u00e7as na textura da mama ou secre\u00e7\u00f5es, tamb\u00e9m devem ser consideradas. A consulta m\u00e9dica permite avaliar o hist\u00f3rico da paciente e identificar poss\u00edveis causas. Esse processo contribui para diferenciar quadros fisiol\u00f3gicos de situa\u00e7\u00f5es que demandam investiga\u00e7\u00e3o.<\/p>\n<p><b>O papel dos exames de imagem<\/b><\/p>\n<p>Quando h\u00e1 indica\u00e7\u00e3o cl\u00ednica, exames de imagem s\u00e3o utilizados para complementar a avalia\u00e7\u00e3o. A mamografia \u00e9 um dos principais m\u00e9todos para an\u00e1lise do tecido mam\u00e1rio. Como evidencia Vinicius Tadeu Sattin Rodrigues, esses exames permitem identificar altera\u00e7\u00f5es estruturais que n\u00e3o s\u00e3o percept\u00edveis ao exame f\u00edsico. A an\u00e1lise das imagens auxilia na detec\u00e7\u00e3o de padr\u00f5es e poss\u00edveis anormalidades.<\/p>\n<p><b>A import\u00e2ncia do acompanhamento cont\u00ednuo<\/b><\/p>\n<p>O monitoramento da sa\u00fade das mamas ao longo do tempo \u00e9 parte fundamental da preven\u00e7\u00e3o. Consultas regulares e exames peri\u00f3dicos permitem acompanhar mudan\u00e7as no tecido mam\u00e1rio. Vinicius Tadeu Sattin Rodrigues destaca que a compara\u00e7\u00e3o entre exames realizados em diferentes momentos facilita a identifica\u00e7\u00e3o de altera\u00e7\u00f5es. Esse hist\u00f3rico contribui para decis\u00f5es cl\u00ednicas mais consistentes.<\/p>\n<p><b>Interpreta\u00e7\u00e3o do sintoma e cuidado preventivo<\/b><\/p>\n<p>A sensibilidade nas mamas, na maioria dos casos, reflete respostas naturais do organismo a varia\u00e7\u00f5es hormonais. Ainda assim, a observa\u00e7\u00e3o de mudan\u00e7as no padr\u00e3o do sintoma \u00e9 relevante para o cuidado preventivo. Na avalia\u00e7\u00e3o de Vinicius Tadeu Sattin Rodrigues, a combina\u00e7\u00e3o entre informa\u00e7\u00e3o, acompanhamento m\u00e9dico e uso adequado de exames permite uma abordagem mais segura. O entendimento do pr\u00f3prio corpo, aliado \u00e0 orienta\u00e7\u00e3o profissional, contribui para decis\u00f5es mais conscientes sobre a sa\u00fade mam\u00e1ria.<\/p>\n<p>A <b>OESP<\/b> n\u00e3o \u00e9(s\u00e3o) respons\u00e1vel(is) por erros, incorre\u00e7\u00f5es, atrasos ou quaisquer decis\u00f5es tomadas por seus clientes com base nos Conte\u00fados ora disponibilizados, bem como tais Conte\u00fados n\u00e3o representam a opini\u00e3o da <b>OESP<\/b> e s\u00e3o de inteira responsabilidade da <b>Ag\u00eancia Saftec<\/b><\/p>\n","protected":false},"excerpt":{"rendered":"Varia\u00e7\u00f5es hormonais explicam a maioria dos casos, mas persist\u00eancia e altera\u00e7\u00f5es associadas podem indicar necessidade de investiga\u00e7\u00e3o cl\u00ednica. De acordo com o m\u00e9dico especialista em","protected":false},"author":1,"featured_media":125836,"comment_status":"open","ping_status":"closed","sticky":false,"template":"","format":"standard","meta":{"_acf_changed":false,"inline_featured_image":false,"_monsterinsights_skip_tracking":false,"_monsterinsights_sitenote_active":false,"_monsterinsights_sitenote_note":"","_monsterinsights_sitenote_category":0,"footnotes":""},"categories":[525],"tags":[],"class_list":["post-125835","post","type-post","status-publish","format-standard","has-post-thumbnail","hentry","category-saftec-digital"],"acf":[],"_links":{"self":[{"href":"https:\/\/bluestudio.estadao.com.br\/agencia-de-comunicacao\/wp-json\/wp\/v2\/posts\/125835","targetHints":{"allow":["GET"]}}],"collection":[{"href":"https:\/\/bluestudio.estadao.com.br\/agencia-de-comunicacao\/wp-json\/wp\/v2\/posts"}],"about":[{"href":"https:\/\/bluestudio.estadao.com.br\/agencia-de-comunicacao\/wp-json\/wp\/v2\/types\/post"}],"author":[{"embeddable":true,"href":"https:\/\/bluestudio.estadao.com.br\/agencia-de-comunicacao\/wp-json\/wp\/v2\/users\/1"}],"replies":[{"embeddable":true,"href":"https:\/\/bluestudio.estadao.com.br\/agencia-de-comunicacao\/wp-json\/wp\/v2\/comments?post=125835"}],"version-history":[{"count":0,"href":"https:\/\/bluestudio.estadao.com.br\/agencia-de-comunicacao\/wp-json\/wp\/v2\/posts\/125835\/revisions"}],"wp:featuredmedia":[{"embeddable":true,"href":"https:\/\/bluestudio.estadao.com.br\/agencia-de-comunicacao\/wp-json\/wp\/v2\/media\/125836"}],"wp:attachment":[{"href":"https:\/\/bluestudio.estadao.com.br\/agencia-de-comunicacao\/wp-json\/wp\/v2\/media?parent=125835"}],"wp:term":[{"taxonomy":"category","embeddable":true,"href":"https:\/\/bluestudio.estadao.com.br\/agencia-de-comunicacao\/wp-json\/wp\/v2\/categories?post=125835"},{"taxonomy":"post_tag","embeddable":true,"href":"https:\/\/bluestudio.estadao.com.br\/agencia-de-comunicacao\/wp-json\/wp\/v2\/tags?post=125835"}],"curies":[{"name":"wp","href":"https:\/\/api.w.org\/{rel}","templated":true}]}}