{"id":125485,"date":"2026-03-11T10:03:16","date_gmt":"2026-03-11T13:03:16","guid":{"rendered":"https:\/\/bluestudio.estadao.com.br\/agencia-de-comunicacao\/?p=125485"},"modified":"2026-03-11T16:41:24","modified_gmt":"2026-03-11T19:41:24","slug":"marcelo-calone-inteligencia-de-dados-comunicacao","status":"publish","type":"post","link":"https:\/\/bluestudio.estadao.com.br\/agencia-de-comunicacao\/releases\/releases-geral\/marcelo-calone-inteligencia-de-dados-comunicacao\/","title":{"rendered":"Marcelo Calone aposta na intelig\u00eancia de dados para redefinir estrat\u00e9gias de comunica\u00e7\u00e3o"},"content":{"rendered":"\n<figure class=\"wp-block-image\"><img decoding=\"async\" src=\"https:\/\/i.imgur.com\/OaPgBX7.jpeg\" alt=\"Marcelo Calone fala sobre o uso de intelig\u00eancia de dados na estrat\u00e9gia de comunica\u00e7\u00e3o e posicionamento de marcas.\"\/><figcaption class=\"wp-element-caption\"><sup>Marcelo Calone defende estrat\u00e9gias de comunica\u00e7\u00e3o orientadas por dados. Foto: Divulga\u00e7\u00e3o \/ Marcelo Calone<\/sup><\/figcaption><\/figure>\n\n\n\n<p>Em um cen\u00e1rio cada vez mais orientado por dados e reputa\u00e7\u00e3o digital, o empres\u00e1rio Italo brasileiro <strong>Marcelo Calone<\/strong> tem se destacado por defender uma abordagem estrat\u00e9gica para comunica\u00e7\u00e3o, marketing e constru\u00e7\u00e3o de autoridade no mercado. \u00c0 frente do <strong>Grupo Calone<\/strong>, ele desenvolveu um modelo que une an\u00e1lise comportamental, tecnologia e produ\u00e7\u00e3o de conte\u00fado para orientar decis\u00f5es de contratos, entre marcas e personalidades p\u00fablicas.<\/p>\n\n\n\n<p>Fundado em 2001, o <strong>Grupo Calone<\/strong> surgiu com a proposta de aplicar intelig\u00eancia de dados ao universo da comunica\u00e7\u00e3o corporativa. A ideia era substituir decis\u00f5es baseadas apenas em percep\u00e7\u00e3o ou intui\u00e7\u00e3o por diagn\u00f3sticos estruturados capazes de mapear audi\u00eancia, reputa\u00e7\u00e3o e influ\u00eancia real de marcas e figuras p\u00fablicas.<\/p>\n\n\n\n<p>Ao longo dos anos, a empresa passou a atuar em projetos que envolvem desde posicionamento estrat\u00e9gico at\u00e9 iniciativas de produ\u00e7\u00e3o audiovisual e conte\u00fado institucional. A metodologia desenvolvida pelo grupo cruza dados de comportamento digital, presen\u00e7a midi\u00e1tica e percep\u00e7\u00e3o p\u00fablica, permitindo identificar tend\u00eancias e oportunidades dentro do ambiente de comunica\u00e7\u00e3o contempor\u00e2neo.<\/p>\n\n\n\n<p>Uma das bases desse trabalho est\u00e1 na tecnologia DBIPro, sistema de intelig\u00eancia de dados criado para rastrear audi\u00eancia, mapear comportamento de consumo e analisar indicadores como autoridade, influ\u00eancia e presen\u00e7a digital.<\/p>\n\n\n\n<p>Paralelamente, <strong>Calone<\/strong> tamb\u00e9m investiu em pesquisa e desenvolvimento por meio do <strong>Instituto Marcelo Calone<\/strong>, iniciativa dedicada ao estudo do comportamento humano, da neuroci\u00eancia aplicada e da rela\u00e7\u00e3o entre comunica\u00e7\u00e3o, consumo e reputa\u00e7\u00e3o.<\/p>\n\n\n\n<p>Al\u00e9m do campo empresarial, o executivo tamb\u00e9m participa de projetos audiovisuais e documentais que exploram hist\u00f3rias de l\u00edderes, especialistas e personalidades, destacando o lado humano por tr\u00e1s de trajet\u00f3rias de sucesso.<\/p>\n\n\n\n<p>Com mais de duas d\u00e9cadas de atua\u00e7\u00e3o, <strong>Marcelo Calone<\/strong> tornou-se presen\u00e7a frequente em debates sobre reputa\u00e7\u00e3o, influ\u00eancia e posicionamento estrat\u00e9gico de marcas. Em palestras e entrevistas, ele defende que a credibilidade de uma empresa ou de um profissional depende cada vez mais da combina\u00e7\u00e3o entre narrativa consistente, presen\u00e7a digital qualificada e an\u00e1lise de dados.<\/p>\n\n\n\n<p>Para o empres\u00e1rio, compreender como o p\u00fablico reage \u00e0s narrativas e aos conte\u00fados tornou-se um dos principais diferenciais competitivos no ambiente digital contempor\u00e2neo.<\/p>\n\n\n\n<p>Para acompanhar an\u00e1lises, reflex\u00f5es e bastidores do Biografia e Legado, projetos de comunica\u00e7\u00e3o e reputa\u00e7\u00e3o digital conduzidos por <strong>Marcelo Calone<\/strong>, siga o <a data-type=\"link\" data-id=\"https:\/\/www.instagram.com\/calonemarceloofficial\/\" href=\"https:\/\/www.instagram.com\/calonemarceloofficial\/\" target=\"_blank\" rel=\"noreferrer noopener\">perfil oficial no Instagram<\/a>.<\/p>\n","protected":false},"excerpt":{"rendered":"Empres\u00e1rio Marcelo Calone defende o uso de intelig\u00eancia de dados, reputa\u00e7\u00e3o digital e conte\u00fado estrat\u00e9gico para orientar decis\u00f5es de comunica\u00e7\u00e3o e posicionamento.","protected":false},"author":16,"featured_media":0,"comment_status":"open","ping_status":"closed","sticky":false,"template":"","format":"standard","meta":{"_acf_changed":false,"inline_featured_image":false,"_monsterinsights_skip_tracking":false,"_monsterinsights_sitenote_active":false,"_monsterinsights_sitenote_note":"","_monsterinsights_sitenote_category":0,"footnotes":""},"categories":[132,34],"tags":[],"class_list":["post-125485","post","type-post","status-publish","format-standard","hentry","category-releases","category-releases-geral"],"acf":[],"_links":{"self":[{"href":"https:\/\/bluestudio.estadao.com.br\/agencia-de-comunicacao\/wp-json\/wp\/v2\/posts\/125485","targetHints":{"allow":["GET"]}}],"collection":[{"href":"https:\/\/bluestudio.estadao.com.br\/agencia-de-comunicacao\/wp-json\/wp\/v2\/posts"}],"about":[{"href":"https:\/\/bluestudio.estadao.com.br\/agencia-de-comunicacao\/wp-json\/wp\/v2\/types\/post"}],"author":[{"embeddable":true,"href":"https:\/\/bluestudio.estadao.com.br\/agencia-de-comunicacao\/wp-json\/wp\/v2\/users\/16"}],"replies":[{"embeddable":true,"href":"https:\/\/bluestudio.estadao.com.br\/agencia-de-comunicacao\/wp-json\/wp\/v2\/comments?post=125485"}],"version-history":[{"count":2,"href":"https:\/\/bluestudio.estadao.com.br\/agencia-de-comunicacao\/wp-json\/wp\/v2\/posts\/125485\/revisions"}],"predecessor-version":[{"id":125547,"href":"https:\/\/bluestudio.estadao.com.br\/agencia-de-comunicacao\/wp-json\/wp\/v2\/posts\/125485\/revisions\/125547"}],"wp:attachment":[{"href":"https:\/\/bluestudio.estadao.com.br\/agencia-de-comunicacao\/wp-json\/wp\/v2\/media?parent=125485"}],"wp:term":[{"taxonomy":"category","embeddable":true,"href":"https:\/\/bluestudio.estadao.com.br\/agencia-de-comunicacao\/wp-json\/wp\/v2\/categories?post=125485"},{"taxonomy":"post_tag","embeddable":true,"href":"https:\/\/bluestudio.estadao.com.br\/agencia-de-comunicacao\/wp-json\/wp\/v2\/tags?post=125485"}],"curies":[{"name":"wp","href":"https:\/\/api.w.org\/{rel}","templated":true}]}}