{"id":125455,"date":"2026-03-10T19:45:00","date_gmt":"2026-03-10T22:45:00","guid":{"rendered":"https:\/\/bluestudio.estadao.com.br\/agencia-de-comunicacao\/agencia-memoria-da-eletricidade\/ons-inaugura-espaco-cultural-mario-santos-e-reforca-legado-para-a-sociedade-brasileira\/"},"modified":"2026-03-30T08:55:51","modified_gmt":"2026-03-30T11:55:51","slug":"ons-inaugura-espaco-cultural-mario-santos-e-reforca-legado-para-a-sociedade-brasileira","status":"publish","type":"post","link":"https:\/\/bluestudio.estadao.com.br\/agencia-de-comunicacao\/agencia-memoria-da-eletricidade\/ons-inaugura-espaco-cultural-mario-santos-e-reforca-legado-para-a-sociedade-brasileira\/","title":{"rendered":"ONS inaugura Espa\u00e7o Cultural Mario Santos e refor\u00e7a legado para a sociedade brasileira"},"content":{"rendered":"<p><i>Ambiente re\u00fane conte\u00fados hist\u00f3ricos, art\u00edsticos e tecnol\u00f3gicos que apresentam a relev\u00e2ncia da opera\u00e7\u00e3o do Sistema Interligado Nacional, o SIN<\/i><\/p>\n<p>O Operador Nacional do Sistema El\u00e9trico (ONS) inaugurou nesta ter\u00e7a-feira, 10 de mar\u00e7o, em sua sede, em Bras\u00edlia, o Espa\u00e7o Cultural Mario Santos. Criado para contar uma das hist\u00f3rias mais estrat\u00e9gicas do pa\u00eds, a trajet\u00f3ria do setor el\u00e9trico brasileiro, o local re\u00fane conte\u00fados hist\u00f3ricos, art\u00edsticos e tecnol\u00f3gicos distribu\u00eddos em 326 metros quadrados e homenageia, em seu nome, o engenheiro Mario Santos, primeiro diretor-geral da institui\u00e7\u00e3o e uma refer\u00eancia para o setor.<\/p>\n<figure data-wp-editing=\"1\"><img decoding=\"async\" src=\"https:\/\/www.estadaoconteudo.com.br\/RSS\/images\/AME20260310194507826833-onsinauguraespao-1.jpg\" alt=\"Divulga\u00e7\u00e3o 1\" \/><figcaption>Mario Santos (homenageado), Elisa Bastos (Diretora de Assuntos Corporativos do ONS) e Marcio Rea (Diretor Geral do ONS). Foto: Divulga\u00e7\u00e3o<\/figcaption><\/figure>\n<p>O evento de inaugura\u00e7\u00e3o do espa\u00e7o contou com a presen\u00e7a de toda a diretoria do ONS: Marcio Rea, diretor-geral; Elisa Bastos, diretora de Assuntos Corporativos; Christiano Vieira, diretor de Opera\u00e7\u00e3o; Alexandre Zucarato, diretor de Planejamento; e Maur\u00edcio de Souza, diretor de TI, Relacionamento com Agentes e Assuntos Regulat\u00f3rios. A inaugura\u00e7\u00e3o contou ainda com autoridades do setor. Entre elas o Ministro do Tribunal de Contas da Uni\u00e3o, Benjamin Zymler; o secret\u00e1rio executivo do Minist\u00e9rio de Minas e Energia, Gustavo Ataide, representando o Ministro Alexandre Silveira, e o chefe de gabinete da Vice Presid\u00eancia e do Minist\u00e9rio de Desenvolvimento, Ind\u00fastria, Com\u00e9rcio e Servi\u00e7os, Pedro Guerra, que representou o vice-presidente da Rep\u00fablica e Ministro Geraldo Alckmin.<\/p>\n<figure><img decoding=\"async\" src=\"https:\/\/www.estadaoconteudo.com.br\/RSS\/images\/AME20260310194507826833-onsinauguraespao-2.jpg\" alt=\"Imagem 2 Diretor-geral do ONS, Marcio Rea | Divulga\u00e7\u00e3o\" \/><figcaption>Diretor-geral do ONS, Marcio Rea | Foto: Divulga\u00e7\u00e3o<\/figcaption><\/figure>\n<p>Com a inaugura\u00e7\u00e3o do Espa\u00e7o Cultural Mario Santos, o ONS refor\u00e7a seu compromisso com a mem\u00f3ria, a transpar\u00eancia e o di\u00e1logo sobre os desafios e as transforma\u00e7\u00f5es da energia no Brasil, entregando \u00e0 sociedade um legado cultural, t\u00e9cnico e hist\u00f3rico que valoriza o passado, inspira o presente e projeta o futuro do setor el\u00e9trico.<\/p>\n<p>\u201cEsse \u00e9 um momento muito especial para o Setor El\u00e9trico Brasileiro e, principalmente, para todos n\u00f3s do Operador. \u00c9 um legado que deixamos para as pr\u00f3ximas gera\u00e7\u00f5es. Ao olhar para nossas mem\u00f3rias e para o futuro, estamos propondo reflex\u00f5es sobre os caminhos da energia no pa\u00eds, de modo a contribuir para uma transi\u00e7\u00e3o energ\u00e9tica justa e sustent\u00e1vel\u201d, declara Marcio Rea, diretor-geral do ONS.<\/p>\n<p>O espa\u00e7o abriga a exposi\u00e7\u00e3o permanente Energia que Conecta, que convida o p\u00fablico a compreender a complexidade e a import\u00e2ncia da opera\u00e7\u00e3o do Sistema Interligado Nacional (SIN). A proposta vai al\u00e9m da perspectiva hist\u00f3rica: trata-se de uma \u00e1rea interativa, com experi\u00eancias imersivas e jogos educativos que aproximam a sociedade dos desafios contempor\u00e2neos da energia e apresentam, de maneira acess\u00edvel e l\u00fadica, a dimens\u00e3o t\u00e9cnica e estrat\u00e9gica do SIN.<\/p>\n<p>\u201cO Espa\u00e7o Cultural Mario Santos proporciona uma experi\u00eancia sensorial e participativa, aproximando o p\u00fablico da complexidade de operar um sistema el\u00e9trico que funciona de forma ininterrupta. Em um ambiente amplo, intuitivo, acess\u00edvel, com diferentes espa\u00e7os e propostas expositivas, busca despertar a curiosidade dos visitantes e ampliar seu conhecimento sobre uma atividade essencial, que impacta diretamente a vida de milh\u00f5es de brasileiros\u201d, explica Elisa Bastos, diretora de Assuntos Corporativos do Operador.<\/p>\n<figure><img decoding=\"async\" src=\"https:\/\/www.estadaoconteudo.com.br\/RSS\/images\/AME20260310194507826833-onsinauguraespao-3.jpg\" alt=\"Imagem 3 Autoridades durante a cerim\u00f4nia de lan\u00e7amento do Espa\u00e7o Cultural Mario Santos | Divulga\u00e7\u00e3o\" \/><figcaption>Autoridades durante a cerim\u00f4nia de lan\u00e7amento do Espa\u00e7o Cultural Mario Santos | Foto: Divulga\u00e7\u00e3o<\/figcaption><\/figure>\n<p>Como \u00e9 o Espa\u00e7o Cultural<\/p>\n<p>Com curadoria da Mem\u00f3ria da Eletricidade, institui\u00e7\u00e3o dedicada \u00e0 pesquisa hist\u00f3rica, preserva\u00e7\u00e3o e difus\u00e3o do patrim\u00f4nio do setor el\u00e9trico brasileiro, o Espa\u00e7o Cultural Mario Santos abriga atra\u00e7\u00f5es como um mapa interativo que demonstra o fluxo de energia pelo pa\u00eds e jogos digitais que simulam decis\u00f5es operativas. Na Galeria Mario Bhering, o p\u00fablico pode visitar a exposi\u00e7\u00e3o de aquarelas produzidas pelo engenheiro civil e gestor p\u00fablico, outro nome marcante na hist\u00f3ria do setor.<\/p>\n<p>O Espa\u00e7o ASG+ evidencia como compromissos ambientais, sociais e de governan\u00e7a s\u00e3o incorporados ao cotidiano da institui\u00e7\u00e3o, por meio dos pilares +Verde, +Social e +Humano, com depoimentos de colaboradores. Na sala Brasil Eletrificado, uma maquete em grandes dimens\u00f5es da Usina Hidrel\u00e9trica de Furnas simboliza a expans\u00e3o da gera\u00e7\u00e3o de energia no pa\u00eds. J\u00e1 no ambiente Energia do ONS, uma produ\u00e7\u00e3o audiovisual destaca conceitos ligados a um futuro sustent\u00e1vel.<\/p>\n<p>Desde sua funda\u00e7\u00e3o, em 1998, o ONS desempenha papel central no planejamento e na coordena\u00e7\u00e3o do sistema el\u00e9trico brasileiro. Se no in\u00edcio a matriz era predominantemente hidrel\u00e9trica e termel\u00e9trica, hoje incorpora novas fontes renov\u00e1veis e modelos operativos alinhados \u00e0 transi\u00e7\u00e3o energ\u00e9tica. Prestes a completar 28 anos, o Operador se consolida como refer\u00eancia mundial, coordenando uma opera\u00e7\u00e3o de elevada complexidade, com mais de 2 mil agentes e cerca de 180 mil quil\u00f4metros de linhas de transmiss\u00e3o \u2014 extens\u00e3o equivalente a quatro voltas ao redor da Terra.<\/p>\n<p>Energia que C onecta<\/p>\n<p>Na ocasi\u00e3o, tamb\u00e9m foi lan\u00e7ado o livro Energia que Conecta, uma colet\u00e2nea de depoimentos escritos por profissionais do Operador: analistas, gestores, diretores. Pessoas fundamentais para a constru\u00e7\u00e3o do sistema el\u00e9trico brasileiro em seu cotidiano e Opera\u00e7\u00e3o do Sistema Interligado Nacional.<\/p>\n<p>A <b>OESP<\/b> n\u00e3o \u00e9(s\u00e3o) respons\u00e1vel(is) por erros, incorre\u00e7\u00f5es, atrasos ou quaisquer decis\u00f5es tomadas por seus clientes com base nos Conte\u00fados ora disponibilizados, bem como tais Conte\u00fados n\u00e3o representam a opini\u00e3o da <b>OESP<\/b> e s\u00e3o de inteira responsabilidade da <b>Ag\u00eancia Mem\u00f3ria da Eletricidade<\/b><\/p>\n","protected":false},"excerpt":{"rendered":"Ambiente re\u00fane conte\u00fados hist\u00f3ricos, art\u00edsticos e tecnol\u00f3gicos que apresentam a relev\u00e2ncia da opera\u00e7\u00e3o do Sistema Interligado Nacional, o SIN O Operador Nacional do Sistema El\u00e9trico (ONS)","protected":false},"author":1,"featured_media":125456,"comment_status":"open","ping_status":"closed","sticky":false,"template":"","format":"standard","meta":{"_acf_changed":false,"inline_featured_image":false,"_monsterinsights_skip_tracking":false,"_monsterinsights_sitenote_active":false,"_monsterinsights_sitenote_note":"","_monsterinsights_sitenote_category":0,"footnotes":""},"categories":[1680],"tags":[],"class_list":["post-125455","post","type-post","status-publish","format-standard","has-post-thumbnail","hentry","category-agencia-memoria-da-eletricidade"],"acf":[],"_links":{"self":[{"href":"https:\/\/bluestudio.estadao.com.br\/agencia-de-comunicacao\/wp-json\/wp\/v2\/posts\/125455","targetHints":{"allow":["GET"]}}],"collection":[{"href":"https:\/\/bluestudio.estadao.com.br\/agencia-de-comunicacao\/wp-json\/wp\/v2\/posts"}],"about":[{"href":"https:\/\/bluestudio.estadao.com.br\/agencia-de-comunicacao\/wp-json\/wp\/v2\/types\/post"}],"author":[{"embeddable":true,"href":"https:\/\/bluestudio.estadao.com.br\/agencia-de-comunicacao\/wp-json\/wp\/v2\/users\/1"}],"replies":[{"embeddable":true,"href":"https:\/\/bluestudio.estadao.com.br\/agencia-de-comunicacao\/wp-json\/wp\/v2\/comments?post=125455"}],"version-history":[{"count":1,"href":"https:\/\/bluestudio.estadao.com.br\/agencia-de-comunicacao\/wp-json\/wp\/v2\/posts\/125455\/revisions"}],"predecessor-version":[{"id":126737,"href":"https:\/\/bluestudio.estadao.com.br\/agencia-de-comunicacao\/wp-json\/wp\/v2\/posts\/125455\/revisions\/126737"}],"wp:featuredmedia":[{"embeddable":true,"href":"https:\/\/bluestudio.estadao.com.br\/agencia-de-comunicacao\/wp-json\/wp\/v2\/media\/125456"}],"wp:attachment":[{"href":"https:\/\/bluestudio.estadao.com.br\/agencia-de-comunicacao\/wp-json\/wp\/v2\/media?parent=125455"}],"wp:term":[{"taxonomy":"category","embeddable":true,"href":"https:\/\/bluestudio.estadao.com.br\/agencia-de-comunicacao\/wp-json\/wp\/v2\/categories?post=125455"},{"taxonomy":"post_tag","embeddable":true,"href":"https:\/\/bluestudio.estadao.com.br\/agencia-de-comunicacao\/wp-json\/wp\/v2\/tags?post=125455"}],"curies":[{"name":"wp","href":"https:\/\/api.w.org\/{rel}","templated":true}]}}