{"id":125352,"date":"2026-03-09T15:27:00","date_gmt":"2026-03-09T18:27:00","guid":{"rendered":"https:\/\/bluestudio.estadao.com.br\/agencia-de-comunicacao\/prnewswire\/l-catterton-anuncia-a-fusao-da-bel-cosmeticos-e-do-mundo-do-cabeleireiro-para-criar-o-principal-varejista-de-beleza-do-brasil\/"},"modified":"2026-03-09T15:27:00","modified_gmt":"2026-03-09T18:27:00","slug":"l-catterton-anuncia-a-fusao-da-bel-cosmeticos-e-do-mundo-do-cabeleireiro-para-criar-o-principal-varejista-de-beleza-do-brasil","status":"publish","type":"post","link":"https:\/\/bluestudio.estadao.com.br\/agencia-de-comunicacao\/prnewswire\/l-catterton-anuncia-a-fusao-da-bel-cosmeticos-e-do-mundo-do-cabeleireiro-para-criar-o-principal-varejista-de-beleza-do-brasil\/","title":{"rendered":"L Catterton anuncia a fus\u00e3o da Bel Cosm\u00e9ticos e do Mundo do Cabeleireiro para criar o principal varejista de beleza do Brasil"},"content":{"rendered":"\n<div class=\"xn-content\">\n<span class=\"legendSpanClass\">S\u00c3O PAULO<\/span>, <span class=\"legendSpanClass\">9 de mar\u00e7o de 2026<\/span> \/PRNewswire\/ &#8212; A gestora global <i>L<\/i> Catterton anunciou hoje a fus\u00e3o entre a Bel Cosm\u00e9ticos (&#8220;Bel&#8221;) e o Mundo do Cabeleireiro (&#8220;Mundo&#8221;), criando a maior plataforma multimarcas especializada em beleza do Brasil, com mais de 130 lojas distribu\u00eddas nos principais estados do pa\u00eds.<\/p>\n<p>A opera\u00e7\u00e3o une dois l\u00edderes altamente complementares do setor. Fundadas h\u00e1 mais de tr\u00eas d\u00e9cadas, ambas as empresas constru\u00edram marcas regionais s\u00f3lidas e cultivaram forte fidelidade de clientes ao oferecer sortimentos curados de produtos de beleza com excelente proposta de valor. Com pouca sobreposi\u00e7\u00e3o geogr\u00e1fica e for\u00e7as regionais complementares, a fus\u00e3o cria uma plataforma de grande escala com presen\u00e7a nacional ampliada, bem-posicionada para atender consumidores e parceiros de marca em todo o Brasil.<\/p>\n<p>A companhia combinada utilizar\u00e1 sua maior escala para expandir seu sortimento em cuidados com os cabelos, cuidados com a pele, maquiagem e fragr\u00e2ncias, abrangendo diferentes faixas de pre\u00e7o. Seu objetivo \u00e9 se tornar o primeiro verdadeiro l\u00edder nacional no varejo especializado em beleza no Brasil. A empresa tamb\u00e9m planeja investir em capacidades omnichannel, infraestrutura digital e programas de fidelidade, oferecendo uma experi\u00eancia de compra fluida e integrada entre os canais f\u00edsico e digital.<\/p>\n<p>Com alcance ampliado e cobertura geogr\u00e1fica fortalecida, a companhia oferecer\u00e1 aos fornecedores maior acesso ao mercado, promovendo colabora\u00e7\u00e3o mais pr\u00f3xima, lan\u00e7amentos de produtos aprimorados e distribui\u00e7\u00e3o mais ampla. A plataforma combinada tamb\u00e9m enxerga oportunidades relevantes de crescimento disciplinado por meio da abertura de novas lojas e aquisi\u00e7\u00f5es seletivas ao longo do tempo.<\/p>\n<p>Celso Moraes, cofundador do Mundo, assumir\u00e1 o cargo de Diretor-Presidente (CEO) da companhia combinada. Ivo Barbosa, fundador da Bel, e Marina Moraes, cofundadora do Mundo, integrar\u00e3o o Conselho de Administra\u00e7\u00e3o e permanecer\u00e3o ativamente envolvidos no neg\u00f3cio, assegurando continuidade de lideran\u00e7a e preserva\u00e7\u00e3o da cultura organizacional.<\/p>\n<p>&#8220;Estamos entusiasmados com a uni\u00e3o da Bel e do Mundo para construir o primeiro verdadeiro &#8216;destino de beleza&#8217; nacional no Brasil&#8221;, afirmou Ramiro Lauzan, um <i>Managing Partner<\/i> do fundo da <i>L<\/i> Catterton para a Am\u00e9rica Latina. &#8220;Ivo, Celso e Marina criaram neg\u00f3cios excepcionais em suas respectivas regi\u00f5es. Ao unir suas for\u00e7as e alavancar nossa expertise global no setor de beleza, acreditamos que a nova companhia est\u00e1 bem posicionada para se tornar o parceiro preferencial de consumidores e fornecedores em todo o pa\u00eds.&#8221;<\/p>\n<p>Celso Moraes acrescentou: &#8220;Esta fus\u00e3o marca um novo e importante cap\u00edtulo para nossas equipes, clientes e fornecedores. Juntos, ampliaremos nosso alcance, fortaleceremos nosso sortimento e aceleraremos o crescimento, mantendo nosso compromisso com a qualidade do servi\u00e7o e a proposta de valor.&#8221;<\/p>\n<p>Ivo Barbosa completou: &#8220;A Bel sempre teve como foco oferecer variedade, qualidade e acessibilidade aos nossos clientes. Ao unirmos for\u00e7as com o Mundo, criamos uma plataforma mais robusta e escal\u00e1vel, que nos permitir\u00e1 continuar investindo em nossas pessoas, lojas e capacidades digitais.&#8221;<\/p>\n<p>A <i>L<\/i> Catterton possui ampla experi\u00eancia global em investimentos no setor de beleza e cuidados pessoais, com mais de 30 investimentos atuais e anteriores, incluindo KIKO Milano, Oddity (controladora da IL MAKIAGE), The Honest Company, Elemis, Maria Nila, TULA, Merit, Nutrafol e Intercos, entre outros.<\/p>\n<p>A transa\u00e7\u00e3o resulta na venda integral da participa\u00e7\u00e3o detida pelo Fundo NEIII, da Vinci Compass, no Mundo do Cabeleireiro.<\/p>\n<p>A <i>L<\/i> Catterton foi assessorada pelo Mattos Filho Advogados, a Bel contou com assessoria da IGC Partners e do escrit\u00f3rio VPBG Advogados, e o Mundo foi assessorado pela \u00c1rtica Investimentos e por Coelho &amp; Dalle Advogados.<\/p>\n<p><b>Sobre a Bel Cosm\u00e9ticos<\/b><\/p>\n<p>Com sede em Salvador (BA), a Bel Cosm\u00e9ticos \u00e9 uma das principais redes de beleza multimarcas do pa\u00eds, reconhecida por sua proposta de valor e execu\u00e7\u00e3o consistente em loja. Fundada h\u00e1 mais de 30 anos por Ivo Barbosa, a empresa construiu uma marca regional s\u00f3lida e conta com alta fideliza\u00e7\u00e3o de clientes, baseada em relacionamentos duradouros com fornecedores. A Bel Cosm\u00e9ticos opera uma rede com mais de 70 lojas em shoppings e pontos de rua, com presen\u00e7a em 16 estados e no Distrito Federal, atuando nas principais categorias de beleza &#8211; cuidados com os cabelos, skincare, maquiagem e fragr\u00e2ncias &#8211; em diferentes faixas de pre\u00e7o.<\/p>\n<p><b>Sobre o Mundo do Cabeleireiro<\/b><\/p>\n<p>Fundado em Recife (PE) h\u00e1 mais de 30 anos, o Mundo do Cabeleireiro \u00e9 uma das principais varejistas multimarcas de produtos de beleza e cuidados pessoais do Brasil. Com um portf\u00f3lio que re\u00fane mais de 400 marcas nacionais e internacionais e cerca de 15 mil SKUs, a empresa se destaca pela ampla variedade, atendimento pr\u00f3ximo ao cliente e experi\u00eancia de compra acess\u00edvel e especializada. Atualmente, opera uma rede de 65 lojas distribu\u00eddas em quatro estados brasileiros, com forte presen\u00e7a em Pernambuco e S\u00e3o Paulo.<\/p>\n<p><b>Sobre a L Catterton<\/b><\/p>\n<p>A <i>L<\/i> Catterton \u00e9 uma gestora de investimentos l\u00edder global focada no setor de consumo, com aproximadamente US$ 40 bilh\u00f5es de capital sob gest\u00e3o em tr\u00eas plataformas: <i>private equity<\/i>, cr\u00e9dito e <i>real estate<\/i>. A empresa investe em diferentes n\u00edveis da estrutura de capital de companhias de consumo bem-posicionadas, com investimentos que variam de US$ 5 milh\u00f5es a US$ 5 bilh\u00f5es. Alavancando profundo conhecimento setorial, excel\u00eancia operacional e uma ampla rede de relacionamentos estrat\u00e9gicos, a equipe da <i>L<\/i> Catterton, composta por mais de 200 profissionais de investimento e opera\u00e7\u00e3o distribu\u00eddos em 18 escrit\u00f3rios, atua em parceria com executivos das empresas investidas para impulsionar a cria\u00e7\u00e3o de valor diferenciada. Fundada em 1989, a gestora j\u00e1 realizou mais de 300 investimentos em algumas das marcas de consumo mais ic\u00f4nicas do mundo. Para mais informa\u00e7\u00f5es, visite <a href=\"https:\/\/edge.prnewswire.com\/c\/link\/?t=0&amp;l=pt&amp;o=4636833-1&amp;h=3832008710&amp;u=http%3A%2F%2Fwww.lcatterton.com%2F&amp;a=www.lcatterton.com\" target=\"_blank\" rel=\"nofollow\">www.lcatterton.com<\/a>.<\/p>\n<p><b>CONTATOS<\/b><\/p>\n<p>Julie Hamilton <br \/>+1.917.574.7263 <br \/><a href=\"mailto:julie.hamilton@lcatterton.com\" target=\"_blank\" rel=\"nofollow\">julie.hamilton@lcatterton.com<\/a><\/p>\n<p id=\"PURL\"><img loading=\"lazy\" decoding=\"async\" title=\"Cision\" width=\"12\" height=\"12\" alt=\"Cision\" src=\"https:\/\/edge.prnewswire.com\/c\/img\/favicon.png?sn=PT05646&amp;sd=2026-03-09\" \/> View original content:<a id=\"PRNURL\" rel=\"nofollow\" href=\"https:\/\/www.prnewswire.com\/br\/comunicados-para-a-imprensa\/l-catterton-anuncia-a-fusao-da-bel-cosmeticos-e-do-mundo-do-cabeleireiro-para-criar-o-principal-varejista-de-beleza-do-brasil-302708450.html\" target=\"_blank\">https:\/\/www.prnewswire.com\/br\/comunicados-para-a-imprensa\/l-catterton-anuncia-a-fusao-da-bel-cosmeticos-e-do-mundo-do-cabeleireiro-para-criar-o-principal-varejista-de-beleza-do-brasil-302708450.html<\/a><\/p>\n<p>FONTE L Catterton<\/p>\n<\/div>\n<p>  <img decoding=\"async\" alt=\"\" src=\"https:\/\/rt.prnewswire.com\/rt.gif?NewsItemId=PT05646&amp;Transmission_Id=202603091415PR_NEWS_LATAM____PT05646&amp;DateId=20260309\" style=\"border:0px;width:1px;height:1px\" \/><\/p>\n<p><strong>T\u00f3picos Relacionados:<\/strong> Varejo, Joint Ventures, Servi\u00e7os Banc\u00e1rios\/Financeiros, Dom\u00e9stico\/Consumidor\/Cosm\u00e9ticos, Cosm\u00e9ticos e Cuidados Pessoais<\/p>\n<p>A <b>OESP<\/b> n\u00e3o \u00e9(s\u00e3o) respons\u00e1vel(is) por erros, incorre\u00e7\u00f5es, atrasos ou quaisquer decis\u00f5es tomadas por seus clientes com base nos Conte\u00fados ora disponibilizados, bem como tais Conte\u00fados n\u00e3o representam a opini\u00e3o da <b>OESP<\/b> e s\u00e3o de inteira responsabilidade da <b>PR Newswire Ltda<\/b><\/p>\n","protected":false},"excerpt":{"rendered":"S\u00c3O PAULO, 9 de mar\u00e7o de 2026 \/PRNewswire\/ &#8212; A gestora global L Catterton anunciou hoje a fus\u00e3o entre a Bel Cosm\u00e9ticos (&#8220;Bel&#8221;) e o Mundo do Cabeleireiro (&#8220;Mundo&#8221;),","protected":false},"author":1,"featured_media":125353,"comment_status":"open","ping_status":"closed","sticky":false,"template":"","format":"standard","meta":{"_acf_changed":false,"inline_featured_image":false,"_monsterinsights_skip_tracking":false,"_monsterinsights_sitenote_active":false,"_monsterinsights_sitenote_note":"","_monsterinsights_sitenote_category":0,"footnotes":""},"categories":[27],"tags":[7603,7604],"class_list":["post-125352","post","type-post","status-publish","format-standard","has-post-thumbnail","hentry","category-prnewswire","tag-a-gestora-global-l-catterton-anunciou-hoje-a-fusao-entre-a-bel-cosmeticos-bel-e-o-mundo-do-cabeleireiro-mundo","tag-criando-a-maior-plataforma-multimarcas-especializada"],"acf":[],"_links":{"self":[{"href":"https:\/\/bluestudio.estadao.com.br\/agencia-de-comunicacao\/wp-json\/wp\/v2\/posts\/125352","targetHints":{"allow":["GET"]}}],"collection":[{"href":"https:\/\/bluestudio.estadao.com.br\/agencia-de-comunicacao\/wp-json\/wp\/v2\/posts"}],"about":[{"href":"https:\/\/bluestudio.estadao.com.br\/agencia-de-comunicacao\/wp-json\/wp\/v2\/types\/post"}],"author":[{"embeddable":true,"href":"https:\/\/bluestudio.estadao.com.br\/agencia-de-comunicacao\/wp-json\/wp\/v2\/users\/1"}],"replies":[{"embeddable":true,"href":"https:\/\/bluestudio.estadao.com.br\/agencia-de-comunicacao\/wp-json\/wp\/v2\/comments?post=125352"}],"version-history":[{"count":0,"href":"https:\/\/bluestudio.estadao.com.br\/agencia-de-comunicacao\/wp-json\/wp\/v2\/posts\/125352\/revisions"}],"wp:featuredmedia":[{"embeddable":true,"href":"https:\/\/bluestudio.estadao.com.br\/agencia-de-comunicacao\/wp-json\/wp\/v2\/media\/125353"}],"wp:attachment":[{"href":"https:\/\/bluestudio.estadao.com.br\/agencia-de-comunicacao\/wp-json\/wp\/v2\/media?parent=125352"}],"wp:term":[{"taxonomy":"category","embeddable":true,"href":"https:\/\/bluestudio.estadao.com.br\/agencia-de-comunicacao\/wp-json\/wp\/v2\/categories?post=125352"},{"taxonomy":"post_tag","embeddable":true,"href":"https:\/\/bluestudio.estadao.com.br\/agencia-de-comunicacao\/wp-json\/wp\/v2\/tags?post=125352"}],"curies":[{"name":"wp","href":"https:\/\/api.w.org\/{rel}","templated":true}]}}