{"id":125225,"date":"2026-03-06T10:50:00","date_gmt":"2026-03-06T13:50:00","guid":{"rendered":"https:\/\/bluestudio.estadao.com.br\/agencia-de-comunicacao\/pressworks\/como-especialistas-tecnicos-impulsionam-crescimento-e-inovacao-na-industria-cosmetica\/"},"modified":"2026-03-19T15:48:41","modified_gmt":"2026-03-19T18:48:41","slug":"como-especialistas-tecnicos-impulsionam-crescimento-e-inovacao-na-industria-cosmetica","status":"publish","type":"post","link":"https:\/\/bluestudio.estadao.com.br\/agencia-de-comunicacao\/pressworks\/como-especialistas-tecnicos-impulsionam-crescimento-e-inovacao-na-industria-cosmetica\/","title":{"rendered":"Como especialistas t\u00e9cnicos impulsionam crescimento e inova\u00e7\u00e3o na ind\u00fastria cosm\u00e9tica"},"content":{"rendered":"<p><i>Em um mercado global bilion\u00e1rio e cada vez mais competitivo, profissionais que dominam a t\u00e9cnica e a transformam em estrat\u00e9gia assumem papel decisivo na consolida\u00e7\u00e3o e expans\u00e3o de marcas no Brasil e no exterior<\/i><\/p>\n<p>A ind\u00fastria cosm\u00e9tica global atravessa uma fase de transforma\u00e7\u00e3o estrutural marcada por profissionaliza\u00e7\u00e3o acelerada, inova\u00e7\u00e3o cont\u00ednua e expans\u00e3o internacional, e segundo dados da Statista o mercado de beleza e cuidados pessoais j\u00e1 ultrapassa a marca de centenas de bilh\u00f5es de d\u00f3lares em faturamento anual mantendo crescimento consistente mesmo em cen\u00e1rios econ\u00f4micos desafiadores, enquanto no Brasil a ABIHPEC confirma o pa\u00eds entre os maiores mercados do mundo no segmento consolidando um ambiente altamente competitivo em que diferencia\u00e7\u00e3o deixou de ser apenas uma vantagem e passou a ser uma exig\u00eancia estrat\u00e9gica.<\/p>\n<p>Nesse contexto, um protagonista ganha relev\u00e2ncia crescente dentro das engrenagens que movem o setor, o especialista t\u00e9cnico, profissional que ultrapassa a execu\u00e7\u00e3o operacional e se posiciona como elo entre ind\u00fastria, mercado e forma\u00e7\u00e3o profissional, criando pontes entre o desenvolvimento de produtos, a aplica\u00e7\u00e3o pr\u00e1tica e a constru\u00e7\u00e3o de reputa\u00e7\u00e3o institucional, e \u00e9 justamente nessa interse\u00e7\u00e3o que se destaca a trajet\u00f3ria internacional de <b>Fernando Sanchez<\/b>, profissional com mais de 25 anos de experi\u00eancia acumulada em mais de 30 pa\u00edses, atuando em treinamentos t\u00e9cnicos, feiras globais e eventos setoriais que conectam inova\u00e7\u00e3o e mercado.<\/p>\n<p><b>T\u00e9cnica como motor de posicionamento<\/b><\/p>\n<p>O crescimento sustent\u00e1vel de uma marca cosm\u00e9tica n\u00e3o se apoia apenas em campanhas de marketing ou estrat\u00e9gias de distribui\u00e7\u00e3o, pois a consolida\u00e7\u00e3o no mercado profissional exige valida\u00e7\u00e3o pr\u00e1tica e credibilidade t\u00e9cnica, e relat\u00f3rio da McKinsey &amp; Company sobre o setor de beleza aponta que empresas que investem em capacita\u00e7\u00e3o e diferencia\u00e7\u00e3o profissional apresentam maior reten\u00e7\u00e3o de mercado e aumento do valor percebido, evidenciando que a t\u00e9cnica aplicada corretamente influencia diretamente o desempenho comercial.<\/p>\n<p>\u201cQuando um produto \u00e9 validado tecnicamente por quem est\u00e1 no dia a dia do sal\u00e3o, ele ganha autoridade real, o especialista t\u00e9cnico traduz a linguagem da ind\u00fastria para o profissional\u201d, afirma Fernando Sanchez, cuja atua\u00e7\u00e3o internacional contribuiu para padroniza\u00e7\u00e3o de aplica\u00e7\u00e3o de produtos, qualifica\u00e7\u00e3o de equipes e fortalecimento institucional de marcas, impactando tr\u00eas pilares estrat\u00e9gicos centrais que incluem consist\u00eancia na aplica\u00e7\u00e3o, redu\u00e7\u00e3o de falhas t\u00e9cnicas e fortalecimento da imagem corporativa perante o mercado profissional.<\/p>\n<p><b>Transfer\u00eancia de know-how e expans\u00e3o de mercado<\/b><\/p>\n<p>A expans\u00e3o internacional de empresas cosm\u00e9ticas depende da capacidade de transferir conhecimento t\u00e9cnico de forma estruturada e replic\u00e1vel, especialmente em ambientes globais como a Cosmoprof Bologna, na It\u00e1lia, e o Salon International, em Londres, reconhecidos como plataformas estrat\u00e9gicas de inova\u00e7\u00e3o e networking onde o especialista t\u00e9cnico assume n\u00e3o apenas a fun\u00e7\u00e3o de demonstrador, mas tamb\u00e9m de representante institucional, conectando cultura t\u00e9cnica e estrat\u00e9gia comercial em diferentes territ\u00f3rios.<\/p>\n<p>\u201cA t\u00e9cnica precisa ser replic\u00e1vel, quando voc\u00ea cria um m\u00e9todo ele pode ser aplicado em diferentes culturas e mercados\u201d, explica Sanchez ao destacar que a padroniza\u00e7\u00e3o de protocolos reduz riscos operacionais e facilita a entrada de marcas em novos pa\u00edses, movimento que encontra respaldo em an\u00e1lises da Euromonitor International indicando que empresas que integram forma\u00e7\u00e3o profissional \u00e0 estrat\u00e9gia comercial apresentam maior potencial de consolida\u00e7\u00e3o em mercados emergentes.<\/p>\n<p><b>Inova\u00e7\u00e3o aplicada \u00e0 pr\u00e1tica<\/b><\/p>\n<p>A inova\u00e7\u00e3o no setor cosm\u00e9tico n\u00e3o nasce apenas em laborat\u00f3rios, ela se fortalece no contato direto com o profissional que aplica o produto diariamente e identifica necessidades t\u00e9cnicas ainda n\u00e3o atendidas, e especialistas que mant\u00eam essa viv\u00eancia pr\u00e1tica acumulam dados concretos sobre performance, comportamento de consumo e oportunidades de melhoria, criando um ciclo de retroalimenta\u00e7\u00e3o entre pr\u00e1tica e ind\u00fastria que acelera desenvolvimento e aperfei\u00e7oamento de solu\u00e7\u00f5es.<\/p>\n<p>\u201cQuem est\u00e1 no mercado diariamente entende as dores reais do profissional, essa experi\u00eancia precisa voltar para a ind\u00fastria como melhoria de produto\u201d, afirma Fernando Sanchez, cuja trajet\u00f3ria evoluiu da aplica\u00e7\u00e3o t\u00e9cnica para a cria\u00e7\u00e3o e industrializa\u00e7\u00e3o de marca pr\u00f3pria integrando toda a cadeia produtiva desde o desenvolvimento at\u00e9 a entrega ao mercado, consolidando uma vis\u00e3o sist\u00eamica que une conhecimento t\u00e9cnico, estrat\u00e9gia empresarial e posicionamento institucional.<\/p>\n<p><b>Forma\u00e7\u00e3o profissional como multiplicador econ\u00f4mico<\/b><\/p>\n<p>A qualifica\u00e7\u00e3o t\u00e9cnica \u00e9 um dos pilares estruturantes da ind\u00fastria da beleza e segundo dados da Organiza\u00e7\u00e3o Internacional do Trabalho setores que investem em capacita\u00e7\u00e3o profissional tendem a apresentar maior estabilidade econ\u00f4mica e aumento de produtividade, cen\u00e1rio que no mercado cosm\u00e9tico se traduz em profissionais mais preparados demandando produtos de alta performance, elevando ticket m\u00e9dio e agregando valor \u00e0 cadeia como um todo.<\/p>\n<p>\u201cA forma\u00e7\u00e3o profissional n\u00e3o \u00e9 apenas educacional, \u00e9 estrat\u00e9gica, quanto mais o mercado evolui tecnicamente mais ele exige qualidade\u201d, destaca Sanchez ao relembrar os treinamentos presenciais e digitais que desenvolveu ao longo da carreira ampliando o alcance da capacita\u00e7\u00e3o para al\u00e9m das fronteiras f\u00edsicas e fortalecendo a base t\u00e9cnica que sustenta a expans\u00e3o do setor.<\/p>\n<p><b>Especialista t\u00e9cnico como ativo institucional<\/b><\/p>\n<p>Em um ambiente globalizado em que marcas competem por reputa\u00e7\u00e3o tanto quanto por pre\u00e7o, a presen\u00e7a de especialistas reconhecidos em eventos internacionais, treinamentos e plataformas educacionais fortalece a percep\u00e7\u00e3o de autoridade e confian\u00e7a, e estudo publicado pela Harvard Business Review sobre branding profissional demonstra que a associa\u00e7\u00e3o entre marca e especialista reconhecido amplia credibilidade e reduz barreiras de entrada em novos mercados, consolidando o especialista t\u00e9cnico como ativo institucional estrat\u00e9gico.<\/p>\n<p>Nesse cen\u00e1rio, trajet\u00f3rias como a de Fernando Sanchez evidenciam que o crescimento sustent\u00e1vel da ind\u00fastria cosm\u00e9tica depende da integra\u00e7\u00e3o entre t\u00e9cnica, forma\u00e7\u00e3o, gest\u00e3o e inova\u00e7\u00e3o, transformando conhecimento em m\u00e9todo estruturado, replic\u00e1vel e economicamente relevante, e como ele pr\u00f3prio conclui \u201cquando voc\u00ea entende que t\u00e9cnica \u00e9 estrat\u00e9gia voc\u00ea come\u00e7a a enxergar o setor de forma mais ampla\u201d, s\u00edntese de uma vis\u00e3o que posiciona o especialista n\u00e3o apenas como executor, mas como protagonista na evolu\u00e7\u00e3o global do mercado de beleza.<\/p>\n<p>Texto por: Priscilla Moura<\/p>\n<p>A <b>OESP<\/b> n\u00e3o \u00e9(s\u00e3o) respons\u00e1vel(is) por erros, incorre\u00e7\u00f5es, atrasos ou quaisquer decis\u00f5es tomadas por seus clientes com base nos Conte\u00fados ora disponibilizados, bem como tais Conte\u00fados n\u00e3o representam a opini\u00e3o da <b>OESP<\/b> e s\u00e3o de inteira responsabilidade da <b>PressWorks<\/b><\/p>\n\n\n<p><\/p>\n","protected":false},"excerpt":{"rendered":"Em um mercado global bilion\u00e1rio e cada vez mais competitivo, profissionais que dominam a t\u00e9cnica e a transformam em estrat\u00e9gia assumem papel decisivo na consolida\u00e7\u00e3o e expans\u00e3o de marcas no","protected":false},"author":1,"featured_media":125343,"comment_status":"open","ping_status":"closed","sticky":false,"template":"","format":"standard","meta":{"_acf_changed":false,"inline_featured_image":false,"_monsterinsights_skip_tracking":false,"_monsterinsights_sitenote_active":false,"_monsterinsights_sitenote_note":"","_monsterinsights_sitenote_category":0,"footnotes":""},"categories":[6750],"tags":[],"class_list":["post-125225","post","type-post","status-publish","format-standard","has-post-thumbnail","hentry","category-pressworks"],"acf":[],"_links":{"self":[{"href":"https:\/\/bluestudio.estadao.com.br\/agencia-de-comunicacao\/wp-json\/wp\/v2\/posts\/125225","targetHints":{"allow":["GET"]}}],"collection":[{"href":"https:\/\/bluestudio.estadao.com.br\/agencia-de-comunicacao\/wp-json\/wp\/v2\/posts"}],"about":[{"href":"https:\/\/bluestudio.estadao.com.br\/agencia-de-comunicacao\/wp-json\/wp\/v2\/types\/post"}],"author":[{"embeddable":true,"href":"https:\/\/bluestudio.estadao.com.br\/agencia-de-comunicacao\/wp-json\/wp\/v2\/users\/1"}],"replies":[{"embeddable":true,"href":"https:\/\/bluestudio.estadao.com.br\/agencia-de-comunicacao\/wp-json\/wp\/v2\/comments?post=125225"}],"version-history":[{"count":4,"href":"https:\/\/bluestudio.estadao.com.br\/agencia-de-comunicacao\/wp-json\/wp\/v2\/posts\/125225\/revisions"}],"predecessor-version":[{"id":126068,"href":"https:\/\/bluestudio.estadao.com.br\/agencia-de-comunicacao\/wp-json\/wp\/v2\/posts\/125225\/revisions\/126068"}],"wp:featuredmedia":[{"embeddable":true,"href":"https:\/\/bluestudio.estadao.com.br\/agencia-de-comunicacao\/wp-json\/wp\/v2\/media\/125343"}],"wp:attachment":[{"href":"https:\/\/bluestudio.estadao.com.br\/agencia-de-comunicacao\/wp-json\/wp\/v2\/media?parent=125225"}],"wp:term":[{"taxonomy":"category","embeddable":true,"href":"https:\/\/bluestudio.estadao.com.br\/agencia-de-comunicacao\/wp-json\/wp\/v2\/categories?post=125225"},{"taxonomy":"post_tag","embeddable":true,"href":"https:\/\/bluestudio.estadao.com.br\/agencia-de-comunicacao\/wp-json\/wp\/v2\/tags?post=125225"}],"curies":[{"name":"wp","href":"https:\/\/api.w.org\/{rel}","templated":true}]}}