{"id":125215,"date":"2026-03-06T09:12:00","date_gmt":"2026-03-06T12:12:00","guid":{"rendered":"https:\/\/bluestudio.estadao.com.br\/agencia-de-comunicacao\/prnewswire\/o-grupo-de-engenharia-segula-technologies-brasil-vai-recrutar-mais-de-600-profissionais-em-2026\/"},"modified":"2026-03-06T09:12:00","modified_gmt":"2026-03-06T12:12:00","slug":"o-grupo-de-engenharia-segula-technologies-brasil-vai-recrutar-mais-de-600-profissionais-em-2026","status":"publish","type":"post","link":"https:\/\/bluestudio.estadao.com.br\/agencia-de-comunicacao\/prnewswire\/o-grupo-de-engenharia-segula-technologies-brasil-vai-recrutar-mais-de-600-profissionais-em-2026\/","title":{"rendered":"O grupo de engenharia SEGULA Technologies Brasil vai recrutar mais de 600 profissionais em 2026"},"content":{"rendered":"\n<div class=\"xn-content\">\n<span class=\"legendSpanClass\">S\u00c3O JOS\u00c9 DOS PINHAIS, Brasil<\/span>, <span class=\"legendSpanClass\">6 de mar\u00e7o de 2026<\/span> \/PRNewswire\/ &#8212; Para o ano de 2026, a <a href=\"https:\/\/www.segulatechnologies.com\/fr\/\" target=\"_blank\" rel=\"nofollow\">SEGULA Technologies<\/a> Brasil prev\u00ea a contrata\u00e7\u00e3o de mais de 600 novos profissionais para apoiar seu crescimento cont\u00ednuo e a expans\u00e3o de projetos junto a clientes industriais estrat\u00e9gicos.<\/p>\n<div class=\"PRN_ImbeddedAssetReference\" id=\"DivAssetPlaceHolder1\">\n<a href=\"https:\/\/mma.prnewswire.com\/media\/2927314\/SEGULA_Brasil_recrutamento_2026.pdf?p=original\" target=\"_blank\" rel=\"nofollow\"><img decoding=\"async\" src=\"https:\/\/mma.prnewswire.com\/media\/2927314\/SEGULA_Brasil_recrutamento_2026.pdf?p=pdfthumbnail\" title=\"\" alt=\"\" \/><\/a>\n<\/p>\n<\/p><\/div>\n<p>O recrutamento ser\u00e1 direcionado principalmente a perfis de engenharia de <b>alto valor agregado e gest\u00e3o de projetos<\/b>, com o objetivo de refor\u00e7ar grandes programas nos setores de <b>agroneg\u00f3cio, automotivo, ferrovi\u00e1rio, aeroespacial <\/b>e <b>energia<\/b>. Os profissionais contratados atuar\u00e3o em uma ampla variedade de projetos, relacionados tanto a produtos quanto a processos, como o desenvolvimento de solu\u00e7\u00f5es de motoriza\u00e7\u00e3o mais limpas, a moderniza\u00e7\u00e3o de f\u00e1bricas, a implanta\u00e7\u00e3o de linhas de produ\u00e7\u00e3o e a defini\u00e7\u00e3o de novos portf\u00f3lios de ferramentas.<\/p>\n<p>Entre os perfis mais demandados neste ano est\u00e3o o de desenvolvedores de produto, engenheiros de processos, gerentes de projeto, especialistas em eletr\u00f4nica embarcada, calibradores de motores e engenheiros de automa\u00e7\u00e3o.<\/p>\n<p>A maioria das oportunidades estar\u00e1 concentrada nas regi\u00f5es <b>Sul e Sudeste do Brasil<\/b>, com vagas adicionais em regime remoto voltadas a tecnologia avan\u00e7ada e inova\u00e7\u00e3o.<\/p>\n<p>Fundada em 2003 na regi\u00e3o de Curitiba, a SEGULA Technologies Brasil vem ampliando de forma cont\u00ednua sua presen\u00e7a no pa\u00eds por meio de investimentos de longo prazo e parcerias estrat\u00e9gicas com grandes players industriais, atendendo atualmente mais de 30 clientes no Brasil. Desde a pandemia o grupo triplicou seu quadro de colaboradores, empregando hoje mais de 1.100 profissionais em todo o territ\u00f3rio nacional. Essa expans\u00e3o reflete a crescente demanda de clientes industriais por capacidades de engenharia e gest\u00e3o de projetos de alto valor agregado, desenvolvidas localmente.<\/p>\n<p><i>&#8220;Nosso crescimento reflete tanto a confian\u00e7a de nossos clientes quanto a for\u00e7a do talento em engenharia no Brasil&#8221;<\/i>, afirma <b>Aldemir Rodrigues, CEO<\/b>. <i>&#8220;Temos orgulho de continuar investindo no pa\u00eds, desenvolvendo compet\u00eancias locais e oferecendo aos engenheiros a oportunidade de atuar em projetos inovadores, com impacto real na ind\u00fastria.&#8221;<\/i><\/p>\n<p><b>Centro de Engenharia Agr\u00edcola impulsiona o recrutamento<\/b><\/p>\n<p>Um dos principais motores de crescimento para 2026 \u00e9 o <b>Centro Global de Excel\u00eancia em Ve\u00edculos Agr\u00edcolas <\/b>da empresa, inaugurado em 2025 em Curitiba. Dedicado ao projeto, desenvolvimento e industrializa\u00e7\u00e3o de m\u00e1quinas agr\u00edcolas de nova gera\u00e7\u00e3o, o centro apresentou r\u00e1pida expans\u00e3o, atraindo novos clientes e gerando forte demanda por talentos especializados em engenharia. Atualmente, \u00e9 um dos polos mais din\u00e2micos da SEGULA Technologies Brasil em inova\u00e7\u00e3o e recrutamento.<\/p>\n<p>Contato: <a href=\"mailto:emilie.dubos@segula.fr\" target=\"_blank\" rel=\"nofollow\">emilie.dubos@segula.fr;<\/a> <a href=\"mailto:lea.cangardel@lesroismages.fr\" target=\"_blank\" rel=\"nofollow\">lea.cangardel@lesroismages.fr<\/a><\/p>\n<p>PDF &#8211; <a href=\"https:\/\/mma.prnewswire.com\/media\/2927314\/SEGULA_Brasil_recrutamento_2026.pdf\" target=\"_blank\" rel=\"nofollow\">https:\/\/mma.prnewswire.com\/media\/2927314\/SEGULA_Brasil_recrutamento_2026.pdf<\/a><br \/>Logo &#8211; <a href=\"https:\/\/mma.prnewswire.com\/media\/2829057\/SEGULA_Technologies_logo.jpg\" target=\"_blank\" rel=\"nofollow\">https:\/\/mma.prnewswire.com\/media\/2829057\/SEGULA_Technologies_logo.jpg<\/a><\/p>\n<\/p>\n<div class=\"PRN_ImbeddedAssetReference\" id=\"DivAssetPlaceHolder2\">\n<a href=\"https:\/\/mma.prnewswire.com\/media\/2829057\/SEGULA_Technologies_logo.html\" target=\"_blank\" rel=\"nofollow\">  <img decoding=\"async\" src=\"https:\/\/mma.prnewswire.com\/media\/2829057\/SEGULA_Technologies_logo.jpg\" title=\"SEGULA Technologies logo (PRNewsfoto\/SEGULA Technologies)\" alt=\"SEGULA Technologies logo (PRNewsfoto\/SEGULA Technologies)\" \/><\/a>\n <\/p>\n<\/div>\n<p id=\"PURL\"><img loading=\"lazy\" decoding=\"async\" title=\"Cision\" width=\"12\" height=\"12\" alt=\"Cision\" src=\"https:\/\/edge.prnewswire.com\/c\/img\/favicon.png?sn=PT02456&amp;sd=2026-03-06\" \/> View original content to download multimedia:<a id=\"PRNURL\" rel=\"nofollow\" href=\"https:\/\/www.prnewswire.com\/br\/comunicados-para-a-imprensa\/o-grupo-de-engenharia-segula-technologies-brasil-vai-recrutar-mais-de-600-profissionais-em-2026-302705590.html\" target=\"_blank\">https:\/\/www.prnewswire.com\/br\/comunicados-para-a-imprensa\/o-grupo-de-engenharia-segula-technologies-brasil-vai-recrutar-mais-de-600-profissionais-em-2026-302705590.html<\/a><\/p>\n<p>FONTE SEGULA Technologies<\/p>\n<\/div>\n<p>  <img decoding=\"async\" alt=\"\" src=\"https:\/\/rt.prnewswire.com\/rt.gif?NewsItemId=PT02456&amp;Transmission_Id=202603060700PR_NEWS_LATAM____PT02456&amp;DateId=20260306\" style=\"border:0px;width:1px;height:1px\" \/><\/p>\n<p><strong>T\u00f3picos Relacionados:<\/strong> Transporte \/ Caminh\u00f5es \/ Ferrovias, Software de Computador, STEM (Ci\u00eancia, Tecnologia, Engenharia, Matem\u00e1tica), Petr\u00f3leo\/Energia, Computador\/Eletr\u00f4nica, Automotivo, Ferrovias e Transporte Intermodal, Fabrica\u00e7\u00e3o Geral, Aeroespacial\/Defesa, Gest\u00e3o de For\u00e7a de Trabalho\/RH, Agricultura, Expans\u00e3o Corporativa<\/p>\n<p>A <b>OESP<\/b> n\u00e3o \u00e9(s\u00e3o) respons\u00e1vel(is) por erros, incorre\u00e7\u00f5es, atrasos ou quaisquer decis\u00f5es tomadas por seus clientes com base nos Conte\u00fados ora disponibilizados, bem como tais Conte\u00fados n\u00e3o representam a opini\u00e3o da <b>OESP<\/b> e s\u00e3o de inteira responsabilidade da <b>PR Newswire Ltda<\/b><\/p>\n","protected":false},"excerpt":{"rendered":"S\u00c3O JOS\u00c9 DOS PINHAIS, Brasil, 6 de mar\u00e7o de 2026 \/PRNewswire\/ &#8212; Para o ano de 2026, a SEGULA Technologies Brasil prev\u00ea a contrata\u00e7\u00e3o de mais de 600 novos profissionais para apoiar seu","protected":false},"author":1,"featured_media":125216,"comment_status":"open","ping_status":"closed","sticky":false,"template":"","format":"standard","meta":{"_acf_changed":false,"inline_featured_image":false,"_monsterinsights_skip_tracking":false,"_monsterinsights_sitenote_active":false,"_monsterinsights_sitenote_note":"","_monsterinsights_sitenote_category":0,"footnotes":""},"categories":[27],"tags":[7519,7518],"class_list":["post-125215","post","type-post","status-publish","format-standard","has-post-thumbnail","hentry","category-prnewswire","tag-a-segula-technologies-brasil-preve-a-contratacao-de-mais-de-600-novos-profissionais-para-apoiar-seu-crescimento-continuo-e-a-expansao-de-projetos-junto-a-clien","tag-para-o-ano-de-2026"],"acf":[],"_links":{"self":[{"href":"https:\/\/bluestudio.estadao.com.br\/agencia-de-comunicacao\/wp-json\/wp\/v2\/posts\/125215","targetHints":{"allow":["GET"]}}],"collection":[{"href":"https:\/\/bluestudio.estadao.com.br\/agencia-de-comunicacao\/wp-json\/wp\/v2\/posts"}],"about":[{"href":"https:\/\/bluestudio.estadao.com.br\/agencia-de-comunicacao\/wp-json\/wp\/v2\/types\/post"}],"author":[{"embeddable":true,"href":"https:\/\/bluestudio.estadao.com.br\/agencia-de-comunicacao\/wp-json\/wp\/v2\/users\/1"}],"replies":[{"embeddable":true,"href":"https:\/\/bluestudio.estadao.com.br\/agencia-de-comunicacao\/wp-json\/wp\/v2\/comments?post=125215"}],"version-history":[{"count":0,"href":"https:\/\/bluestudio.estadao.com.br\/agencia-de-comunicacao\/wp-json\/wp\/v2\/posts\/125215\/revisions"}],"wp:featuredmedia":[{"embeddable":true,"href":"https:\/\/bluestudio.estadao.com.br\/agencia-de-comunicacao\/wp-json\/wp\/v2\/media\/125216"}],"wp:attachment":[{"href":"https:\/\/bluestudio.estadao.com.br\/agencia-de-comunicacao\/wp-json\/wp\/v2\/media?parent=125215"}],"wp:term":[{"taxonomy":"category","embeddable":true,"href":"https:\/\/bluestudio.estadao.com.br\/agencia-de-comunicacao\/wp-json\/wp\/v2\/categories?post=125215"},{"taxonomy":"post_tag","embeddable":true,"href":"https:\/\/bluestudio.estadao.com.br\/agencia-de-comunicacao\/wp-json\/wp\/v2\/tags?post=125215"}],"curies":[{"name":"wp","href":"https:\/\/api.w.org\/{rel}","templated":true}]}}