{"id":125029,"date":"2026-03-04T09:56:34","date_gmt":"2026-03-04T12:56:34","guid":{"rendered":"https:\/\/bluestudio.estadao.com.br\/agencia-de-comunicacao\/?p=125029"},"modified":"2026-03-04T09:56:36","modified_gmt":"2026-03-04T12:56:36","slug":"cbpm-liminar-suspende-venda-operacao-equinox-gold-cmoc-bahia","status":"publish","type":"post","link":"https:\/\/bluestudio.estadao.com.br\/agencia-de-comunicacao\/agencia-minera-brasil\/cbpm-liminar-suspende-venda-operacao-equinox-gold-cmoc-bahia\/","title":{"rendered":"CBPM obt\u00e9m liminar que reverte venda de opera\u00e7\u00e3o da Equinox Gold na Bahia"},"content":{"rendered":"\n<p><em>Venda da opera\u00e7\u00e3o \u00e0 CMOC ocorreu sem anu\u00eancia da CBPM, que \u00e9 propriet\u00e1ria do direito miner\u00e1rio e arrendou para a Equinox Gold.<\/em><\/p>\n\n\n\n<p>A Companhia Baiana de Pesquisa Mineral (CBPM) obteve decis\u00e3o liminar favor\u00e1vel na Justi\u00e7a da Bahia no processo que contesta a venda da opera\u00e7\u00e3o baiana da Equinox Gold para a multinacional chinesa CMOC, transa\u00e7\u00e3o anunciada por US$ 1,015 bilh\u00e3o e que envolve o chamado \u201cComplexo Bahia\u201d, \u00e1rea de produ\u00e7\u00e3o de ouro localizada no munic\u00edpio de Santaluz.<\/p>\n\n\n\n<p>A decis\u00e3o foi proferida nesta segunda-feira (3) pelo juiz Dario Gurgel de Castro, da 5\u00aa Vara C\u00edvel e Comercial de Salvador, no \u00e2mbito da a\u00e7\u00e3o de rescis\u00e3o contratual por descumprimento de cl\u00e1usula contratual cumulada com indeniza\u00e7\u00e3o por perdas e danos ajuizada pela CBPM.<\/p>\n\n\n\n<h2 class=\"wp-block-heading\"><strong>Legitimidade da a\u00e7\u00e3o da CBPM<\/strong><\/h2>\n\n\n\n<p>Em sua fundamenta\u00e7\u00e3o, o magistrado reconheceu a presen\u00e7a dos requisitos para a concess\u00e3o de tutela de urg\u00eancia, destacando a plausibilidade do direito invocado pela estatal baiana.<\/p>\n\n\n\n<p><em>\u201cO contrato celebrado apresenta elementos caracter\u00edsticos de contrato administrativo, na medida em que decorre de procedimento licitat\u00f3rio, possui por objeto a explora\u00e7\u00e3o de direitos miner\u00e1rios de titularidade estatal e estabelece mecanismos de fiscaliza\u00e7\u00e3o, controle e condicionamento da atua\u00e7\u00e3o da parte contratada, evidenciando, em princ\u00edpio, a preval\u00eancia do regime jur\u00eddico de direito p\u00fablico sobre o privado\u201d<\/em>, afirmou o juiz Dario Gurgel de Castro.<\/p>\n\n\n\n<p>Ainda de acordo com o magistrado, a cl\u00e1usula contratual que exige anu\u00eancia pr\u00e9via e expressa da CBPM para negocia\u00e7\u00e3o de direitos e obriga\u00e7\u00f5es decorrentes do contrato n\u00e3o pode ser interpretada de forma estritamente empresarial, devendo ser analisada \u00e0 luz do interesse p\u00fablico e do dever de fiscaliza\u00e7\u00e3o da Administra\u00e7\u00e3o.<\/p>\n\n\n\n<h2 class=\"wp-block-heading\"><strong>Medidas judiciais imp\u00f5em restri\u00e7\u00f5es \u00e0 negocia\u00e7\u00e3o<\/strong><\/h2>\n\n\n\n<p>Com base nesse entendimento, o juiz determinou que as empresas envolvidas se abstenham de realizar quaisquer atos de cess\u00e3o, transfer\u00eancia, reorganiza\u00e7\u00e3o societ\u00e1ria ou disposi\u00e7\u00e3o, direta ou indireta, dos direitos miner\u00e1rios vinculados ao contrato sem pr\u00e9via anu\u00eancia da CBPM, sob pena de multa di\u00e1ria de R$ 60 mil, limitada inicialmente a R$ 1 milh\u00e3o.<\/p>\n\n\n\n<p>Tamb\u00e9m foi fixado prazo de 15 dias para que as r\u00e9s apresentem toda a documenta\u00e7\u00e3o relacionada \u00e0 opera\u00e7\u00e3o societ\u00e1ria, incluindo os instrumentos contratuais, a demonstra\u00e7\u00e3o da estrutura societ\u00e1ria anterior e posterior \u00e0 transa\u00e7\u00e3o e as comunica\u00e7\u00f5es realizadas aos \u00f3rg\u00e3os reguladores competentes.<\/p>\n\n\n\n<p>A liminar ainda determinou a expedi\u00e7\u00e3o de of\u00edcio \u00e0 Ag\u00eancia Nacional de Minera\u00e7\u00e3o (ANM) para que seja registrada a exist\u00eancia da a\u00e7\u00e3o judicial nos processos miner\u00e1rios relacionados ao Complexo Bahia.<\/p>\n\n\n\n<p>Com a decis\u00e3o, a venda indevida da opera\u00e7\u00e3o vinculada ao direito miner\u00e1rio pertencente ao Estado da Bahia passa a tramitar sob restri\u00e7\u00f5es judiciais, enquanto o m\u00e9rito da a\u00e7\u00e3o, que poder\u00e1 resultar na rescis\u00e3o contratual e eventual indeniza\u00e7\u00e3o, seguir\u00e1 em an\u00e1lise na Justi\u00e7a baiana.<\/p>\n\n\n\n<h2 class=\"wp-block-heading\"><strong>Defesa do patrim\u00f4nio mineral da Bahia<\/strong><\/h2>\n\n\n\n<p>Para o presidente da CBPM, Henrique Carballal, a decis\u00e3o da Justi\u00e7a baiana evidencia a irregularidade na negocia\u00e7\u00e3o de um ativo mineral pertencente ao povo da Bahia.<\/p>\n\n\n\n<p><em>\u201cA CBPM n\u00e3o abrir\u00e1 m\u00e3o de suas prerrogativas legais nem permitir\u00e1 a negocia\u00e7\u00e3o dos direitos do povo baiano. O patrim\u00f4nio mineral da Bahia \u00e9 intransfer\u00edvel e ser\u00e1 defendido com rigor. Seguiremos firmes na prote\u00e7\u00e3o dos direitos do povo baiano e na garantia de que qualquer negocia\u00e7\u00e3o desses ativos respeite integralmente a legalidade e o interesse p\u00fablico\u201d<\/em>, declarou.<\/p>\n\n\n\n<p>A\u00a0<strong>OESP\u00a0<\/strong>n\u00e3o \u00e9 respons\u00e1vel por erros, incorre\u00e7\u00f5es, atrasos ou quaisquer decis\u00f5es tomadas por seus clientes com base nos Conte\u00fados ora disponibilizados, bem como tais Conte\u00fados n\u00e3o representam a opini\u00e3o da\u00a0<strong>OESP\u00a0<\/strong>e s\u00e3o de inteira responsabilidade da\u00a0<strong>Ag\u00eancia Minera Brasil<\/strong>.<\/p>\n","protected":false},"excerpt":{"rendered":"Venda da opera\u00e7\u00e3o \u00e0 CMOC ocorreu sem anu\u00eancia da CBPM, que \u00e9 propriet\u00e1ria do direito miner\u00e1rio e arrendou para a Equinox Gold.","protected":false},"author":16,"featured_media":125030,"comment_status":"open","ping_status":"closed","sticky":false,"template":"","format":"standard","meta":{"_acf_changed":false,"inline_featured_image":false,"_monsterinsights_skip_tracking":false,"_monsterinsights_sitenote_active":false,"_monsterinsights_sitenote_note":"","_monsterinsights_sitenote_category":0,"footnotes":""},"categories":[351],"tags":[],"class_list":["post-125029","post","type-post","status-publish","format-standard","has-post-thumbnail","hentry","category-agencia-minera-brasil"],"acf":[],"_links":{"self":[{"href":"https:\/\/bluestudio.estadao.com.br\/agencia-de-comunicacao\/wp-json\/wp\/v2\/posts\/125029","targetHints":{"allow":["GET"]}}],"collection":[{"href":"https:\/\/bluestudio.estadao.com.br\/agencia-de-comunicacao\/wp-json\/wp\/v2\/posts"}],"about":[{"href":"https:\/\/bluestudio.estadao.com.br\/agencia-de-comunicacao\/wp-json\/wp\/v2\/types\/post"}],"author":[{"embeddable":true,"href":"https:\/\/bluestudio.estadao.com.br\/agencia-de-comunicacao\/wp-json\/wp\/v2\/users\/16"}],"replies":[{"embeddable":true,"href":"https:\/\/bluestudio.estadao.com.br\/agencia-de-comunicacao\/wp-json\/wp\/v2\/comments?post=125029"}],"version-history":[{"count":1,"href":"https:\/\/bluestudio.estadao.com.br\/agencia-de-comunicacao\/wp-json\/wp\/v2\/posts\/125029\/revisions"}],"predecessor-version":[{"id":125031,"href":"https:\/\/bluestudio.estadao.com.br\/agencia-de-comunicacao\/wp-json\/wp\/v2\/posts\/125029\/revisions\/125031"}],"wp:featuredmedia":[{"embeddable":true,"href":"https:\/\/bluestudio.estadao.com.br\/agencia-de-comunicacao\/wp-json\/wp\/v2\/media\/125030"}],"wp:attachment":[{"href":"https:\/\/bluestudio.estadao.com.br\/agencia-de-comunicacao\/wp-json\/wp\/v2\/media?parent=125029"}],"wp:term":[{"taxonomy":"category","embeddable":true,"href":"https:\/\/bluestudio.estadao.com.br\/agencia-de-comunicacao\/wp-json\/wp\/v2\/categories?post=125029"},{"taxonomy":"post_tag","embeddable":true,"href":"https:\/\/bluestudio.estadao.com.br\/agencia-de-comunicacao\/wp-json\/wp\/v2\/tags?post=125029"}],"curies":[{"name":"wp","href":"https:\/\/api.w.org\/{rel}","templated":true}]}}