{"id":124841,"date":"2026-03-02T04:42:00","date_gmt":"2026-03-02T07:42:00","guid":{"rendered":"https:\/\/bluestudio.estadao.com.br\/agencia-de-comunicacao\/prnewswire\/strutt-ev%c2%b9-conquista-o-premio-de-design-if-potencializando-o-crescimento-comercial-apos-o-lancamento-fenomenal-na-ces-2026\/"},"modified":"2026-03-02T04:42:00","modified_gmt":"2026-03-02T07:42:00","slug":"strutt-ev%c2%b9-conquista-o-premio-de-design-if-potencializando-o-crescimento-comercial-apos-o-lancamento-fenomenal-na-ces-2026","status":"publish","type":"post","link":"https:\/\/bluestudio.estadao.com.br\/agencia-de-comunicacao\/prnewswire\/strutt-ev%c2%b9-conquista-o-premio-de-design-if-potencializando-o-crescimento-comercial-apos-o-lancamento-fenomenal-na-ces-2026\/","title":{"rendered":"Strutt ev\u00b9 conquista o Pr\u00eamio de Design iF, potencializando o crescimento comercial ap\u00f3s o lan\u00e7amento fenomenal na CES 2026"},"content":{"rendered":"\n<div class=\"xn-content\">\n<span class=\"legendSpanClass\">SINGAPURA<\/span>, 2 de mar\u00e7o de 2026 \/PRNewswire\/ &#8212; A Strutt, pioneira em mobilidade pessoal inteligente, anuncia hoje que seu ve\u00edculo principal, o Strutt ev\u00b9, foi homenageado com o prestigioso Pr\u00eamio de Design iF. Esse reconhecimento valida ainda mais a lideran\u00e7a tecnol\u00f3gica da empresa e acelera seu crescimento comercial, reabrindo mais vagas de pr\u00e9-venda ap\u00f3s o r\u00e1pido esgotamento da aloca\u00e7\u00e3o inicial de reserva antecipada.<\/p>\n<div id=\"prni_dvprnejpga8f0left\" dir=\"ltr\" style=\"width: 100%;text-align: left\"><img decoding=\"async\" id=\"prnejpga8f0left\" title=\" \" src=\"https:\/\/mma.prnewswire.com\/media\/2921931\/image_5032906_11467933.jpg\" alt=\" \" align=\"middle\" \/><\/div>\n<p>Reconhecido desde 1954 como um s\u00edmbolo global de excel\u00eancia criativa, o selo iF \u00e9 concedido por um j\u00fari independente composto por 129 especialistas internacionais em design e sustentabilidade. O ev\u00b9 foi selecionado por meio de uma avalia\u00e7\u00e3o rigorosa de mais de 10.000 inscri\u00e7\u00f5es de 68 pa\u00edses. Essa vit\u00f3ria reconhece os inovadores que ousam desafiar as conven\u00e7\u00f5es, repensar os sistemas e elevar as experi\u00eancias cotidianas a um impacto significativo &#8212; uma filosofia que se alinha \u00e0 miss\u00e3o de design da Strutt.<\/p>\n<p>Essa \u00faltima conquista soma-se ao portf\u00f3lio em r\u00e1pida expans\u00e3o da Strutt de reconhecimentos de alto n\u00edvel no setor, que inclui o Pr\u00eamio de Inova\u00e7\u00e3o CES 2026 e o cobi\u00e7ado Red Dot: Luminary de 2025. A sequ\u00eancia vencedora representa um poderoso consenso das comunidades globais de tecnologia e design quanto \u00e0 viabilidade comercial e o potencial de defini\u00e7\u00e3o de mercado do ev\u00b9.<\/p>\n<p>O ev\u00b9 rompe com o mercado atual ao apresentar, pela primeira vez, recursos de ve\u00edculo inteligente no setor de transporte pessoal. A evSense, tecnologia exclusiva do ve\u00edculo, serve como uma importante barreira competitiva. Utilizando algoritmos inteligentes avan\u00e7ados e LiDAR, o sistema evSense mapeia continuamente toda a complexidade do ambiente do usu\u00e1rio em tempo real. Ele faz ajustes cont\u00ednuos e sem interrup\u00e7\u00f5es para prevenir proativamente colis\u00f5es com paredes, m\u00f3veis, pedestres e animais de estima\u00e7\u00e3o, redefinindo os padr\u00f5es de seguran\u00e7a e independ\u00eancia do usu\u00e1rio.<\/p>\n<p>&#8220;Receber o Pr\u00eamio de Design iF \u00e9 uma valida\u00e7\u00e3o da nossa vis\u00e3o estrat\u00e9gica e da execu\u00e7\u00e3o&#8221;, disse Tony Hong, CEO da Strutt. &#8220;Ap\u00f3s nosso Pr\u00eamio de Inova\u00e7\u00e3o CES e o reconhecimento Red Dot: Luminary, estamos vendo esses reconhecimentos do setor se traduzirem diretamente em um forte impulso nas vendas antecipadas. Nosso foco continua sendo escalar nossas opera\u00e7\u00f5es para atender a essa demanda acelerada e entregar um produto que remova as barreiras pr\u00e1ticas da mobilidade di\u00e1ria.&#8221;<\/p>\n<p><b>Sobre a Strutt<\/b><\/p>\n<p>A Strutt \u00e9 uma empresa de rob\u00f3tica constitu\u00edda em Singapura que est\u00e1 redefinindo o transporte pessoal por meio de tecnologias avan\u00e7adas de sensoriamento, condu\u00e7\u00e3o aut\u00f4noma e design industrial premiado. Desde sua estreia global na CES 2026, o Strutt ev\u00b9 passou a definir uma nova categoria em mobilidade pessoal inteligente, projetado para oferecer seguran\u00e7a, intelig\u00eancia e controle em n\u00edvel de ve\u00edculo el\u00e9trico em um ve\u00edculo pessoal compacto feito para o uso cotidiano.<\/p>\n<p>Saiba mais: <a href=\"https:\/\/nam11.safelinks.protection.outlook.com\/?url=https%3A%2F%2Fwww.strutt.inc%2F&amp;data=05%7C02%7Cprninternationaldesk%40N0151C.onmicrosoft.com%7C2ecd137ed256472c80f808de781e16b5%7C887bf9ee3c824b88bcb280d5e169b99b%7C1%7C0%7C639080267815600264%7CUnknown%7CTWFpbGZsb3d8eyJFbXB0eU1hcGkiOnRydWUsIlYiOiIwLjAuMDAwMCIsIlAiOiJXaW4zMiIsIkFOIjoiTWFpbCIsIldUIjoyfQ%3D%3D%7C0%7C%7C%7C&amp;sdata=ILPhYujkdui8JsxYKgBSwaIIvQ2fXfH9alcN%2BjsoSLw%3D&amp;reserved=0\" target=\"_blank\" rel=\"nofollow\">https:\/\/www.strutt.inc\/<\/a><\/p>\n<p>Esta \u00e9 uma vers\u00e3o traduzida. Para informa\u00e7\u00f5es precisas, consulte a vers\u00e3o oficial em ingl\u00eas.<\/p>\n<div id=\"prni_dvprnejpg62ableft\" dir=\"ltr\" style=\"width: 100%;text-align: left\"><img decoding=\"async\" id=\"prnejpg62ableft\" title=\"Strutt Logo\" src=\"https:\/\/mma.prnewswire.com\/media\/2589676\/Strutt_logo.jpg\" alt=\"Strutt Logo\" align=\"middle\" \/><\/div>\n<p>Foto &#8211; <a href=\"https:\/\/mma.prnewswire.com\/media\/2921931\/image_5032906_11467933.jpg\" target=\"_blank\" rel=\"nofollow\">https:\/\/mma.prnewswire.com\/media\/2921931\/image_5032906_11467933.jpg<\/a><br \/>Logo &#8211; <a href=\"https:\/\/mma.prnewswire.com\/media\/2589676\/Strutt_logo.jpg\" target=\"_blank\" rel=\"nofollow\">https:\/\/mma.prnewswire.com\/media\/2589676\/Strutt_logo.jpg<\/a><\/p>\n<p id=\"PURL\"><img loading=\"lazy\" decoding=\"async\" title=\"Cision\" width=\"12\" height=\"12\" alt=\"Cision\" src=\"https:\/\/edge.prnewswire.com\/c\/img\/favicon.png?sn=PT97528&amp;sd=2026-03-02\" \/> View original content:<a id=\"PRNURL\" rel=\"nofollow\" href=\"https:\/\/www.prnewswire.com\/br\/comunicados-para-a-imprensa\/strutt-ev-conquista-o-premio-de-design-if-potencializando-o-crescimento-comercial-apos-o-lancamento-fenomenal-na-ces-2026-302700766.html\" target=\"_blank\">https:\/\/www.prnewswire.com\/br\/comunicados-para-a-imprensa\/strutt-ev-conquista-o-premio-de-design-if-potencializando-o-crescimento-comercial-apos-o-lancamento-fenomenal-na-ces-2026-302700766.html<\/a><\/p>\n<p>FONTE Strutt Inc.<\/p>\n<\/div>\n<p>  <img decoding=\"async\" alt=\"\" src=\"https:\/\/rt.prnewswire.com\/rt.gif?NewsItemId=PT97528&amp;Transmission_Id=202603020218PR_NEWS_LATAM____PT97528&amp;DateId=20260302\" style=\"border:0px;width:1px;height:1px\" \/><\/p>\n<p><strong>T\u00f3picos Relacionados:<\/strong> Transporte \/ Caminh\u00f5es \/ Ferrovias, Pr\u00eamios, Computador\/Eletr\u00f4nica<\/p>\n<p>A <b>OESP<\/b> n\u00e3o \u00e9(s\u00e3o) respons\u00e1vel(is) por erros, incorre\u00e7\u00f5es, atrasos ou quaisquer decis\u00f5es tomadas por seus clientes com base nos Conte\u00fados ora disponibilizados, bem como tais Conte\u00fados n\u00e3o representam a opini\u00e3o da <b>OESP<\/b> e s\u00e3o de inteira responsabilidade da <b>PR Newswire Ltda<\/b><\/p>\n","protected":false},"excerpt":{"rendered":"SINGAPURA, 2 de mar\u00e7o de 2026 \/PRNewswire\/ &#8212; A Strutt, pioneira em mobilidade pessoal inteligente, anuncia hoje que seu ve\u00edculo principal, o Strutt ev\u00b9, foi homenageado com o prestigioso","protected":false},"author":1,"featured_media":124842,"comment_status":"open","ping_status":"closed","sticky":false,"template":"","format":"standard","meta":{"_acf_changed":false,"inline_featured_image":false,"_monsterinsights_skip_tracking":false,"_monsterinsights_sitenote_active":false,"_monsterinsights_sitenote_note":"","_monsterinsights_sitenote_category":0,"footnotes":""},"categories":[27],"tags":[5605,7308,7310,7309,7307],"class_list":["post-124841","post","type-post","status-publish","format-standard","has-post-thumbnail","hentry","category-prnewswire","tag-a-strutt","tag-anuncia-hoje-que-seu-veiculo-principal","tag-foi-homenageado-com-o-prestigioso-premio-de-design-if-esse-reconhecime","tag-o-strutt-ev","tag-pioneira-em-mobilidade-pessoal-inteligente"],"acf":[],"_links":{"self":[{"href":"https:\/\/bluestudio.estadao.com.br\/agencia-de-comunicacao\/wp-json\/wp\/v2\/posts\/124841","targetHints":{"allow":["GET"]}}],"collection":[{"href":"https:\/\/bluestudio.estadao.com.br\/agencia-de-comunicacao\/wp-json\/wp\/v2\/posts"}],"about":[{"href":"https:\/\/bluestudio.estadao.com.br\/agencia-de-comunicacao\/wp-json\/wp\/v2\/types\/post"}],"author":[{"embeddable":true,"href":"https:\/\/bluestudio.estadao.com.br\/agencia-de-comunicacao\/wp-json\/wp\/v2\/users\/1"}],"replies":[{"embeddable":true,"href":"https:\/\/bluestudio.estadao.com.br\/agencia-de-comunicacao\/wp-json\/wp\/v2\/comments?post=124841"}],"version-history":[{"count":0,"href":"https:\/\/bluestudio.estadao.com.br\/agencia-de-comunicacao\/wp-json\/wp\/v2\/posts\/124841\/revisions"}],"wp:featuredmedia":[{"embeddable":true,"href":"https:\/\/bluestudio.estadao.com.br\/agencia-de-comunicacao\/wp-json\/wp\/v2\/media\/124842"}],"wp:attachment":[{"href":"https:\/\/bluestudio.estadao.com.br\/agencia-de-comunicacao\/wp-json\/wp\/v2\/media?parent=124841"}],"wp:term":[{"taxonomy":"category","embeddable":true,"href":"https:\/\/bluestudio.estadao.com.br\/agencia-de-comunicacao\/wp-json\/wp\/v2\/categories?post=124841"},{"taxonomy":"post_tag","embeddable":true,"href":"https:\/\/bluestudio.estadao.com.br\/agencia-de-comunicacao\/wp-json\/wp\/v2\/tags?post=124841"}],"curies":[{"name":"wp","href":"https:\/\/api.w.org\/{rel}","templated":true}]}}