{"id":124788,"date":"2026-02-27T12:27:00","date_gmt":"2026-02-27T15:27:00","guid":{"rendered":"https:\/\/bluestudio.estadao.com.br\/agencia-de-comunicacao\/releases\/releases-geral\/aveda-anuncia-inovacao-revolucionaria-em-embalagens-recarregaveis-em-parceria-com-a-aeroflexx\/"},"modified":"2026-02-27T12:27:00","modified_gmt":"2026-02-27T15:27:00","slug":"aveda-anuncia-inovacao-revolucionaria-em-embalagens-recarregaveis-em-parceria-com-a-aeroflexx","status":"publish","type":"post","link":"https:\/\/bluestudio.estadao.com.br\/agencia-de-comunicacao\/releases\/releases-geral\/aveda-anuncia-inovacao-revolucionaria-em-embalagens-recarregaveis-em-parceria-com-a-aeroflexx\/","title":{"rendered":"Aveda Anuncia Inova\u00e7\u00e3o Revolucion\u00e1ria em Embalagens Recarreg\u00e1veis em Parceria com a AeroFlexx"},"content":{"rendered":"<p>MINNEAPOLIS, Feb.  27, 2026  (GLOBE NEWSWIRE) &#8212; A Aveda, pioneira em cuidados capilares, da pele e do corpo, com foco em resultados e \u00e0 base de plantas, oferecendo produtos de alta performance, anunciou uma parceria com a AeroFlexx, l\u00edder em embalagens voltadas para a sustentabilidade, para apresentar uma nova inova\u00e7\u00e3o em embalagens de recarga que redefine o que \u00e9 poss\u00edvel no mundo da beleza. A Aveda ser\u00e1 a primeira marca de beleza de prest\u00edgio a comercializar globalmente a inovadora tecnologia de embalagens de recarga recicl\u00e1veis<sup>1<\/sup> da AeroFlexx, um marco da ind\u00fastria em dire\u00e7\u00e3o a solu\u00e7\u00f5es de embalagens mais sustent\u00e1veis e centradas no consumidor.<\/p>\n<p>O formato da AeroFlexx une a sustentabilidade com a funcionalidade, oferecendo aos usu\u00e1rios uma experi\u00eancia premium com reabastecimento controlado e com sistema de fechamento herm\u00e9tico. Al\u00e9m disso, o uso deste refil, com sua estrutura leve e integrada tipo aerof\u00f3lio, utiliza at\u00e9 70% menos pl\u00e1stico do que dois frascos Aveda de 250 ml e contribui para um processo de reciclagem mais eficiente. Essa tecnologia de design de recarga se alinha aos princ\u00edpios de design para reciclagem da Aveda e ao compromisso de reduzir o impacto da embalagem sem comprometer o desempenho do produto ou a experi\u00eancia do usu\u00e1rio.<\/p>\n<p>A Aveda acredita que a inova\u00e7\u00e3o em embalagens deve promover a sustentabilidade e a experi\u00eancia do usu\u00e1rio, e a AeroFlexx nos permite fazer exatamente isso, disse <strong>Nicole Call, Diretora de Desenvolvimento Global de Embalagens da Aveda<\/strong>. Esta solu\u00e7\u00e3o de recarga reduz o uso de pl\u00e1stico, al\u00e9m de atender aos altos padr\u00f5es de design, reciclabilidade e desempenho da Aveda, refletindo o tipo de inova\u00e7\u00e3o consciente e respons\u00e1vel que estamos comprometidos em levar ao mercado.<\/p>\n<p>Essa parceria demonstra o que \u00e9 poss\u00edvel quando duas organiza\u00e7\u00f5es com valores alinhados se unem para impulsionar o setor, disse <strong>Peter Messacar, VP Comercial e de Desenvolvimento de Neg\u00f3cios da AeroFlexx.<\/strong> Com a integra\u00e7\u00e3o da tecnologia de embalagens da AeroFlexx ao seu portf\u00f3lio, a Aveda estabelece um novo precedente sobre como as principais marcas de beleza de prest\u00edgio podem ao mesmo tempo reduzir o pl\u00e1stico e aprimorar a experi\u00eancia do consumidor.<\/p>\n<p>A nova embalagem de recarga da AeroFlexx ser\u00e1 lan\u00e7ada em alguns produtos Aveda mais vendidos a partir do in\u00edcio do pr\u00f3ximo ano. Essa parceria reflete a lideran\u00e7a de d\u00e9cadas da Aveda em embalagens respons\u00e1veis, desde a ado\u00e7\u00e3o precoce de materiais reciclados p\u00f3s-consumo, at\u00e9 os investimentos cont\u00ednuos em inova\u00e7\u00f5es que priorizam a circularidade, refor\u00e7ando o seu compromisso em impulsionar a ind\u00fastria da beleza rumo a padr\u00f5es ambientais e de sustentabilidade mais elevados.<\/p>\n<p>_______________<br \/><sup>1<\/sup> Coleta seletiva em locais onde garrafas pl\u00e1sticas de PEAD s\u00e3o aceitas. Consulte a reciclagem da prefeitura local para obter detalhes.<\/p>\n<p><strong>SOBRE A AVEDA<\/strong><br \/><em>A miss\u00e3o da Aveda \u00e9 cuidar do mundo em que vivemos, desde a cria\u00e7\u00e3o de produtos de beleza com base bot\u00e2nica at\u00e9 \u00e0s formas como retribu\u00edmos \u00e0 sociedade. Na Aveda, nos esfor\u00e7amos para dar o exemplo de lideran\u00e7a e responsabilidade ambiental, tanto no mundo da beleza, como em todo o mundo.<\/em><\/p>\n<p>Uma for\u00e7a da natureza desde 1978, a Aveda foi fundada pelo cabeleireiro Horst Rechelbacher com a miss\u00e3o de cuidar do mundo em que vivemos. Criada com cuidado para as pessoas e o planeta, a Aveda cria produtos veganos, com base bot\u00e2nica e de alto desempenho para cabelos, pele e corpo. A Aveda usa tecnologia bot\u00e2nica e qu\u00edmica verde, combinando os princ\u00edpios da ci\u00eancia moderna com a antiga arte da cura ayurv\u00e9dica. A Aveda tem o selo Leaping Bunny, aprovado pela Cruelty Free International, e \u00e9 uma empresa B Corporation certificada, atendendo a altos padr\u00f5es verificados de desempenho social e ambiental, transpar\u00eancia e responsabilidade. Os produtos Aveda est\u00e3o dispon\u00edveis em mais de 45 mercados em todo o mundo, em lojas pr\u00f3prias, sal\u00f5es parceiros e varejistas especializados e em aveda.com. Para todo cabelo, para todos.<\/p>\n<p><strong>SOBRE a AEROFLEXX<\/strong><br \/>A AeroFlexx \u00e9 uma empresa integrada de embalagens l\u00edquidas que oferece solu\u00e7\u00f5es completas e est\u00e1 revolucionando o mercado de solu\u00e7\u00f5es sustent\u00e1veis em uma ampla gama de categorias, incluindo cuidados pessoais, produtos dom\u00e9sticos, cuidados com beb\u00eas, cuidados com animais de estima\u00e7\u00e3o, alimentos e aplica\u00e7\u00f5es industriais. A tecnologia propriet\u00e1ria da AeroFlexx transforma o panorama das embalagens, combinando as vantagens dos formatos flex\u00edveis e r\u00edgidos em uma oferta altamente personaliz\u00e1vel que funciona tanto como embalagem principal quanto como op\u00e7\u00e3o de refil premium. O resultado \u00e9 uma experi\u00eancia de consumo diferenciada, valor de marca aprimorado e benef\u00edcios de sustentabilidade l\u00edderes do setor.<\/p>\n<p>Com sede em West Chester, Ohio, a AeroFlexx faz parte da fam\u00edlia de empresas Innventure (<a href=\"https:\/\/www.globenewswire.com\/Tracker?data=NH0Dlsgrhrhbt5QHmxoA9Nslw7qfiwB6i7FXzMHFXOueTFh86DjtMH4OT-y9CpTd2zBNkNGvwly28G1rkqOBU7BLpawqyLALR0M8L1pvxLWRv47SbT9FIcb3CmpHlDd5PsQgBT7JnX8KbOmMdFbVKc_l-v8nzh9OENl6XQkgs2QDPlqcgkMtNcBcdbwrBAn3rIP6jqE9LzCGSqfUz1gDi6loPFOSPksvhnZYTPraSlEERHl7a87DI5CCLempnI5h\" rel=\"nofollow\" target=\"_blank\">NASDAQ:INV<\/a>) e fornece recursos de embalagem e fabrica\u00e7\u00e3o na Am\u00e9rica do Norte, Europa e Sudeste Asi\u00e1tico. Para mais informa\u00e7\u00f5es, visite <a href=\"https:\/\/www.globenewswire.com\/Tracker?data=LpjmzMN3HPQ38Nrg7YoeR6ZO5TvjYSpOZ1ynTjfVNvyqPt1_2ETq5YJ6cinRQWUqaoai_fB4dAEudZxMmnHGBlHHd3J0sMgwJ95of3YvalKddkewEPXNapIbC2NUhyhcq6rfXIr1kw3hLq-vnJD6vjdS7DEmGb38skkWq1NptlT1eD-JeSdbbf6-I6VT2Eyo3QCNYJcGkCJeEDFX4y1R8CYemZ6I_j349Q6ulo2TrC_uUwEzc8Bwb8K9HPGY2mMI\" rel=\"nofollow\" target=\"_blank\">www.aeroflexx.com<\/a> ou siga a AeroFlexx em <a href=\"https:\/\/www.globenewswire.com\/Tracker?data=kLvXMgV6sNInbzT0XSRLnMfqsIpQ3ShgbnITIAjcdc6TcC6ooX9Wvanv2wvdaSRrD9x_wP805JdqDexvFsvdI_MjxtYw0aLU_FawAavPGwhacXO2S1MVuub_TqxQBryMIJ02VOUAMf6Gz9EzYzctrZgvDKDcINqFNOi7K5UCHRKG13knqmTm1russzq7BX9eaj0NELzAOF0BdIeu9wyLhGJIwkhGhq4SGXzvDl7mbq5ZS0WLryGHEWyvDFjD53NPBk0-ZbvOQ7AA2FkwQgA0Bg==\" rel=\"nofollow\" target=\"_blank\">LinkedIn<\/a>.<\/p>\n<p> <img decoding=\"async\" alt=\"\" class=\"__GNW8366DE3E__IMG\" src=\"https:\/\/www.globenewswire.com\/newsroom\/ti?nf=OTY2MjkwMCM3NDU3MTg0IzIzMDIyNTQ=\" \/> <br \/><img decoding=\"async\" alt=\"\" src=\"https:\/\/ml.globenewswire.com\/media\/NTg3NGUyYTAtNTU0MC00MGY5LThkZmYtMzMxZDIyNmMxM2ZkLTEzMTM4MDQtMjAyNi0wMi0yNy1wdA==\/tiny\/AeroFlexx.png\" \/><\/p>\n<pre>CONTATO\nAveda\nComunica\u00e7\u00f5es Globais\neclaude@aveda.com\n\nAeroFlexx\nEquipe de M\u00eddia\nmediateam@aeroflexx.com<\/pre>\n<p>A <b>OESP<\/b> nao e(sao) responsavel(is) por erros, incorrecoes, atrasos ou quaisquer decisoes tomadas por seus clientes com base nos Conteudos ora disponibilizados, bem como tais Conteudos nao representam a opiniao da <b>OESP<\/b> e sao de inteira responsabilidade da <b>GlobeNewswire<\/b><\/p>\n","protected":false},"excerpt":{"rendered":"MINNEAPOLIS, Feb.  27, 2026  (GLOBE NEWSWIRE) &#8212; A Aveda, pioneira em cuidados capilares, da pele e do corpo, com foco em resultados e \u00e0 base de plantas, oferecendo produto","protected":false},"author":1,"featured_media":0,"comment_status":"open","ping_status":"closed","sticky":false,"template":"","format":"standard","meta":{"_acf_changed":false,"inline_featured_image":false,"_monsterinsights_skip_tracking":false,"_monsterinsights_sitenote_active":false,"_monsterinsights_sitenote_note":"","_monsterinsights_sitenote_category":0,"footnotes":""},"categories":[34],"tags":[],"class_list":["post-124788","post","type-post","status-publish","format-standard","hentry","category-releases-geral"],"acf":[],"_links":{"self":[{"href":"https:\/\/bluestudio.estadao.com.br\/agencia-de-comunicacao\/wp-json\/wp\/v2\/posts\/124788","targetHints":{"allow":["GET"]}}],"collection":[{"href":"https:\/\/bluestudio.estadao.com.br\/agencia-de-comunicacao\/wp-json\/wp\/v2\/posts"}],"about":[{"href":"https:\/\/bluestudio.estadao.com.br\/agencia-de-comunicacao\/wp-json\/wp\/v2\/types\/post"}],"author":[{"embeddable":true,"href":"https:\/\/bluestudio.estadao.com.br\/agencia-de-comunicacao\/wp-json\/wp\/v2\/users\/1"}],"replies":[{"embeddable":true,"href":"https:\/\/bluestudio.estadao.com.br\/agencia-de-comunicacao\/wp-json\/wp\/v2\/comments?post=124788"}],"version-history":[{"count":0,"href":"https:\/\/bluestudio.estadao.com.br\/agencia-de-comunicacao\/wp-json\/wp\/v2\/posts\/124788\/revisions"}],"wp:attachment":[{"href":"https:\/\/bluestudio.estadao.com.br\/agencia-de-comunicacao\/wp-json\/wp\/v2\/media?parent=124788"}],"wp:term":[{"taxonomy":"category","embeddable":true,"href":"https:\/\/bluestudio.estadao.com.br\/agencia-de-comunicacao\/wp-json\/wp\/v2\/categories?post=124788"},{"taxonomy":"post_tag","embeddable":true,"href":"https:\/\/bluestudio.estadao.com.br\/agencia-de-comunicacao\/wp-json\/wp\/v2\/tags?post=124788"}],"curies":[{"name":"wp","href":"https:\/\/api.w.org\/{rel}","templated":true}]}}