{"id":124735,"date":"2026-02-26T18:53:09","date_gmt":"2026-02-26T21:53:09","guid":{"rendered":"https:\/\/bluestudio.estadao.com.br\/agencia-de-comunicacao\/?p=124735"},"modified":"2026-02-26T18:54:21","modified_gmt":"2026-02-26T21:54:21","slug":"minerais-criticos-brasil-apoio-governo-investimentos","status":"publish","type":"post","link":"https:\/\/bluestudio.estadao.com.br\/agencia-de-comunicacao\/agencia-minera-brasil\/minerais-criticos-brasil-apoio-governo-investimentos\/","title":{"rendered":"Setor de minerais cr\u00edticos busca apoio do governo para acelerar marcos legais e atra\u00e7\u00e3o de capital para projetos de minera\u00e7\u00e3o no pa\u00eds"},"content":{"rendered":"\n<p><em>AMC afirma que previsibilidade e incentivos s\u00e3o necess\u00e1rios para converter potencial mineral em agrega\u00e7\u00e3o de valor no Pa\u00eds.<\/em><\/p>\n\n\n\n<p>Representantes da Associa\u00e7\u00e3o de Minerais Cr\u00edticos (AMC) estiveram nesta quarta-feira (25\/2) a com o Vice-Presidente da Rep\u00fablica, <a href=\"https:\/\/www.linkedin.com\/in\/geraldo-alckmin-a96685226\/\"><strong>Geraldo Alckmin<\/strong><\/a>, para tratar da relev\u00e2ncia estrat\u00e9gica dos minerais cr\u00edticos para o Brasil e dos principais desafios do setor.<\/p>\n\n\n\n<p>Durante a reuni\u00e3o com Alckmin a AMC destacou import\u00e2ncia da previsibilidade regulat\u00f3ria gargalos no licenciamento ambiental, al\u00e9m da necessidade de instrumentos para atrair investimento estrangeiro e mecanismos de pol\u00edtica industrial para fortalecer as cadeias de valor no pa\u00eds.<\/p>\n\n\n\n<p>Segundo a AMC, Alckmin sinalizou apoio ao avan\u00e7o das iniciativas legislativas em curso defendidas pelo setor, como a tramita\u00e7\u00e3o, do PL 2780\/2024, fundamental para garantir um ambiente seguro para neg\u00f3cios, com incentivos \u00e0 tecnologia, linhas de cr\u00e9dito e maior agilidade no licenciamento.<\/p>\n\n\n\n<p>O Vice-Presidente manifestou apoio do governo ao andamento e a implementa\u00e7\u00e3o das propostas que est\u00e3o sendo debatidas no Congresso Nacional, reconhecendo sua relev\u00e2ncia estrat\u00e9gica para o desenvolvimento do setor.<\/p>\n\n\n\n<figure class=\"wp-block-image size-full\"><img loading=\"lazy\" decoding=\"async\" width=\"1000\" height=\"557\" src=\"https:\/\/bluestudio.estadao.com.br\/agencia-de-comunicacao\/wp-content\/uploads\/2026\/02\/cadeia-produtiva-minerais-criticos-brasil.jpg\" alt=\"\" class=\"wp-image-124736\" srcset=\"https:\/\/bluestudio.estadao.com.br\/agencia-de-comunicacao\/wp-content\/uploads\/2026\/02\/cadeia-produtiva-minerais-criticos-brasil.jpg 1000w, https:\/\/bluestudio.estadao.com.br\/agencia-de-comunicacao\/wp-content\/uploads\/2026\/02\/cadeia-produtiva-minerais-criticos-brasil-300x167.jpg 300w, https:\/\/bluestudio.estadao.com.br\/agencia-de-comunicacao\/wp-content\/uploads\/2026\/02\/cadeia-produtiva-minerais-criticos-brasil-768x428.jpg 768w\" sizes=\"auto, (max-width: 1000px) 100vw, 1000px\" \/><figcaption class=\"wp-element-caption\">Cadu Gomes\/VPR<\/figcaption><\/figure>\n\n\n\n<p>\u201cA reuni\u00e3o com o Vice-Presidente Geraldo Alckmin foi um sinal muito positivo de alinhamento entre o governo e o setor produtivo sobre a import\u00e2ncia estrat\u00e9gica dos minerais cr\u00edticos para o Brasil. O pa\u00eds tem uma oportunidade \u00fanica de transformar sua vantagem geol\u00f3gica em lideran\u00e7a industrial. O que precisamos agora \u00e9 avan\u00e7ar com previsibilidade regulat\u00f3ria, efici\u00eancia e vis\u00e3o de longo prazo para posicionar o Brasil como um fornecedor competitivo e confi\u00e1vel no cen\u00e1rio global\u201d, comentou a presidente do Conselho da AMC, Marisa Cesar, que \u00e9 diretora de Assuntos Corporativos, Sustentabilidade da PLS, que desenvolve o projeto Colina, em Salinas, Minas Gerais.<\/p>\n\n\n\n<p>\u201cO Brasil possui uma das dota\u00e7\u00f5es geol\u00f3gicas mais competitivas do mundo. O principal tema abordado durante a reuni\u00e3o \u00e9 a rapidez e a efic\u00e1cia com que podemos converter vantagem geol\u00f3gica em lideran\u00e7a industrial, destaca Rodrigo Roso, diretor da Lithium Ionic, que est\u00e1 desenvolvendo o projeto Bandeira, no Vale do Jequinhonha, tamb\u00e9m em Minas Gerais.<\/p>\n\n\n\n<p>Marcelo de Carvalho, diretor executivo da Meteoric, avalia que a reuni\u00e3o com o vice-presidente representa um avan\u00e7o institucional que fortalece um ambiente mais previs\u00edvel e estruturado para investimentos respons\u00e1veis, inova\u00e7\u00e3o e desenvolvimento industrial.<\/p>\n\n\n\n<figure class=\"wp-block-image size-full\"><img loading=\"lazy\" decoding=\"async\" width=\"1000\" height=\"557\" src=\"https:\/\/bluestudio.estadao.com.br\/agencia-de-comunicacao\/wp-content\/uploads\/2026\/02\/investimentos-mineracao-minerais-criticos.jpg\" alt=\"\" class=\"wp-image-124738\" srcset=\"https:\/\/bluestudio.estadao.com.br\/agencia-de-comunicacao\/wp-content\/uploads\/2026\/02\/investimentos-mineracao-minerais-criticos.jpg 1000w, https:\/\/bluestudio.estadao.com.br\/agencia-de-comunicacao\/wp-content\/uploads\/2026\/02\/investimentos-mineracao-minerais-criticos-300x167.jpg 300w, https:\/\/bluestudio.estadao.com.br\/agencia-de-comunicacao\/wp-content\/uploads\/2026\/02\/investimentos-mineracao-minerais-criticos-768x428.jpg 768w\" sizes=\"auto, (max-width: 1000px) 100vw, 1000px\" \/><figcaption class=\"wp-element-caption\">Cadu Gomes\/VPR<\/figcaption><\/figure>\n\n\n\n<p>J\u00e1 Frederico Bedran, diretor executivo da AMC, que tamb\u00e9m esteve no encontro disse que a entidade mostrou que o setor quer agregar valor e adensar a cadeia, mas que precisa estar pr\u00f3ximo do governo incentivando e, de certa forma, precisa de benef\u00edcios fiscais para que essa agrega\u00e7\u00e3o ocorra aqui no Brasil.<\/p>\n\n\n\n<p>Bedran, afirmou disse ainda que os executivos das empresas associadas \u00e0 AMC apresentaram um panorama t\u00e9cnico do setor ao vice-presidente e identificaram alinhamento entre governo e empresas na estrat\u00e9gia de avan\u00e7ar para etapas mais sofisticadas da cadeia produtiva, como o refino desses minerais em territ\u00f3rio nacional.<\/p>\n\n\n\n<p>A\u00a0<strong>OESP\u00a0<\/strong>n\u00e3o \u00e9 respons\u00e1vel por erros, incorre\u00e7\u00f5es, atrasos ou quaisquer decis\u00f5es tomadas por seus clientes com base nos Conte\u00fados ora disponibilizados, bem como tais Conte\u00fados n\u00e3o representam a opini\u00e3o da\u00a0<strong>OESP\u00a0<\/strong>e s\u00e3o de inteira responsabilidade da\u00a0<strong>Ag\u00eancia Minera Brasil<\/strong>.<\/p>\n\n\n\n<p><\/p>\n","protected":false},"excerpt":{"rendered":"AMC afirma que previsibilidade e incentivos s\u00e3o necess\u00e1rios para converter potencial mineral em agrega\u00e7\u00e3o de valor no Pa\u00eds.","protected":false},"author":16,"featured_media":124737,"comment_status":"open","ping_status":"closed","sticky":false,"template":"","format":"standard","meta":{"_acf_changed":false,"inline_featured_image":false,"_monsterinsights_skip_tracking":false,"_monsterinsights_sitenote_active":false,"_monsterinsights_sitenote_note":"","_monsterinsights_sitenote_category":0,"footnotes":""},"categories":[351],"tags":[],"class_list":["post-124735","post","type-post","status-publish","format-standard","has-post-thumbnail","hentry","category-agencia-minera-brasil"],"acf":[],"_links":{"self":[{"href":"https:\/\/bluestudio.estadao.com.br\/agencia-de-comunicacao\/wp-json\/wp\/v2\/posts\/124735","targetHints":{"allow":["GET"]}}],"collection":[{"href":"https:\/\/bluestudio.estadao.com.br\/agencia-de-comunicacao\/wp-json\/wp\/v2\/posts"}],"about":[{"href":"https:\/\/bluestudio.estadao.com.br\/agencia-de-comunicacao\/wp-json\/wp\/v2\/types\/post"}],"author":[{"embeddable":true,"href":"https:\/\/bluestudio.estadao.com.br\/agencia-de-comunicacao\/wp-json\/wp\/v2\/users\/16"}],"replies":[{"embeddable":true,"href":"https:\/\/bluestudio.estadao.com.br\/agencia-de-comunicacao\/wp-json\/wp\/v2\/comments?post=124735"}],"version-history":[{"count":3,"href":"https:\/\/bluestudio.estadao.com.br\/agencia-de-comunicacao\/wp-json\/wp\/v2\/posts\/124735\/revisions"}],"predecessor-version":[{"id":124741,"href":"https:\/\/bluestudio.estadao.com.br\/agencia-de-comunicacao\/wp-json\/wp\/v2\/posts\/124735\/revisions\/124741"}],"wp:featuredmedia":[{"embeddable":true,"href":"https:\/\/bluestudio.estadao.com.br\/agencia-de-comunicacao\/wp-json\/wp\/v2\/media\/124737"}],"wp:attachment":[{"href":"https:\/\/bluestudio.estadao.com.br\/agencia-de-comunicacao\/wp-json\/wp\/v2\/media?parent=124735"}],"wp:term":[{"taxonomy":"category","embeddable":true,"href":"https:\/\/bluestudio.estadao.com.br\/agencia-de-comunicacao\/wp-json\/wp\/v2\/categories?post=124735"},{"taxonomy":"post_tag","embeddable":true,"href":"https:\/\/bluestudio.estadao.com.br\/agencia-de-comunicacao\/wp-json\/wp\/v2\/tags?post=124735"}],"curies":[{"name":"wp","href":"https:\/\/api.w.org\/{rel}","templated":true}]}}