{"id":124727,"date":"2026-02-26T17:42:00","date_gmt":"2026-02-26T20:42:00","guid":{"rendered":"https:\/\/bluestudio.estadao.com.br\/agencia-de-comunicacao\/prnewswire\/nossa-pele-perde-mais-agua-no-verao-voce-sabe-o-porque\/"},"modified":"2026-02-26T17:42:00","modified_gmt":"2026-02-26T20:42:00","slug":"nossa-pele-perde-mais-agua-no-verao-voce-sabe-o-porque","status":"publish","type":"post","link":"https:\/\/bluestudio.estadao.com.br\/agencia-de-comunicacao\/prnewswire\/nossa-pele-perde-mais-agua-no-verao-voce-sabe-o-porque\/","title":{"rendered":"Nossa pele perde mais \u00e1gua no ver\u00e3o; voc\u00ea sabe o porqu\u00ea?"},"content":{"rendered":"\n<div class=\"xn-content\">\n<p class=\"prntac\"><i>Calor, sol e ar-condicionado favorecem a desidrata\u00e7\u00e3o; dermatologista explica como evitar os danos \u00e0 pele<\/i><\/p>\n<p><span class=\"legendSpanClass\">S\u00e3o Paulo<\/span>, <span class=\"legendSpanClass\">26 de fevereiro de 2026<\/span> \/PRNewswire\/ &#8212; O ver\u00e3o \u00e9 marcado por altas temperaturas, maior exposi\u00e7\u00e3o ao sol e mudan\u00e7as na rotina que impactam diretamente a sa\u00fade da pele. Apesar da sensa\u00e7\u00e3o de oleosidade comum nessa \u00e9poca do ano, o calor favorece a perda de \u00e1gua, podendo deixar a pele desidratada e opaca.<\/p>\n<p>Segundo a Sociedade Brasileira de Dermatologia (SBD)<sup>1<\/sup>, uma boa hidrata\u00e7\u00e3o auxilia na manuten\u00e7\u00e3o da barreira de prote\u00e7\u00e3o cut\u00e2nea e ajuda a prevenir problemas como ressecamento, descama\u00e7\u00e3o, irrita\u00e7\u00f5es e envelhecimento precoce. &#8220;O cuidado deve ser di\u00e1rio, com produtos adequados a cada tipo de pele, inclusive as oleosas, al\u00e9m da ingest\u00e3o regular de \u00e1gua&#8221;, orienta a institui\u00e7\u00e3o.<\/p>\n<div class=\"PRN_ImbeddedAssetReference\" id=\"DivAssetPlaceHolder9755\">\n<a href=\"https:\/\/mma.prnewswire.com\/media\/2921641\/Sculptra_Yanikla_Main_Still_5__2.html\" target=\"_blank\" rel=\"nofollow\"><img decoding=\"async\" src=\"https:\/\/mma.prnewswire.com\/media\/2921641\/Sculptra_Yanikla_Main_Still_5__2.jpg\" title=\"Divulga\u00e7\u00e3o: Sculptra\" alt=\"Divulga\u00e7\u00e3o: Sculptra\" \/><\/a><\/p>\n<\/div>\n<p>De acordo com a dermatologista Lays de Alc\u00e2ntara (CRM-SP 190340\/ RQE 113412), fatores como o aumento da transpira\u00e7\u00e3o, a radia\u00e7\u00e3o solar e o uso frequente de ar-condicionado comprometem a barreira cut\u00e2nea, respons\u00e1vel por manter a hidrata\u00e7\u00e3o natural da pele. &#8220;Quando essa barreira est\u00e1 fragilizada, a pele perde \u00e1gua com mais facilidade, o que afeta sua apar\u00eancia e fun\u00e7\u00e3o de prote\u00e7\u00e3o. Nessa \u00e9poca de calor intenso, o ideal \u00e9 optar por hidratantes com textura em gel ou gel-creme, que s\u00e3o mais leves, t\u00eam r\u00e1pida absor\u00e7\u00e3o e n\u00e3o deixam a pele oleosa&#8221;, recomenda a especialista.<\/p>\n<p>Al\u00e9m da textura, a escolha dos ativos presente na composi\u00e7\u00e3o dos produtos faz toda a diferen\u00e7a. &#8220;Ingredientes como alanto\u00edna e aloe vera ajudam a acalmar e suavizar a pele, contribuindo para a recupera\u00e7\u00e3o da barreira cut\u00e2nea. F\u00f3rmulas que combinam ativos hidratantes com ingredientes de origem natural, como a blue daisy, tamb\u00e9m auxiliam a reduzir o desconforto, especialmente ap\u00f3s a exposi\u00e7\u00e3o ao sol e calor. Para as peles oleosas, o ideal \u00e9 optar por produtos espec\u00edficos, com f\u00f3rmulas leves que hidratam sem pesar e ajudam a controlar a oleosidade ao longo do dia&#8221;, comenta a Dra. Lays.<\/p>\n<p>A influenciadora de beleza Mirella Qualha (<a href=\"https:\/\/www.instagram.com\/iamirella\/\" target=\"_blank\" rel=\"nofollow\">@iamirella<\/a>) tamb\u00e9m comenta que, durante o ver\u00e3o, sua pele exige cuidados especiais. &#8220;Nessa \u00e9poca, minha prioridade \u00e9 uma hidrata\u00e7\u00e3o leve, mas super eficaz, que consiga combater esse ressecamento sem pesar. A linha de hidratantes corporais de Cetaphil \u00e9 minha escolha ideal, porque al\u00e9m de hidratar profundamente e ajudar a repor a \u00e1gua que minha pele perde, ela tem uma textura que absorve rapidamente e me deixa com uma sensa\u00e7\u00e3o de conforto e maciez o dia todo&#8221;, explica.<\/p>\n<p><b>Hidrata\u00e7\u00e3o profunda com skinboosters<\/b><\/p>\n<p>Al\u00e9m dos cuidados t\u00f3picos, existem procedimentos que atuam de forma ainda mais profunda na pele, como <a href=\"https:\/\/www.galdermaaesthetics.com.br\/skinboosters-onde-aplicar\" target=\"_blank\" rel=\"nofollow\">Restylane(R) Skinboosters(TM)<\/a>. Al\u00e9m de proporcionar melhora na hidrata\u00e7\u00e3o<sup>2<\/sup>, o produto age melhorando outros seis aspectos da qualidade da pele: brilho, tom, textura, maciez, linhas finas e rugas, cicatrizes de acne e poros<sup>3-6<\/sup>.<\/p>\n<p>&#8220;Os skinboosters atuam diretamente na derme, onde a perda de \u00e1gua \u00e9 mais dif\u00edcil de corrigir apenas com produtos t\u00f3picos. Eles aumentam a capacidade da pele de reter \u00e1gua por mais tempo, melhorando o n\u00edvel de hidrata\u00e7\u00e3o de forma consistente. O resultado \u00e9 uma pele mais hidratada, luminosa e com aspecto saud\u00e1vel, especialmente em per\u00edodos de maior desidrata\u00e7\u00e3o, como o ver\u00e3o&#8221;, conclui a m\u00e9dica.<\/p>\n<p>Com uma rotina simples, que inclui limpeza suave, hidrata\u00e7\u00e3o e prote\u00e7\u00e3o solar, \u00e9 poss\u00edvel manter a pele equilibrada mesmo nos dias mais quentes.<\/p>\n<p>Confira alguns produtos que ajudam a manter a hidrata\u00e7\u00e3o e o conforto da pele durante o ver\u00e3o:<\/p>\n<p><a href=\"https:\/\/www.cetaphil.com.br\/linhas\/gel-creme-r%C3%A1pida-absor%C3%A7%C3%A3o\/gel-creme-r%C3%A1pida-absor%C3%A7%C3%A3o-cetaphil-453g\/3499320014267.html\" target=\"_blank\" rel=\"nofollow\"><b>Cetaphil<sup>(R)<\/sup> Gel Creme de R\u00e1pida Absor\u00e7\u00e3o 453g<\/b><\/a> combina de maneira \u00fanica a hidrata\u00e7\u00e3o intensa de um creme, com a sensa\u00e7\u00e3o leve e n\u00e3o pegajosa<sup>7<\/sup> de um gel de r\u00e1pida absor\u00e7\u00e3o para deixar a pele suave, macia e refrescante<sup>8A<\/sup>. Ajuda a acalmar, suavizar e a regenerar a pele por meio de ingredientes como Alanto\u00edna e Aloe Vera<sup>9<\/sup>, ambos de origem bot\u00e2nica<sup>10<\/sup>. <\/p>\n<p> <a href=\"https:\/\/www.cetaphil.com.br\/hidratacao\/lo%C3%A7%C3%A3o-hidratante-cetaphil-473ml\/7897930762059.html\" target=\"_blank\" rel=\"nofollow\"><b>Cetaphil<\/b><sup>(R)<\/sup><b> Lo\u00e7\u00e3o Hidratante 473ml<\/b><\/a>, com uma textura leve<sup>11B<\/sup>, estimula as 15 ceramidas que a pele precisa<sup>12<\/sup>, recupera a barreira da pele<sup>13 <\/sup>e reduz imediatamente o ressecamento e a aspereza<sup>14<\/sup>. <\/p>\n<p><a href=\"https:\/\/www.cetaphil.com.br\/linhas\/optimal-hydration\/water-gel-hidratante-facial-cetaphil-optimal-hydration-48g\/3499320014540.html\" target=\"_blank\" rel=\"nofollow\"><b>Cetaphil(R) Optimal Hydration Water Gel Restaurador 48g<\/b><\/a> proporciona sensa\u00e7\u00e3o e apar\u00eancia de pele suave imediatamente ap\u00f3s o uso<sup>15<\/sup>, com uma hidrata\u00e7\u00e3o imediata e prolongada por 72 horas ap\u00f3s uma \u00fanica aplica\u00e7\u00e3o<sup>16<\/sup>. Al\u00e9m disso, n\u00e3o deixa a sensa\u00e7\u00e3o de pele pesada, oleosa e pegajosa, pois \u00e9 absorvido instantaneamente<sup>17<\/sup>. Apresenta tamb\u00e9m exclusivo Complexo HydroSensitiv(TM) com blue daisy, um ingrediente natural calmante. <\/p>\n<p><a href=\"https:\/\/www.cetaphil.com.br\/linhas\/oil-control\/hidratante-facial\/7897930778177.html\" target=\"_blank\" rel=\"nofollow\"><b>Cetaphil(R) Oil Control Hidratante Matificante Antimanchas 89ml<\/b><\/a> possui uma f\u00f3rmula avan\u00e7ada que contribui para o controle da oleosidade. Al\u00e9m de 98% dos usu\u00e1rios sentirem al\u00edvio no ressecamento imediatamente ap\u00f3s o uso<sup>18C<\/sup>, oferece 48 horas<sup>19<\/sup> de hidrata\u00e7\u00e3o e 95% dos usu\u00e1rios perceberam o tom da pele mais uniforme e menos vermelho ap\u00f3s 7 dias de uso<sup>20C<\/sup>. <\/p>\n<p>Vale ressaltar que Restylane(R) deve ser aplicado por profissionais de sa\u00fade habilitados \u00e0 pr\u00e1tica de injet\u00e1veis. E, antes de usar qualquer produto, \u00e9 indicado consultar um dermatologista para garantir a melhor escolha e seguran\u00e7a para a sua pele.<\/p>\n<p>Refer\u00eancias<\/p>\n<p><i>A. Estudo de percep\u00e7\u00e3o realizado com 43 participantes. <br \/><\/i><i>B. Estudo de percep\u00e7\u00e3o realizado com 36 participantes ap\u00f3s 28 dias de aplica\u00e7\u00e3o <br \/><\/i><i>C. Estudo de autopercep\u00e7\u00e3o feito com 40 pessoas<\/i><\/p>\n<p><i>1.<\/i> <a href=\"https:\/\/www.sbd.org.br\/cuidados\/cuidados-com-a-pele-no-verao\/\" target=\"_blank\" rel=\"nofollow\">https:\/\/www.sbd.org.br\/cuidados\/cuidados-com-a-pele-no-verao\/<\/a> <br \/>2. Streker M, Reuther T, Krueger N, et al. Drugs Dermatol. 2013 Jan;12(9):990-994<br \/>3. Wu Y, et al. J Cosmet Dermatol. 2020 Jul;19(7):1627-1635. <br \/>4. Belmontesi M, et al. J Drugs Dermatol. 2018 Jan 1 ;17(1):83-88.<br \/><i>5. Dierickx C, et al. Dermatol Surg. 2018 Nov;44 Suppl 1:S10-S18.<\/i><br \/><i>6. Kim J et al. Arch Aesthetic Plast Surg. 2014;20(2):97-103<br \/><\/i><i>7-8. RD.03.SPR.202525 (FIL 1677)<br \/><\/i><i>9-10. Draelos ZD. Cosmetic Dermatology(R). 2009 march, Vol. 22 (3) s1: 2-8<\/i> <br \/><i>11. RD.53.SRE.203722 (FIL 1745)<\/i> <br \/><i>12. 19148724 Moore DJ et al. International Journal of Cosmetic Science, 2017, 39, 366-372<\/i> <br \/><i>13. Sponsor Project No. 429 I 40066<\/i> <br \/><i>14. RD.53.SRE.203908_Multiple washes_1747_2021<\/i> <br \/><i>15. RD.27.SPR.204764 (FIL 2653)<\/i> <br \/><i>16. RD.27.SPR.204768 (FIL 2653)<\/i> <br \/>17. RD.27.SPR.202369- P1368 (FIL 1702) Use test under ophthalmologic and dermatological control.<br \/><i>18. RD.53.SPR.205957 (1753) <\/i> <br \/><i>19. RD.53.SPR.204539 (1753)<\/i> <br \/><i>20. RD.53.SPR.205957 (1753) <\/i> <\/p>\n<p><b>Sobre a Galderma<\/b> <\/p>\n<p>A Galderma \u00e9 uma das empresas l\u00edderes em dermatologia, presente em aproximadamente 90 pa\u00edses. Oferecemos um portf\u00f3lio inovador, embasado em ci\u00eancia, com marcas e servi\u00e7os premium que abrangem todo o universo do mercado dermatol\u00f3gico em r\u00e1pido crescimento, por meio dos neg\u00f3cios de Est\u00e9tica Injet\u00e1vel e Skincare Dermatol\u00f3gico &amp; Dermatologia Terap\u00eautica. Desde a nossa funda\u00e7\u00e3o, em 1981, dedicamos nosso foco e paix\u00e3o ao maior \u00f3rg\u00e3o do corpo humano &#8211; a pele &#8211; atendendo \u00e0s necessidades individuais de consumidores e pacientes com resultados superiores, em parceria com profissionais de sa\u00fade. Estamos avan\u00e7ando a dermatologia para cada hist\u00f3ria de pele, por entender que a pele em que estamos molda nossas vidas. Para mais informa\u00e7\u00f5es, acesse: <a href=\"https:\/\/www.galderma.com\/br-pt\/brasil\" target=\"_blank\" rel=\"nofollow\">www.galderma.com\/br-pt\/brasil<\/a><\/p>\n<p>Foto &#8211; <a href=\"https:\/\/mma.prnewswire.com\/media\/2921641\/Sculptra_Yanikla_Main_Still_5__2.jpg\" target=\"_blank\" rel=\"nofollow\">https:\/\/mma.prnewswire.com\/media\/2921641\/Sculptra_Yanikla_Main_Still_5__2.jpg<\/a><\/p>\n<\/p>\n<div class=\"PRN_ImbeddedAssetReference\" id=\"DivAssetPlaceHolder0\"><\/div>\n<p id=\"PURL\"><img loading=\"lazy\" decoding=\"async\" title=\"Cision\" width=\"12\" height=\"12\" alt=\"Cision\" src=\"https:\/\/edge.prnewswire.com\/c\/img\/favicon.png?sn=PT97175&amp;sd=2026-02-26\" \/> View original content to download multimedia:<a id=\"PRNURL\" rel=\"nofollow\" href=\"https:\/\/www.prnewswire.com\/br\/comunicados-para-a-imprensa\/nossa-pele-perde-mais-agua-no-verao-voce-sabe-o-porque-302698969.html\" target=\"_blank\">https:\/\/www.prnewswire.com\/br\/comunicados-para-a-imprensa\/nossa-pele-perde-mais-agua-no-verao-voce-sabe-o-porque-302698969.html<\/a><\/p>\n<p>FONTE Galderma<\/p>\n<\/div>\n<p>  <img decoding=\"async\" alt=\"\" src=\"https:\/\/rt.prnewswire.com\/rt.gif?NewsItemId=PT97175&amp;Transmission_Id=202602261540PR_NEWS_LATAM____PT97175&amp;DateId=20260226\" style=\"border:0px;width:1px;height:1px\" \/><\/p>\n<p><strong>T\u00f3picos Relacionados:<\/strong> Sa\u00fade\/Hospitais, Dom\u00e9stico\/Consumidor\/Cosm\u00e9ticos, Cosm\u00e9ticos e Cuidados Pessoais<\/p>\n<p>A <b>OESP<\/b> n\u00e3o \u00e9(s\u00e3o) respons\u00e1vel(is) por erros, incorre\u00e7\u00f5es, atrasos ou quaisquer decis\u00f5es tomadas por seus clientes com base nos Conte\u00fados ora disponibilizados, bem como tais Conte\u00fados n\u00e3o representam a opini\u00e3o da <b>OESP<\/b> e s\u00e3o de inteira responsabilidade da <b>PR Newswire Ltda<\/b><\/p>\n","protected":false},"excerpt":{"rendered":"Calor, sol e ar-condicionado favorecem a desidrata\u00e7\u00e3o; dermatologista explica como evitar os danos \u00e0 pele S\u00e3o Paulo, 26 de fevereiro de 2026 \/PRNewswire\/ &#8212; O ver\u00e3o \u00e9 marcado por altas","protected":false},"author":1,"featured_media":124728,"comment_status":"open","ping_status":"closed","sticky":false,"template":"","format":"standard","meta":{"_acf_changed":false,"inline_featured_image":false,"_monsterinsights_skip_tracking":false,"_monsterinsights_sitenote_active":false,"_monsterinsights_sitenote_note":"","_monsterinsights_sitenote_category":0,"footnotes":""},"categories":[27],"tags":[7248,7249],"class_list":["post-124727","post","type-post","status-publish","format-standard","has-post-thumbnail","hentry","category-prnewswire","tag-calor","tag-sol-e-ar-condicionado-favorecem-a-desidratacao-dermatologista-explica-como-evitar-os-danos-a-pele"],"acf":[],"_links":{"self":[{"href":"https:\/\/bluestudio.estadao.com.br\/agencia-de-comunicacao\/wp-json\/wp\/v2\/posts\/124727","targetHints":{"allow":["GET"]}}],"collection":[{"href":"https:\/\/bluestudio.estadao.com.br\/agencia-de-comunicacao\/wp-json\/wp\/v2\/posts"}],"about":[{"href":"https:\/\/bluestudio.estadao.com.br\/agencia-de-comunicacao\/wp-json\/wp\/v2\/types\/post"}],"author":[{"embeddable":true,"href":"https:\/\/bluestudio.estadao.com.br\/agencia-de-comunicacao\/wp-json\/wp\/v2\/users\/1"}],"replies":[{"embeddable":true,"href":"https:\/\/bluestudio.estadao.com.br\/agencia-de-comunicacao\/wp-json\/wp\/v2\/comments?post=124727"}],"version-history":[{"count":0,"href":"https:\/\/bluestudio.estadao.com.br\/agencia-de-comunicacao\/wp-json\/wp\/v2\/posts\/124727\/revisions"}],"wp:featuredmedia":[{"embeddable":true,"href":"https:\/\/bluestudio.estadao.com.br\/agencia-de-comunicacao\/wp-json\/wp\/v2\/media\/124728"}],"wp:attachment":[{"href":"https:\/\/bluestudio.estadao.com.br\/agencia-de-comunicacao\/wp-json\/wp\/v2\/media?parent=124727"}],"wp:term":[{"taxonomy":"category","embeddable":true,"href":"https:\/\/bluestudio.estadao.com.br\/agencia-de-comunicacao\/wp-json\/wp\/v2\/categories?post=124727"},{"taxonomy":"post_tag","embeddable":true,"href":"https:\/\/bluestudio.estadao.com.br\/agencia-de-comunicacao\/wp-json\/wp\/v2\/tags?post=124727"}],"curies":[{"name":"wp","href":"https:\/\/api.w.org\/{rel}","templated":true}]}}