{"id":124667,"date":"2026-02-26T12:27:00","date_gmt":"2026-02-26T15:27:00","guid":{"rendered":"https:\/\/bluestudio.estadao.com.br\/agencia-de-comunicacao\/prnewswire\/volkswagen-caminhoes-e-onibus-potencializa-capacitacao-na-rede-com-700-cursos\/"},"modified":"2026-02-26T12:27:00","modified_gmt":"2026-02-26T15:27:00","slug":"volkswagen-caminhoes-e-onibus-potencializa-capacitacao-na-rede-com-700-cursos","status":"publish","type":"post","link":"https:\/\/bluestudio.estadao.com.br\/agencia-de-comunicacao\/prnewswire\/volkswagen-caminhoes-e-onibus-potencializa-capacitacao-na-rede-com-700-cursos\/","title":{"rendered":"Volkswagen Caminh\u00f5es e \u00d4nibus potencializa capacita\u00e7\u00e3o na rede com 700 cursos"},"content":{"rendered":"\n<div class=\"xn-content\">\n<p id=\"temp_ReleaseStart\"><span class=\"legendSpanClass\">S\u00c3O PAULO<\/span>, <span class=\"legendSpanClass\">26 de fevereiro de 2026<\/span> \/PRNewswire\/ &#8212; Com mais de 350 concession\u00e1rias espalhadas por 30 pa\u00edses, a VWCO investe em qualifica\u00e7\u00e3o para garantir seu padr\u00e3o de atendimento, com um aumento anual m\u00e9dio de cerca de 5% nas horas de treinamento destinadas aos profissionais que atuam em sua rede. S\u00e3o 700 cursos oferecidos e que totalizaram mais de 145 mil horas de capacita\u00e7\u00e3o em 2025. Para 2026, o ano j\u00e1 come\u00e7ou movimentado, acelerando esse ritmo.<\/p>\n<div class=\"PRN_ImbeddedAssetReference\" id=\"DivAssetPlaceHolder2047\">\n<a href=\"https:\/\/mma.prnewswire.com\/media\/2921353\/treinamento4.html\" target=\"_blank\" rel=\"nofollow\"><img decoding=\"async\" src=\"https:\/\/mma.prnewswire.com\/media\/2921353\/treinamento4.jpg\" title=\"\" alt=\"\" \/><\/a><\/p>\n<\/div>\n<p class=\"prntal\">&#8220;Conhecimento gera melhor qualidade nos servi\u00e7os, com assertividade nos diagn\u00f3sticos e agilidade na solu\u00e7\u00e3o, o que impacta em maior produtividade e rentabilidade. Isso reflete diretamente na satisfa\u00e7\u00e3o dos nossos clientes, que reconhecem a excel\u00eancia de nossas equipes, fator crucial para que continuem trabalhando conosco. Este \u00e9 um dos pilares de sucesso de nossas concession\u00e1rias&#8221;, refor\u00e7a Eduardo Pignata, supervisor de Treinamento e Desenvolvimento da Rede.<\/p>\n<p class=\"prntal\">Toda essa expertise n\u00e3o tem fronteiras: os cursos est\u00e3o dispon\u00edveis em tr\u00eas idiomas e focam nas tecnologias dispon\u00edveis em cada mercado e realidades de opera\u00e7\u00e3o para a efic\u00e1cia de sua aplica\u00e7\u00e3o no dia a dia das revendas, seja em vendas ou no p\u00f3s-vendas. Tamb\u00e9m como foco em efici\u00eancia, h\u00e1 grande oferta de treinamentos online, al\u00e9m dos presenciais, e os cerca de 7.500 profissionais que atuam na rede t\u00eam \u00e0 sua disposi\u00e7\u00e3o uma biblioteca completa com mais de 550 t\u00edtulos para consulta a qualquer momento.<\/p>\n<p class=\"prntal\">&#8220;Esse time representa a Volkswagen Caminh\u00f5es e \u00d4nibus na linha de frente com o cliente. \u00c9 por isso que personificam o padr\u00e3o de confian\u00e7a, responsabilidade e compromisso da marca. Em qualquer loja, garantimos o mesmo n\u00edvel de excel\u00eancia tradicional no atendimento e, para isso, temos esse investimento cont\u00ednuo em capacita\u00e7\u00e3o&#8221;, afirma Pignata.<\/p>\n<p class=\"prntal\"><a href=\"https:\/\/vwtbpress.com\/\" target=\"_blank\" rel=\"nofollow\">Volkswagen Caminh\u00f5es e \u00d4nibus &#8211; Sala de Imprensa<\/a>  <\/p>\n<p class=\"prntac\"><b>Um membro do GRUPO TRATON<\/b><\/p>\n<p class=\"prntal\"><b>Sobre a VW Caminh\u00f5es e \u00d4nibus  <br \/><\/b>Membro do Grupo TRATON, a VW Caminh\u00f5es e \u00d4nibus \u00e9 a fabricante dos ve\u00edculos comerciais Volkswagen, uma das maiores montadoras de caminh\u00f5es e \u00f4nibus da Am\u00e9rica Latina. Desde 1981, quando iniciou suas opera\u00e7\u00f5es, chegar ao topo do mercado, respeitando e satisfazendo as necessidades dos clientes, sempre foi o foco da montadora. E \u00e9 exatamente isso que oferece a seus clientes: produtos sob medida e um excelente servi\u00e7o de p\u00f3s-vendas. A empresa tamb\u00e9m \u00e9 refer\u00eancia em inova\u00e7\u00f5es tecnol\u00f3gicas, sendo pioneira no desenvolvimento e produ\u00e7\u00e3o de um caminh\u00e3o 100% el\u00e9trico na Am\u00e9rica Latina. A empresa busca sempre solu\u00e7\u00f5es que reduzam o impacto ambiental e ajudem a preservar o meio ambiente. H\u00e1 mais de 40 anos, a fabricante mant\u00e9m seu compromisso de desenvolver ve\u00edculos que superem as exig\u00eancias dos clientes &#8211; onde quer que eles rodem, seja pelas estradas brasileiras, latino-americanas, africanas ou asi\u00e1ticas.<\/p>\n<p class=\"prntal\"><b>Sobre o GRUPO TRATON <br \/><\/b>Com suas marcas Volkswagen Caminh\u00f5es e \u00d4nibus, Scania, MAN e Navistar, a TRATON SE \u00e9 controladora do GRUPO TRATON e um dos principais fabricantes de ve\u00edculos comerciais do mundo. Seu portf\u00f3lio de produtos inclui caminh\u00f5es, \u00f4nibus e ve\u00edculos comerciais leves. &#8220;Transformando o Transporte Juntos. Para um mundo sustent\u00e1vel&#8221;: esta inten\u00e7\u00e3o refor\u00e7a a ambi\u00e7\u00e3o da empresa de ter um impacto duradouro e sustent\u00e1vel no neg\u00f3cio de ve\u00edculos comerciais e no crescimento comercial do Grupo.<\/p>\n<p class=\"prntal\">Relat\u00f3rio de Sustentabilidade<br \/>Em 2024, a Volkswagen Caminh\u00f5es e \u00d4nibus celebrou um ano de conquistas not\u00e1veis, refletidas em seu Relat\u00f3rio de Sustentabilidade. Os principais destaques t\u00eam rela\u00e7\u00e3o com a atua\u00e7\u00e3o integrada da montadora em prol da mobilidade mais limpa, eficiente e humana, abrangendo toda a esfera de opera\u00e7\u00e3o da marca. O relat\u00f3rio est\u00e1 dispon\u00edvel para download em <a href=\"http:\/\/www.vwco.com.br\/institucional\/1220\" target=\"_blank\" rel=\"nofollow\">www.vwco.com.br\/institucional\/1220<\/a>.<\/p>\n<p class=\"prntal\"><b>Volkswagen Caminh\u00f5es e \u00d4nibus<\/b><br \/><b>Comunica\u00e7\u00e3o <\/b><br \/>(11) 5582-5335 \/ (24) 3381-1063<br \/><a href=\"mailto:comunicacao@volkswagen.com.br\" target=\"_blank\" rel=\"nofollow\">comunicacao@volkswagen.com.br<\/a><\/p>\n<p class=\"prntal\">Foto &#8211; <a href=\"https:\/\/mma.prnewswire.com\/media\/2921353\/treinamento4.jpg\" target=\"_blank\" rel=\"nofollow\">https:\/\/mma.prnewswire.com\/media\/2921353\/treinamento4.jpg<\/a><\/p>\n<div class=\"PRN_ImbeddedAssetReference\" id=\"DivAssetPlaceHolder0\"><\/div>\n<p id=\"PURL\"><img loading=\"lazy\" decoding=\"async\" title=\"Cision\" width=\"12\" height=\"12\" alt=\"Cision\" src=\"https:\/\/edge.prnewswire.com\/c\/img\/favicon.png?sn=PT96782&amp;sd=2026-02-26\" \/> View original content to download multimedia:<a id=\"PRNURL\" rel=\"nofollow\" href=\"https:\/\/www.prnewswire.com\/br\/comunicados-para-a-imprensa\/volkswagen-caminhoes-e-onibus-potencializa-capacitacao-na-rede-com-700-cursos-302698562.html\" target=\"_blank\">https:\/\/www.prnewswire.com\/br\/comunicados-para-a-imprensa\/volkswagen-caminhoes-e-onibus-potencializa-capacitacao-na-rede-com-700-cursos-302698562.html<\/a><\/p>\n<p>FONTE Volkswagen Caminh\u00f5es e \u00d4nibus<\/p>\n<\/div>\n<p>  <img decoding=\"async\" alt=\"\" src=\"https:\/\/rt.prnewswire.com\/rt.gif?NewsItemId=PT96782&amp;Transmission_Id=202602261021PR_NEWS_LATAM____PT96782&amp;DateId=20260226\" style=\"border:0px;width:1px;height:1px\" \/><\/p>\n<p><strong>T\u00f3picos Relacionados:<\/strong> Novos Produtos\/Servi\u00e7os, Educa\u00e7\u00e3o, Transporte \/ Caminh\u00f5es \/ Ferrovias, Automotivo<\/p>\n<p>A <b>OESP<\/b> n\u00e3o \u00e9(s\u00e3o) respons\u00e1vel(is) por erros, incorre\u00e7\u00f5es, atrasos ou quaisquer decis\u00f5es tomadas por seus clientes com base nos Conte\u00fados ora disponibilizados, bem como tais Conte\u00fados n\u00e3o representam a opini\u00e3o da <b>OESP<\/b> e s\u00e3o de inteira responsabilidade da <b>PR Newswire Ltda<\/b><\/p>\n","protected":false},"excerpt":{"rendered":"S\u00c3O PAULO, 26 de fevereiro de 2026 \/PRNewswire\/ &#8212; Com mais de 350 concession\u00e1rias espalhadas por 30 pa\u00edses, a VWCO investe em qualifica\u00e7\u00e3o para garantir seu padr\u00e3o de atendimento, com um","protected":false},"author":1,"featured_media":124668,"comment_status":"open","ping_status":"closed","sticky":false,"template":"","format":"standard","meta":{"_acf_changed":false,"inline_featured_image":false,"_monsterinsights_skip_tracking":false,"_monsterinsights_sitenote_active":false,"_monsterinsights_sitenote_note":"","_monsterinsights_sitenote_category":0,"footnotes":""},"categories":[27],"tags":[5639],"class_list":["post-124667","post","type-post","status-publish","format-standard","has-post-thumbnail","hentry","category-prnewswire","tag-um-membro-do-grupo-traton"],"acf":[],"_links":{"self":[{"href":"https:\/\/bluestudio.estadao.com.br\/agencia-de-comunicacao\/wp-json\/wp\/v2\/posts\/124667","targetHints":{"allow":["GET"]}}],"collection":[{"href":"https:\/\/bluestudio.estadao.com.br\/agencia-de-comunicacao\/wp-json\/wp\/v2\/posts"}],"about":[{"href":"https:\/\/bluestudio.estadao.com.br\/agencia-de-comunicacao\/wp-json\/wp\/v2\/types\/post"}],"author":[{"embeddable":true,"href":"https:\/\/bluestudio.estadao.com.br\/agencia-de-comunicacao\/wp-json\/wp\/v2\/users\/1"}],"replies":[{"embeddable":true,"href":"https:\/\/bluestudio.estadao.com.br\/agencia-de-comunicacao\/wp-json\/wp\/v2\/comments?post=124667"}],"version-history":[{"count":0,"href":"https:\/\/bluestudio.estadao.com.br\/agencia-de-comunicacao\/wp-json\/wp\/v2\/posts\/124667\/revisions"}],"wp:featuredmedia":[{"embeddable":true,"href":"https:\/\/bluestudio.estadao.com.br\/agencia-de-comunicacao\/wp-json\/wp\/v2\/media\/124668"}],"wp:attachment":[{"href":"https:\/\/bluestudio.estadao.com.br\/agencia-de-comunicacao\/wp-json\/wp\/v2\/media?parent=124667"}],"wp:term":[{"taxonomy":"category","embeddable":true,"href":"https:\/\/bluestudio.estadao.com.br\/agencia-de-comunicacao\/wp-json\/wp\/v2\/categories?post=124667"},{"taxonomy":"post_tag","embeddable":true,"href":"https:\/\/bluestudio.estadao.com.br\/agencia-de-comunicacao\/wp-json\/wp\/v2\/tags?post=124667"}],"curies":[{"name":"wp","href":"https:\/\/api.w.org\/{rel}","templated":true}]}}