{"id":124483,"date":"2026-02-23T19:27:00","date_gmt":"2026-02-23T22:27:00","guid":{"rendered":"https:\/\/bluestudio.estadao.com.br\/agencia-de-comunicacao\/prnewswire\/gerdau-s-a-informacoes-consolidadas-20\/"},"modified":"2026-02-23T19:27:00","modified_gmt":"2026-02-23T22:27:00","slug":"gerdau-s-a-informacoes-consolidadas-20","status":"publish","type":"post","link":"https:\/\/bluestudio.estadao.com.br\/agencia-de-comunicacao\/prnewswire\/gerdau-s-a-informacoes-consolidadas-20\/","title":{"rendered":"GERDAU S.A. &#8211; INFORMA\u00c7\u00d5ES CONSOLIDADAS"},"content":{"rendered":"\n<div class=\"xn-content\">\n<span class=\"legendSpanClass\">S\u00c3O PAULO<\/span>, <span class=\"legendSpanClass\">23 de fevereiro de 2026<\/span> \/PRNewswire\/ &#8212; <b>Destaques do 4\u00ba trimestre de 2025<\/b><\/p>\n<ul type=\"disc\">\n<li><b>EBITDA Ajustado<\/b> (lucro antes de juros, impostos, deprecia\u00e7\u00f5es e amortiza\u00e7\u00f5es) de R$ 2,4 bilh\u00f5es no 4T25, 13% inferior ao 3T25 e em linha com o 4T24. Destaque para o EBITDA da Am\u00e9rica do Norte, que representou 62% do EBITDA Consolidado da Companhia em 2025.<\/li>\n<li><b>Investimentos (CAPEX)<\/b> de R$ 1,5 bilh\u00e3o no 4T25, totalizaram R$ 6,1 bilh\u00f5es em 2025. Para 2026, o plano de investimento aprovado projeta R$ 4,7 bilh\u00f5es em CAPEX.<\/li>\n<li><b>Distribui\u00e7\u00e3o de dividendos<\/b> no valor de R$ 0,10 por a\u00e7\u00e3o, equivalentes ao montante de R$ 197,5 milh\u00f5es, a serem pagos em 18 de mar\u00e7o de 2026. Em 2025, a Gerdau S.A. distribuiu R$ 2,4 bilh\u00f5es aos acionistas atrav\u00e9s do pagamento de dividendos e da recompra de a\u00e7\u00f5es, alcan\u00e7ando 182,3% de retorno aos acionistas.<\/li>\n<li>A Companhia <b>concluiu o programa de recompra de a\u00e7\u00f5es de 2025<\/b>, totalizando um investimento de aproximadamente R$ 1,0 bilh\u00e3o. Adicionalmente, o Conselho de Administra\u00e7\u00e3o da Companhia aprovou um <b>novo programa de recompra<\/b> de at\u00e9 56,4 milh\u00f5es de a\u00e7\u00f5es da Gerdau S.A., com prazo de at\u00e9 18 meses.<\/li>\n<\/ul>\n<p><b>Informa\u00e7\u00f5es adicionais<\/b><\/p>\n<p>A Gerdau S.A. <span>(NYSE: GGB, <\/span>BM&amp;Fbovespa<span>: <\/span>GGBR3<span>, <\/span>GGBR4<span>)<\/span> comunica que est\u00e1 arquivando hoje o documento contendo os Resultados do 4T25 na <i>Securities and Exchange Commission<\/i> (SEC) e na Comiss\u00e3o de Valores Mobili\u00e1rios (CVM) e se encontra dispon\u00edvel em nosso site. Para acessar o referido documento clique em: <a href=\"https:\/\/ri.gerdau.com\/divulgacao-e-resultados\/central-de-resultados\/\" target=\"_blank\" rel=\"nofollow\">https:\/\/ri.gerdau.com\/divulgacao-e-resultados\/central-de-resultados\/<\/a>.<\/p>\n<p>O Guia de Modelagem referente ao 4T25 tamb\u00e9m se encontra dispon\u00edvel no site da Gerdau. <a href=\"https:\/\/ri.gerdau.com\/informacoes-financeiras\/guia-de-modelagem\/\" target=\"_blank\" rel=\"nofollow\">https:\/\/ri.gerdau.com\/informacoes-financeiras\/guia-de-modelagem\/<\/a><\/p>\n<p id=\"PURL\"><img loading=\"lazy\" decoding=\"async\" title=\"Cision\" width=\"12\" height=\"12\" alt=\"Cision\" src=\"https:\/\/edge.prnewswire.com\/c\/img\/favicon.png?sn=PT93897&amp;sd=2026-02-23\" \/> View original content:<a id=\"PRNURL\" rel=\"nofollow\" href=\"https:\/\/www.prnewswire.com\/br\/comunicados-para-a-imprensa\/gerdau-sa--informacoes-consolidadas-302695035.html\" target=\"_blank\">https:\/\/www.prnewswire.com\/br\/comunicados-para-a-imprensa\/gerdau-sa&#8211;informacoes-consolidadas-302695035.html<\/a><\/p>\n<p>FONTE Gerdau S.A.<\/p>\n<\/div>\n<p>  <img decoding=\"async\" alt=\"\" src=\"https:\/\/rt.prnewswire.com\/rt.gif?NewsItemId=PT93897&amp;Transmission_Id=202602231713PR_NEWS_LATAM____PT93897&amp;DateId=20260223\" style=\"border:0px;width:1px;height:1px\" \/><\/p>\n<p><strong>T\u00f3picos Relacionados:<\/strong> Ganhos, Dividendos, Minera\u00e7\u00e3o\/Metais, Servi\u00e7os Banc\u00e1rios\/Financeiros<\/p>\n<p>A <b>OESP<\/b> n\u00e3o \u00e9(s\u00e3o) respons\u00e1vel(is) por erros, incorre\u00e7\u00f5es, atrasos ou quaisquer decis\u00f5es tomadas por seus clientes com base nos Conte\u00fados ora disponibilizados, bem como tais Conte\u00fados n\u00e3o representam a opini\u00e3o da <b>OESP<\/b> e s\u00e3o de inteira responsabilidade da <b>PR Newswire Ltda<\/b><\/p>\n","protected":false},"excerpt":{"rendered":"S\u00c3O PAULO, 23 de fevereiro de 2026 \/PRNewswire\/ &#8212; Destaques do 4\u00ba trimestre de 2025 EBITDA Ajustado (lucro antes de juros, impostos, deprecia\u00e7\u00f5es e amortiza\u00e7\u00f5es) de R$ 2,4 bilh\u00f5es no","protected":false},"author":1,"featured_media":124484,"comment_status":"open","ping_status":"closed","sticky":false,"template":"","format":"standard","meta":{"_acf_changed":false,"inline_featured_image":false,"_monsterinsights_skip_tracking":false,"_monsterinsights_sitenote_active":false,"_monsterinsights_sitenote_note":"","_monsterinsights_sitenote_category":0,"footnotes":""},"categories":[27],"tags":[7166,7165,7164,7163,3934],"class_list":["post-124483","post","type-post","status-publish","format-standard","has-post-thumbnail","hentry","category-prnewswire","tag-13-inferior-ao-3t25-e","tag-4-bilhoes-no-4t25","tag-depreciacoes-e-amortizacoes-de-r-2","tag-destaques-do-4o-trimestre-de-2025ebitda-ajustado-lucro-antes-de-juros","tag-impostos"],"acf":[],"_links":{"self":[{"href":"https:\/\/bluestudio.estadao.com.br\/agencia-de-comunicacao\/wp-json\/wp\/v2\/posts\/124483","targetHints":{"allow":["GET"]}}],"collection":[{"href":"https:\/\/bluestudio.estadao.com.br\/agencia-de-comunicacao\/wp-json\/wp\/v2\/posts"}],"about":[{"href":"https:\/\/bluestudio.estadao.com.br\/agencia-de-comunicacao\/wp-json\/wp\/v2\/types\/post"}],"author":[{"embeddable":true,"href":"https:\/\/bluestudio.estadao.com.br\/agencia-de-comunicacao\/wp-json\/wp\/v2\/users\/1"}],"replies":[{"embeddable":true,"href":"https:\/\/bluestudio.estadao.com.br\/agencia-de-comunicacao\/wp-json\/wp\/v2\/comments?post=124483"}],"version-history":[{"count":0,"href":"https:\/\/bluestudio.estadao.com.br\/agencia-de-comunicacao\/wp-json\/wp\/v2\/posts\/124483\/revisions"}],"wp:featuredmedia":[{"embeddable":true,"href":"https:\/\/bluestudio.estadao.com.br\/agencia-de-comunicacao\/wp-json\/wp\/v2\/media\/124484"}],"wp:attachment":[{"href":"https:\/\/bluestudio.estadao.com.br\/agencia-de-comunicacao\/wp-json\/wp\/v2\/media?parent=124483"}],"wp:term":[{"taxonomy":"category","embeddable":true,"href":"https:\/\/bluestudio.estadao.com.br\/agencia-de-comunicacao\/wp-json\/wp\/v2\/categories?post=124483"},{"taxonomy":"post_tag","embeddable":true,"href":"https:\/\/bluestudio.estadao.com.br\/agencia-de-comunicacao\/wp-json\/wp\/v2\/tags?post=124483"}],"curies":[{"name":"wp","href":"https:\/\/api.w.org\/{rel}","templated":true}]}}