{"id":124427,"date":"2026-02-20T14:27:00","date_gmt":"2026-02-20T17:27:00","guid":{"rendered":"https:\/\/bluestudio.estadao.com.br\/agencia-de-comunicacao\/prnewswire\/o-ano-comecou-de-verdade-conheca-tratamentos-que-vao-cuidar-da-sua-pele-em-2026\/"},"modified":"2026-02-20T14:27:00","modified_gmt":"2026-02-20T17:27:00","slug":"o-ano-comecou-de-verdade-conheca-tratamentos-que-vao-cuidar-da-sua-pele-em-2026","status":"publish","type":"post","link":"https:\/\/bluestudio.estadao.com.br\/agencia-de-comunicacao\/prnewswire\/o-ano-comecou-de-verdade-conheca-tratamentos-que-vao-cuidar-da-sua-pele-em-2026\/","title":{"rendered":"O ano come\u00e7ou de verdade! Conhe\u00e7a tratamentos que v\u00e3o cuidar da sua pele em 2026"},"content":{"rendered":"\n<div class=\"xn-content\">\n<p class=\"prntac\"><i>O bioestimulador de col\u00e1geno e \u00e1cido hialur\u00f4nico injet\u00e1vel s\u00e3o grandes aliados para regenerar a pele e real\u00e7ar pontos estrat\u00e9gicos do rosto<\/i><\/p>\n<p><span class=\"legendSpanClass\">S\u00c3O PAULO<\/span>, <span class=\"legendSpanClass\">20 de fevereiro de 2026<\/span> \/PRNewswire\/ &#8212; Ap\u00f3s o per\u00edodo de festividades e descanso do Carnaval, o ano de 2026 finalmente ganha seu ritmo e, com ele, a necessidade de retomar e estabelecer novas prioridades na rotina. Entre os cuidados essenciais para se iniciar bem o ano, a sa\u00fade e a vitalidade da pele se destacam como um investimento fundamental.<\/p>\n<div class=\"PRN_ImbeddedAssetReference\" id=\"DivAssetPlaceHolder1\">\n<a href=\"https:\/\/mma.prnewswire.com\/media\/2917422\/Galderma_Imagem.html\" target=\"_blank\" rel=\"nofollow\">  <img decoding=\"async\" src=\"https:\/\/mma.prnewswire.com\/media\/2917422\/Galderma_Imagem.jpg\" title=\"Divulga\u00e7\u00e3o: Galderma\" alt=\"Divulga\u00e7\u00e3o: Galderma\" \/><\/a>\n <\/p>\n<\/p><\/div>\n<p>&#8220;Com o ano come\u00e7ando para valer, \u00e9 o momento ideal para reavaliar e priorizar os cuidados com a pele, integrando-os \u00e0 rotina de bem-estar. Al\u00e9m dos cuidados di\u00e1rios essenciais de limpeza, fotoprote\u00e7\u00e3o e hidrata\u00e7\u00e3o, considerar procedimentos est\u00e9ticos injet\u00e1veis pode ser um passo importante. Para isso, \u00e9 fundamental consultar um dermatologista que poder\u00e1 indicar o melhor plano de tratamentos, de acordo com cada caso&#8221;, explica o dermatologista Bruno Vargas (CRM-MG 38959\/ RQE 32477).<\/p>\n<p>Nesse contexto, tratamentos que atuam na regenera\u00e7\u00e3o profunda da pele se tornam grandes aliados. Sculptra(R) emerge como uma op\u00e7\u00e3o poderosa, um bioestimulador de col\u00e1geno injet\u00e1vel, sendo o \u00fanico<sup>A<\/sup> com a\u00e7\u00e3o regenerativa completa<sup>1,2B<\/sup>. Isso significa que, al\u00e9m de estimular a produ\u00e7\u00e3o de col\u00e1geno e elastina<sup>2-6<\/sup>, ele tamb\u00e9m age aumentando a espessura d\u00e9rmica<sup>4,7<\/sup> e regenerando a matriz extracelular<sup>8<\/sup>, estrutura que sustenta as c\u00e9lulas e regula suas fun\u00e7\u00f5es. <\/p>\n<p>O influenciador Theodoro (@theodoro), que compartilha sua jornada de cuidados com a pele nas redes sociais, usa <a href=\"https:\/\/www.galdermaaesthetics.com.br\/bioestimulador-recuperacao-firmeza-cutanea\" target=\"_blank\" rel=\"nofollow\">Sculptra(R)<\/a> e aprova. &#8220;Eu sempre destaco a import\u00e2ncia de investir no nosso bem-estar, especialmente na nossa pele! Para mim, cuidar dela agora \u00e9 fundamental para colher os resultados ao longo de todo o ano. E para ter aquela pele firme e regenerada, pronta para aproveitar cada momento de 2026, meu segredo \u00e9 Sculptra(R). Desde que comecei a us\u00e1-lo, percebi uma diferen\u00e7a enorme na qualidade dela!&#8221;, comenta.<\/p>\n<p>Complementando essa abordagem regenerativa, outro tratamento que tem ganhado a aten\u00e7\u00e3o de quem busca real\u00e7ar pontos de beleza do rosto \u00e9 o \u00e1cido hialur\u00f4nico injet\u00e1vel. Uma das op\u00e7\u00f5es dispon\u00edveis no mercado \u00e9 <a href=\"https:\/\/www.galdermaaesthetics.com.br\/tipos-de-restylane\" target=\"_blank\" rel=\"nofollow\">Restylane(R)<\/a>, linha reconhecida por redefinir contornos<sup>9-11<\/sup> e melhorar a qualidade da pele<sup>12-14<\/sup>, entregando naturalidade<sup>C<\/sup> e personaliza\u00e7\u00e3o<sup>D11,15-18<\/sup>. Para sustenta\u00e7\u00e3o e efeito lifting, h\u00e1 Restylane(R) Lyft(TM)<sup>19-22<\/sup>; para contorno e proje\u00e7\u00e3o do rosto, Restylane(R) Defyne<sup>20-22<\/sup>; para suavizar linhas, olheiras e rugas, Restylane(R) Lidocaine(TM)<sup>23<\/sup>; para volumizar os l\u00e1bios, Restylane(R) Kysse(TM)<sup>24,25<\/sup>; e para proje\u00e7\u00e3o e contorno do queixo, Restylane(R) Shaype(TM)<sup>26-28<\/sup>. <\/p>\n<p>&#8220;O segredo de um bom protocolo, al\u00e9m da expertise do profissional e da escolha correta do produto usado, muitas vezes reside na sinergia dos tratamentos. Enquanto o bioestimulador atua na sustenta\u00e7\u00e3o, reconstruindo o col\u00e1geno e elastina de dentro para fora para uma firmeza e qualidade de pele duradouras, o \u00e1cido hialur\u00f4nico injet\u00e1vel permite projetar, volumizar e refinar contornos de forma precisa e imediata&#8221;, explica o m\u00e9dico.<\/p>\n<p><b>O cuidado com a pele deve ser mantido diariamente em casa<\/b><\/p>\n<p>Para potencializar e prolongar os resultados obtidos com bioestimuladores como Sculptra(R), o Dr. Bruno Vargas destaca tamb\u00e9m a import\u00e2ncia da sinergia com produtos de skincare de alta performance, com ativos que podem contribuir para o processo de regenera\u00e7\u00e3o da pele.<\/p>\n<p>A marca de skincare regenerativo Alastin(R), por exemplo, conta com alguns produtos que apresentam em sua formula\u00e7\u00e3o a exclusiva Tecnologia TriHex(R), uma combina\u00e7\u00e3o de pept\u00eddeos que ajuda a remover fragmentos de col\u00e1geno e elastina danificados, estimulando a regenera\u00e7\u00e3o da pele. Estudos j\u00e1 mostram, inclusive, que a associa\u00e7\u00e3o de Sculptra(R) e <a href=\"https:\/\/alastin.com.br\/restorative-skin-complex\" target=\"_blank\" rel=\"nofollow\">Alastin(R) Restorative Skin Complex<\/a>, por exemplo, favorece resultados est\u00e9ticos superiores, com melhora em radi\u00e2ncia, textura e do dano causado \u00e0 pele pela exposi\u00e7\u00e3o cumulativa ao sol, al\u00e9m de conferir maior densidade e firmeza<sup>29<\/sup>.<\/p>\n<p>&#8220;\u00c9 um erro pensar que o cuidado com a pele se resume a procedimentos isolados. A verdadeira transforma\u00e7\u00e3o vem da combina\u00e7\u00e3o estrat\u00e9gica de tratamentos profissionais, personalizados por um m\u00e9dico habilitado, com a manuten\u00e7\u00e3o di\u00e1ria de produtos de alta qualidade. Essa sinergia n\u00e3o s\u00f3 potencializa os resultados, como garante a sa\u00fade e a vitalidade da pele a longo prazo&#8221;, finaliza o m\u00e9dico.<\/p>\n<p>Vale lembrar que Sculptra(R) e Restylane(R) devem ser aplicados por profissionais habilitados \u00e0 pr\u00e1tica de injet\u00e1veis.<\/p>\n<p><i>Refer\u00eancias<\/i><\/p>\n<p>A. \u00danico bioestimulador do mercado com a\u00e7\u00e3o comprovada sobre genes que modulam adip\u00f3citos (jovens (brancos) &#8211; dados apurados at\u00e9 dezembro\/24<br \/>B. Sculptra(R) estimula a produ\u00e7\u00e3o de col\u00e1geno e elastina e ativa genes associados \u00e0 modula\u00e7\u00e3o de adip\u00f3citos e repara\u00e7\u00e3o tecidual.<br \/>C. Alta manuten\u00e7\u00e3o das express\u00f5es faciais naturais com a linha OBT (95%, n=63); Tecnologia NASHA que resulta em g\u00e9is mais pr\u00f3ximos da composi\u00e7\u00e3o do AH natural.<br \/>D. G\u00e9is com flexibilidade e firmeza variadas que permitem a personaliza\u00e7\u00e3o do tratamento.<\/p>\n<p><i>1. Waibel J, et al. Dermatol Surg. 2024 Nov 1;50(11S):S166-S171. <br \/><\/i><i>2. Galderma. Date on File (MA-60875). <br \/><\/i><i>3. Goldberg D, et al. Dermatol Surg. 2013;39(6):915-922. <\/i><br \/><i>4. Machado Filho CDS et al. <\/i><i>Surg Cosmet Dermatol 2013;5(4):345-50. <br \/><\/i><i>5. Morgan P, et al. Poster presented at IMCAS World Congress, 26-28 January 2023, Paris, France. <\/i><br \/><i>6. Narins RS, et al. J Am Acad Dermatol. 2010 Mar;62(3):448-62. <\/i><br \/><i>7. Bonhert K, et al. Dermatol Surg. Jan 2019. 45; 718-24 <\/i><br \/><i>8. Waibel J, et al. Poster presented at the IMCAS World Congress. 1-3 February 2024, Paris, France <br \/><\/i><i>9. Weiss RA et al. Dermatol Surg. 2016 Jun;42(6):699-709  <br \/><\/i><i>10. Di Gregorio C et al. Clin Cosmet Investig Dermatol. 2022 Apr 14;15:681-690. <\/i> <br \/><i>11. Talarico S et al. Dermatol Surg. 2015 Dec;41(12):1361-9.  <br \/><\/i><i>12. Belmontesi M et al. J Drugs Dermatol. <\/i><i>2018 Jan 1;17(1):83-88.  <br \/><\/i><i>13. Kerscher M et al. Presented at IMCAS World Congress Paris, France. January 26-29, 2017  <br \/><\/i><i>14. Wu Y et al. J Cosmet Dermatol. 2020 Jul;19(7):1627-1635.  <br \/><\/i><i>15. Philipp-Dormston WG, et al. <\/i><i>Dermatol Surg. 2018 Jun;44(6):826-832  <br \/><\/i><i>16. Rzany B, et al. Dermatol Surg. 2012 Jul;38(7 Pt 2):1153-61.<br \/><\/i><i>17. Segura S, et al. J Drugs Dermatol. <\/i><i>2012 Jan;11(1 Suppl):s5-8.<br \/><\/i><i>18. Ohrlund A et al. Poster presented at AMWC 2019.  <br \/><\/i><i>19. Sarubi J, et al. J Cosmet Dermatol. 2022 Oct;21(10):5261-5263.  <br \/><\/i><i>20. Rogerio V, et al. J Stomatol Oral Maxillofac Surg. 2022 Sep;123(4):440-447.  <\/i><br \/><i>21. \u00c5ke \u00d6hrlund. Journal of Cosmetics, Dermatological Sciences and Applications, 2018, 8, 47-54  <\/i><br \/><i>22. Galderma data on file (MA-43049_HL)  <\/i><br \/><i>23. IFU EU Restylane Lyft  <\/i><br \/><i>24. Restylane Lido IFU.  <\/i><br \/><i>25. Bertucci V et al. J Cosmet Dermatol. 2021 May;20(5):1499-1504.  <\/i><br \/><i>26. Nikolis A et al. Dermatol Surg. 2021 May 1 ;47(5):e168-e173.  <\/i><br \/><i>27. Nikolis A et al. J Drugs Dermatol. <\/i><i>2024 Apr 1 ;23(4):255-261.  <\/i><br \/><i>28. Restylane Shaype IFU. <br \/><\/i><i>29. Data on File.<\/i><\/p>\n<p><b>Sobre a Galderma<\/b> <\/p>\n<p>A Galderma \u00e9 uma das empresas l\u00edderes em dermatologia, presente em aproximadamente 90 pa\u00edses. Oferecemos um portf\u00f3lio inovador, embasado em ci\u00eancia, com marcas e servi\u00e7os premium que abrangem todo o universo do mercado dermatol\u00f3gico em r\u00e1pido crescimento, por meio dos neg\u00f3cios de Est\u00e9tica Injet\u00e1vel e Skincare Dermatol\u00f3gico &amp; Dermatologia Terap\u00eautica. Desde a nossa funda\u00e7\u00e3o, em 1981, dedicamos nosso foco e paix\u00e3o ao maior \u00f3rg\u00e3o do corpo humano &#8211; a pele &#8211; atendendo \u00e0s necessidades individuais de consumidores e pacientes com resultados superiores, em parceria com profissionais de sa\u00fade. Estamos avan\u00e7ando a dermatologia para cada hist\u00f3ria de pele, por entender que a pele em que estamos molda nossas vidas. Para mais informa\u00e7\u00f5es, acesse: <a href=\"https:\/\/www.galderma.com\/br-pt\/brasil\" target=\"_blank\" rel=\"nofollow\">www.galderma.com\/br-pt\/brasil<\/a><\/p>\n<p>Foto &#8211; <a href=\"https:\/\/mma.prnewswire.com\/media\/2917422\/Galderma_Imagem.jpg\" target=\"_blank\" rel=\"nofollow\">https:\/\/mma.prnewswire.com\/media\/2917422\/Galderma_Imagem.jpg<\/a><\/p>\n<p id=\"PURL\"><img loading=\"lazy\" decoding=\"async\" title=\"Cision\" width=\"12\" height=\"12\" alt=\"Cision\" src=\"https:\/\/edge.prnewswire.com\/c\/img\/favicon.png?sn=PT92374&amp;sd=2026-02-20\" \/> View original content to download multimedia:<a id=\"PRNURL\" rel=\"nofollow\" href=\"https:\/\/www.prnewswire.com\/br\/comunicados-para-a-imprensa\/o-ano-comecou-de-verdade-conheca-tratamentos-que-vao-cuidar-da-sua-pele-em-2026-302693707.html\" target=\"_blank\">https:\/\/www.prnewswire.com\/br\/comunicados-para-a-imprensa\/o-ano-comecou-de-verdade-conheca-tratamentos-que-vao-cuidar-da-sua-pele-em-2026-302693707.html<\/a><\/p>\n<p>FONTE Galderma<\/p>\n<\/div>\n<p>  <img decoding=\"async\" alt=\"\" src=\"https:\/\/rt.prnewswire.com\/rt.gif?NewsItemId=PT92374&amp;Transmission_Id=202602201213PR_NEWS_LATAM____PT92374&amp;DateId=20260220\" style=\"border:0px;width:1px;height:1px\" \/><\/p>\n<p><strong>T\u00f3picos Relacionados:<\/strong> Pesquisa, Enquetes e Estudos, Sa\u00fade\/Hospitais, Dom\u00e9stico\/Consumidor\/Cosm\u00e9ticos, Cosm\u00e9ticos e Cuidados Pessoais<\/p>\n<p>A <b>OESP<\/b> n\u00e3o \u00e9(s\u00e3o) respons\u00e1vel(is) por erros, incorre\u00e7\u00f5es, atrasos ou quaisquer decis\u00f5es tomadas por seus clientes com base nos Conte\u00fados ora disponibilizados, bem como tais Conte\u00fados n\u00e3o representam a opini\u00e3o da <b>OESP<\/b> e s\u00e3o de inteira responsabilidade da <b>PR Newswire Ltda<\/b><\/p>\n","protected":false},"excerpt":{"rendered":"O bioestimulador de col\u00e1geno e \u00e1cido hialur\u00f4nico injet\u00e1vel s\u00e3o grandes aliados para regenerar a pele e real\u00e7ar pontos estrat\u00e9gicos do rosto S\u00c3O PAULO, 20 de fevereiro de 2026 \/PRNewswire\/","protected":false},"author":1,"featured_media":124428,"comment_status":"open","ping_status":"closed","sticky":false,"template":"","format":"standard","meta":{"_acf_changed":false,"inline_featured_image":false,"_monsterinsights_skip_tracking":false,"_monsterinsights_sitenote_active":false,"_monsterinsights_sitenote_note":"","_monsterinsights_sitenote_category":0,"footnotes":""},"categories":[27],"tags":[7144],"class_list":["post-124427","post","type-post","status-publish","format-standard","has-post-thumbnail","hentry","category-prnewswire","tag-o-bioestimulador-de-colageno-e-acido-hialuronico-injetavel-sao-grandes-aliados-para-regenerar-a-pele-e-realcar-pontos-estrategicos-do-rosto"],"acf":[],"_links":{"self":[{"href":"https:\/\/bluestudio.estadao.com.br\/agencia-de-comunicacao\/wp-json\/wp\/v2\/posts\/124427","targetHints":{"allow":["GET"]}}],"collection":[{"href":"https:\/\/bluestudio.estadao.com.br\/agencia-de-comunicacao\/wp-json\/wp\/v2\/posts"}],"about":[{"href":"https:\/\/bluestudio.estadao.com.br\/agencia-de-comunicacao\/wp-json\/wp\/v2\/types\/post"}],"author":[{"embeddable":true,"href":"https:\/\/bluestudio.estadao.com.br\/agencia-de-comunicacao\/wp-json\/wp\/v2\/users\/1"}],"replies":[{"embeddable":true,"href":"https:\/\/bluestudio.estadao.com.br\/agencia-de-comunicacao\/wp-json\/wp\/v2\/comments?post=124427"}],"version-history":[{"count":0,"href":"https:\/\/bluestudio.estadao.com.br\/agencia-de-comunicacao\/wp-json\/wp\/v2\/posts\/124427\/revisions"}],"wp:featuredmedia":[{"embeddable":true,"href":"https:\/\/bluestudio.estadao.com.br\/agencia-de-comunicacao\/wp-json\/wp\/v2\/media\/124428"}],"wp:attachment":[{"href":"https:\/\/bluestudio.estadao.com.br\/agencia-de-comunicacao\/wp-json\/wp\/v2\/media?parent=124427"}],"wp:term":[{"taxonomy":"category","embeddable":true,"href":"https:\/\/bluestudio.estadao.com.br\/agencia-de-comunicacao\/wp-json\/wp\/v2\/categories?post=124427"},{"taxonomy":"post_tag","embeddable":true,"href":"https:\/\/bluestudio.estadao.com.br\/agencia-de-comunicacao\/wp-json\/wp\/v2\/tags?post=124427"}],"curies":[{"name":"wp","href":"https:\/\/api.w.org\/{rel}","templated":true}]}}