{"id":124324,"date":"2026-02-18T14:20:00","date_gmt":"2026-02-18T17:20:00","guid":{"rendered":"https:\/\/bluestudio.estadao.com.br\/agencia-de-comunicacao\/markable-comunicacao\/pelos-encravados-e-foliculite-por-que-a-lamina-pode-agravar-o-quadro\/"},"modified":"2026-02-18T14:20:00","modified_gmt":"2026-02-18T17:20:00","slug":"pelos-encravados-e-foliculite-por-que-a-lamina-pode-agravar-o-quadro","status":"publish","type":"post","link":"https:\/\/bluestudio.estadao.com.br\/agencia-de-comunicacao\/markable-comunicacao-homework\/pelos-encravados-e-foliculite-por-que-a-lamina-pode-agravar-o-quadro\/","title":{"rendered":"Pelos encravados e foliculite: por que a l\u00e2mina pode agravar o quadro"},"content":{"rendered":"<p><i>Especialista explica as diferen\u00e7as e aponta formas seguras de evitar inflama\u00e7\u00f5es<\/i><\/p>\n<p>Manchas e escurecimentos na pele v\u00e3o al\u00e9m de uma quest\u00e3o est\u00e9tica. As regi\u00f5es afetadas interferem na confian\u00e7a, impactam a rotina e influenciam a forma como muitas pessoas se enxergam. Essa rela\u00e7\u00e3o entre apar\u00eancia e bem-estar foi evidenciada em um estudo epidemiol\u00f3gico global conduzido em 2023 pela La Roche-Posay, que ouviu quase 50 mil pacientes em 34 pa\u00edses. Os dados mostram a dimens\u00e3o do problema: 46% dos entrevistados relataram impacto direto na autoestima provocado por essas marcas, refor\u00e7ando como esse tipo de condi\u00e7\u00e3o tamb\u00e9m afeta o equil\u00edbrio emocional. No dia a dia, um dos fatores mais associados a esse cen\u00e1rio \u00e9 o uso frequente da l\u00e2mina, especialmente em regi\u00f5es mais sens\u00edveis do corpo.<\/p>\n<p>Segundo T\u00e1lona Nayla de Marco, coordenadora respons\u00e1vel t\u00e9cnica da <a href=\"https:\/\/www.instagram.com\/lypedepyl\/\" target=\"_blank\"><u>LypeDepyl,<\/u><\/a> rede refer\u00eancia em depila\u00e7\u00e3o a laser e pioneira na despigmenta\u00e7\u00e3o de tatuagens e sobrancelhas, \u00e9 comum que os termos pelo encravado e foliculite sejam tratados como sin\u00f4nimos, embora representem quadros distintos. \u201cO pelo encravado acontece quando o fio n\u00e3o consegue ultrapassar a superf\u00edcie cut\u00e2nea e passa a crescer internamente. J\u00e1 a foliculite \u00e9 um processo inflamat\u00f3rio do fol\u00edculo piloso, geralmente provocado por bact\u00e9rias, fungos ou pela agress\u00e3o repetida da regi\u00e3o\u201d, explica.<\/p>\n<p>Apesar das diferen\u00e7as cl\u00ednicas, ambos compartilham fatores desencadeantes semelhantes, m\u00e9todos de depila\u00e7\u00e3o mais agressivos, entenda:<\/p>\n<p><b>Por que a l\u00e2mina pode piorar o problema?<\/b><\/p>\n<p>Ela promove o corte do fio muito pr\u00f3ximo da superf\u00edcie da pele, deixando sua extremidade mais r\u00edgida e pontiaguda. \u201cDurante o crescimento, esse fio encontra maior resist\u00eancia para atravessar a barreira cut\u00e2nea, o que favorece o crescimento interno e o surgimento de inflama\u00e7\u00f5es. O atrito cont\u00ednuo tamb\u00e9m pode causar microles\u00f5es quase impercept\u00edveis, facilitando a entrada de microrganismos e intensificando quadros de vermelhid\u00e3o, sensibilidade e infec\u00e7\u00e3o local\u201d, explica a profissional.<\/p>\n<p>A especialista ressalta ainda que o uso repetido da l\u00e2mina na mesma regi\u00e3o aumenta o risco de irrita\u00e7\u00f5es persistentes, surgimento de p\u00fastulas, escurecimento da pele e at\u00e9 marcas duradouras. Em pessoas com maior sensibilidade ou predisposi\u00e7\u00e3o \u00e0 hiperpigmenta\u00e7\u00e3o, esses efeitos tendem a se manifestar com mais intensidade.<\/p>\n<p><b>Caminhos mais seguros<\/b><\/p>\n<p>Evitar m\u00e9todos agressivos e adotar uma rotina de cuidados mais equilibrada faz diferen\u00e7a no controle do problema. Reduzir a frequ\u00eancia de t\u00e9cnicas que promovem cortes rente \u00e0 superf\u00edcie \u00e9 um passo importante, assim como manter a regi\u00e3o bem hidratada, j\u00e1 que o ressecamento favorece respostas irritativas. A renova\u00e7\u00e3o celular tamb\u00e9m deve ser estimulada com cautela, evitando agress\u00f5es que possam intensificar o quadro, orienta.<\/p>\n<p>Nesse contexto, t\u00e9cnicas que atuam diretamente na raiz do pelo ganham destaque por oferecerem benef\u00edcios progressivos. \u201cA <a href=\"https:\/\/bluestudio.estadao.com.br\/agencia-de-comunicacao\/markable-comunicacao\/4-tendencias-que-estao-moldando-o-futuro-da-depilacao-a-laser\/\" target=\"_blank\"><u>depila\u00e7\u00e3o a laser,<\/u><\/a> contribui para a redu\u00e7\u00e3o gradual da densidade e da espessura dos fios, diminuindo o atrito e a recorr\u00eancia de processos inflamat\u00f3rios. Com o tempo, a \u00e1rea tratada se torna mais est\u00e1vel, menos sens\u00edvel e menos suscet\u00edvel a rea\u00e7\u00f5es, o que reflete tanto na apar\u00eancia quanto no conforto ao longo do dia\u201d, conclui T\u00e1lona.<\/p>\n<p>A <b>OESP<\/b> n\u00e3o \u00e9(s\u00e3o) respons\u00e1vel(is) por erros, incorre\u00e7\u00f5es, atrasos ou quaisquer decis\u00f5es tomadas por seus clientes com base nos Conte\u00fados ora disponibilizados, bem como tais Conte\u00fados n\u00e3o representam a opini\u00e3o da <b>OESP<\/b> e s\u00e3o de inteira responsabilidade da <b>Markable Comunica\u00e7\u00e3o<\/b><\/p>\n","protected":false},"excerpt":{"rendered":"Especialista explica as diferen\u00e7as e aponta formas seguras de evitar inflama\u00e7\u00f5es Manchas e escurecimentos na pele v\u00e3o al\u00e9m de uma quest\u00e3o est\u00e9tica. As regi\u00f5es afetadas interferem na","protected":false},"author":1,"featured_media":124325,"comment_status":"open","ping_status":"closed","sticky":false,"template":"","format":"standard","meta":{"_acf_changed":false,"inline_featured_image":false,"_monsterinsights_skip_tracking":false,"_monsterinsights_sitenote_active":false,"_monsterinsights_sitenote_note":"","_monsterinsights_sitenote_category":0,"footnotes":""},"categories":[552],"tags":[],"class_list":["post-124324","post","type-post","status-publish","format-standard","has-post-thumbnail","hentry","category-markable-comunicacao-homework"],"acf":[],"_links":{"self":[{"href":"https:\/\/bluestudio.estadao.com.br\/agencia-de-comunicacao\/wp-json\/wp\/v2\/posts\/124324","targetHints":{"allow":["GET"]}}],"collection":[{"href":"https:\/\/bluestudio.estadao.com.br\/agencia-de-comunicacao\/wp-json\/wp\/v2\/posts"}],"about":[{"href":"https:\/\/bluestudio.estadao.com.br\/agencia-de-comunicacao\/wp-json\/wp\/v2\/types\/post"}],"author":[{"embeddable":true,"href":"https:\/\/bluestudio.estadao.com.br\/agencia-de-comunicacao\/wp-json\/wp\/v2\/users\/1"}],"replies":[{"embeddable":true,"href":"https:\/\/bluestudio.estadao.com.br\/agencia-de-comunicacao\/wp-json\/wp\/v2\/comments?post=124324"}],"version-history":[{"count":0,"href":"https:\/\/bluestudio.estadao.com.br\/agencia-de-comunicacao\/wp-json\/wp\/v2\/posts\/124324\/revisions"}],"wp:featuredmedia":[{"embeddable":true,"href":"https:\/\/bluestudio.estadao.com.br\/agencia-de-comunicacao\/wp-json\/wp\/v2\/media\/124325"}],"wp:attachment":[{"href":"https:\/\/bluestudio.estadao.com.br\/agencia-de-comunicacao\/wp-json\/wp\/v2\/media?parent=124324"}],"wp:term":[{"taxonomy":"category","embeddable":true,"href":"https:\/\/bluestudio.estadao.com.br\/agencia-de-comunicacao\/wp-json\/wp\/v2\/categories?post=124324"},{"taxonomy":"post_tag","embeddable":true,"href":"https:\/\/bluestudio.estadao.com.br\/agencia-de-comunicacao\/wp-json\/wp\/v2\/tags?post=124324"}],"curies":[{"name":"wp","href":"https:\/\/api.w.org\/{rel}","templated":true}]}}