{"id":124219,"date":"2026-02-15T05:57:00","date_gmt":"2026-02-15T08:57:00","guid":{"rendered":"https:\/\/bluestudio.estadao.com.br\/agencia-de-comunicacao\/releases\/releases-geral\/dentsu-lanca-nova-estrutura-de-gerenciamento-global\/"},"modified":"2026-02-15T05:57:00","modified_gmt":"2026-02-15T08:57:00","slug":"dentsu-lanca-nova-estrutura-de-gerenciamento-global","status":"publish","type":"post","link":"https:\/\/bluestudio.estadao.com.br\/agencia-de-comunicacao\/releases\/releases-geral\/dentsu-lanca-nova-estrutura-de-gerenciamento-global\/","title":{"rendered":"Dentsu Lan\u00e7a Nova Estrutura de Gerenciamento Global"},"content":{"rendered":"<p align=\"center\"><strong> Maior Contribui\u00e7\u00e3o para o Crescimento do Cliente com Fortalecimento da Capacidade de Execu\u00e7\u00e3o <\/strong><\/p>\n<p align=\"justify\">T\u00d3QUIO, Feb.  15, 2026  (GLOBE NEWSWIRE) &#8212; O Dentsu Group Inc. (T\u00f3quio: 4324; ISIN: JP3551520004; Sede: Minato-ku, T\u00f3quio; Presidente e CEO Global: Hiroshi Igarashi; a Empresa e suas empresas do Grupo doravante referidas coletivamente como &#8220;dentsu&#8221;) lan\u00e7ou hoje uma nova estrutura de gest\u00e3o global  incluindo a nomea\u00e7\u00e3o de um novo Presidente e CEO Global  com o objetivo de aprimorar a excel\u00eancia da execu\u00e7\u00e3o e impulsionar resultados de crescimento mais fortes para nossos clientes. A nova estrutura entrar\u00e1 em vigor em 27 de mar\u00e7o de 2026.<\/p>\n<p align=\"justify\">No Exerc\u00edcio Fiscal de 2025, apesar dos desafios cont\u00ednuos dos neg\u00f3cios em r\u00e1pida mudan\u00e7a no exterior, a transforma\u00e7\u00e3o cont\u00ednua da dentsu j\u00e1 estabeleceu uma base s\u00f3lida para sua pr\u00f3xima fase de crescimento. Sob a nova estrutura de gest\u00e3o, a dentsu fortalecer\u00e1 ainda mais a execu\u00e7\u00e3o, com a amplia\u00e7\u00e3o da sua s\u00f3lida base de neg\u00f3cios, uma cultura que cultivou como uma organiza\u00e7\u00e3o global, e a maior conscientiza\u00e7\u00e3o da integridade e governan\u00e7a agora incorporada em todo o grupo. Esses esfor\u00e7os acelerar\u00e3o a transforma\u00e7\u00e3o e impulsionar\u00e3o um maior crescimento do cliente, ao mesmo tempo em que aprofundar\u00e3o a confian\u00e7a nas principais partes interessadas &#8211; incluindo clientes, investidores e acionistas &#8211; e garantir\u00e3o o aprimoramento sustent\u00e1vel do valor corporativo.<\/p>\n<p align=\"justify\">Uma mudan\u00e7a significativa na Equipe de Gerenciamento Global \u00e9 a nomea\u00e7\u00e3o de Takeshi Sano para Presidente e CEO Global. Sano atua como CEO da dentsu Japan e Vice-Diretor de Opera\u00e7\u00f5es Globais da dentsu.<\/p>\n<p align=\"justify\">Sano, que tamb\u00e9m atua como Presidente e CEO da Dentsu Inc., a principal empresa operacional que gera aproximadamente 40% da receita l\u00edquida do Grupo e mais da metade de seu lucro operacional subjacente, transformou a Dentsu Inc. em um verdadeiro Parceiro de Crescimento Integrado, alcan\u00e7ando 11 trimestres consecutivos de crescimento da receita com altos lucros por dois anos consecutivos. Al\u00e9m disso, desde 2023, ele vem liderando o crescimento e a expans\u00e3o global do Business Transformation (BX) da dentsu como CEO da BX, dentsu.<\/p>\n<p align=\"justify\">Al\u00e9m disso, a partir de 2025, enquanto atuava como Vice-COO Global da dentsu e CEO da dentsu Japan, ele alcan\u00e7ou resultados significativos na gest\u00e3o global com base na forte confian\u00e7a do cliente desenvolvida no mercado japon\u00eas, incluindo o fortalecimento da integra\u00e7\u00e3o das opera\u00e7\u00f5es nacionais e internacionais, apoio aos clientes japoneses na expans\u00e3o de seus neg\u00f3cios no exterior e amplia\u00e7\u00e3o da capacidade da dentsu Japan nos mercados globais. Ao continuar a atuar como CEO da dentsu Japan em 2026, ele manter\u00e1 o \u00edmpeto de crescimento dos neg\u00f3cios no Jap\u00e3o, que sustentam o desempenho consolidado do Grupo, ao mesmo tempo em que cria novas sinergias entre o Jap\u00e3o e os neg\u00f3cios no exterior. Isso acelerar\u00e1 a execu\u00e7\u00e3o do plano de gerenciamento de m\u00e9dio prazo e impulsionar\u00e1 a recupera\u00e7\u00e3o e o crescimento dos neg\u00f3cios no exterior.<\/p>\n<p align=\"justify\">Al\u00e9m disso, como a Dentsu Inc. visa alcan\u00e7ar um maior crescimento, mantendo e fortalecendo sua velocidade de tomada de decis\u00e3o e execu\u00e7\u00e3o como uma empresa operacional, Sano deixar\u00e1 o cargo de Diretor Representante, Presidente e CEO da Dentsu Inc. Chisato Matsumoto, que est\u00e1 atuando como Diretor da Dentsu Inc., assumir\u00e1 o cargo atual de Sano.<\/p>\n<p align=\"justify\"><strong>Coment\u00e1rio de Takeshi Sano, Diretor, Diretor Executivo Representativo, Presidente e CEO Global da dentsu (em vigor a partir de 27 de mar\u00e7o de 2026):<\/strong><br \/>&#8220;Em meio a r\u00e1pidas mudan\u00e7as do nosso ambiente de neg\u00f3cios e competitivo, continuamos a avan\u00e7ar cuidadosamente nossa abordagem de lideran\u00e7a e pr\u00e1ticas de gest\u00e3o para apoiar o ritmo da nossa transforma\u00e7\u00e3o e fortalecer a execu\u00e7\u00e3o, ao mesmo tempo em que maximizamos nossa contribui\u00e7\u00e3o para o crescimento do cliente. A Dentsu continuar\u00e1 a aprimorar o valor distinto que nos diferencia e a nos posicionar como verdadeiro parceiro de crescimento, apoiando os clientes de forma consistente desde a estrat\u00e9gia at\u00e9 a execu\u00e7\u00e3o. Ao criar oportunidades para nossos clientes, parceiros, pessoas e sociedade, refor\u00e7aremos a confian\u00e7a com as partes interessadas e avan\u00e7aremos constantemente o aprimoramento sustent\u00e1vel do nosso valor corporativo.<\/p>\n<ul type=\"disc\">\n<li style=\"margin-bottom:8pt\">Formamos uma nova Equipe de Gerenciamento Global que prioriza o fortalecimento da capacidade de execu\u00e7\u00e3o e a acelera\u00e7\u00e3o do ritmo da transforma\u00e7\u00e3o. Mais especificamente, a elimina\u00e7\u00e3o da fun\u00e7\u00e3o de COO Global que supervisiona todas as regi\u00f5es, e a fun\u00e7\u00e3o de Presidente Global que supervisiona todas as pr\u00e1ticas permitir\u00e1 que os CEOs de cada regi\u00e3o e os Presidentes de cada pr\u00e1tica &#8211; que desenvolvem relacionamentos diretos com os clientes &#8211; se reportem diretamente ao CEO Global, permitindo que a equipe de gerenciamento opere com maior unidade e tome decis\u00f5es r\u00e1pidas que priorizem as necessidades do cliente. Al\u00e9m disso, para acelerar a transforma\u00e7\u00e3o global, nomeamos recentemente um Diretor de Transforma\u00e7\u00e3o Global. E, para fortalecer a base de governan\u00e7a que sustenta nossas opera\u00e7\u00f5es globais, tamb\u00e9m nomeamos recentemente um Diretor Global de Assuntos Corporativos.<\/li>\n<li style=\"margin-bottom:8pt\">Yoshimasa Watahiki, COO, dentsu Japan, assumir\u00e1 o cargo de Diretor, Diretor Executivo Representativo, Vice-Presidente e Diretor Global de Assuntos Corporativos. Depois de ingressar na Dentsu Inc., Watahiki trabalhou na divis\u00e3o de m\u00eddia antes de atuar em v\u00e1rias fun\u00e7\u00f5es de lideran\u00e7a na divis\u00e3o de gest\u00e3o de neg\u00f3cios, onde liderou o desenvolvimento e a execu\u00e7\u00e3o de estrat\u00e9gias de neg\u00f3cios. A partir de 2020, como Diretor Executivo, ele passou a participar da gest\u00e3o da Dentsu Japan Network (agora conhecida como dentsu Japan). Em 2023, ele foi nomeado COO da dentsu Japan, impulsionando reformas nas estruturas de neg\u00f3cios e de gest\u00e3o, al\u00e9m de atuar como membro do conselho de v\u00e1rias empresas do grupo e supervisionar sua governan\u00e7a e gest\u00e3o. No futuro, Watahiki continuar\u00e1 como COO da dentsu Japan enquanto expande suas capacidades executivas para o n\u00edvel global, trabalhando ao lado da Equipe de Gerenciamento Global liderada por Sano. Na sua nova fun\u00e7\u00e3o como Vice-Presidente e Diretor Global de Assuntos Corporativos, ele ser\u00e1 respons\u00e1vel principalmente por supervisionar a governan\u00e7a. Al\u00e9m disso, ele deve assumir o cargo de Diretor e Diretor Executivo Representativo da dentsu, sujeito \u00e0s aprova\u00e7\u00f5es necess\u00e1rias.<\/li>\n<li style=\"margin-bottom:8pt\">Shigeki Endo manter\u00e1 seu papel de CFO Global. Endo tem um hist\u00f3rico de mais de 30 anos de experi\u00eancia comprovada em lideran\u00e7a em finan\u00e7as globais. Iniciando sua carreira em uma empresa comercial japonesa, ocupou cargos em auditoria interna e fun\u00e7\u00f5es de CFO no Jap\u00e3o e internacionalmente na General Electric (GE) e na British American Tobacco, com sede nos EUA, acumulando vasta experi\u00eancia em opera\u00e7\u00f5es de neg\u00f3cios globais. Posteriormente, atuou como Diretor Executivo e CFO do Jap\u00e3o na Accenture Japan antes de ingressar na dentsu em julho de 2024. Desde fevereiro de 2025 ele vem acelerando a transforma\u00e7\u00e3o dos neg\u00f3cios e da gest\u00e3o do ponto de vista financeiro como CFO Global da dentsu. Ele tem uma capacidade de execu\u00e7\u00e3o excepcional, particularmente na an\u00e1lise de neg\u00f3cios de baixo desempenho no exterior e na reconstru\u00e7\u00e3o da base de gest\u00e3o, onde apresentou resultados est\u00e1veis. No futuro, ele se esfor\u00e7ar\u00e1 para aumentar o valor corporativo, por meio do fortalecimento da base financeira do grupo e alcance de gera\u00e7\u00e3o de caixa sustent\u00e1vel, conquistando assim a confian\u00e7a de v\u00e1rias partes interessadas. Sujeito \u00e0s aprova\u00e7\u00f5es necess\u00e1rias, ele tamb\u00e9m deve assumir o cargo de Diretor e Diretor Executivo da dentsu.\n<p><sub>* Takeshi Sano, Yoshimasa Watahiki e Shigeki Endo foram indicados como candidatos a Conselheiro a serem propostos na 177\u00aa Assembleia Geral Ordin\u00e1ria de Acionistas marcada para 27 de mar\u00e7o de 2026. Al\u00e9m disso, ap\u00f3s a conclus\u00e3o da mesma Assembleia Geral Ordin\u00e1ria de Acionistas, eles ser\u00e3o nomeados para a Diretoria Executiva na reuni\u00e3o do Conselho de Administra\u00e7\u00e3o. Takeshi Sano e Yoshimasa Watahiki devem ser nomeados Diretores Executivos Representativos.<\/sub><\/li>\n<\/ul>\n<p align=\"justify\"><strong>Equipe de Gerenciamento Global<\/strong><br \/>A Equipe de Gerenciamento Global, composta pelos 23 membros mencionados abaixo, \u00e9 respons\u00e1vel por gerenciar todo o Grupo em aprox. 120 pa\u00edses, incluindo a sede global, Dentsu Group Inc. Dentro dessa equipe, os membros que lidam com as fun\u00e7\u00f5es executivas s\u00e3o chamados de &#8220;Gerenciamento Executivo Global&#8221;.<\/p>\n<p align=\"justify\"><strong>Nomea\u00e7\u00f5es para Gerenciamento Executivo Global (13 l\u00edderes)<\/strong><br \/>(Em vigor a partir de 27 de mar\u00e7o de 2026)<\/p>\n<table style=\"border-top: solid black 1pt;border-right: solid black 1pt;border-bottom: solid black 1pt;border-left: solid black 1pt;border-collapse: collapse;width:100%;border-collapse:collapse\">\n<tr>\n<td style=\"max-width:10%;width:10%;min-width:10%;border-top: solid black 1pt;border-right: solid black 1pt;border-bottom: solid black 1pt;border-left: solid black 1pt;text-align: center;vertical-align: middle;vertical-align: middle\">Mudan\u00e7ano t\u00edtulo<\/td>\n<td style=\"max-width:35%;width:35%;min-width:35%;border-top: solid black 1pt;border-right: solid black 1pt;border-bottom: solid black 1pt;border-left: solid black 1pt;text-align: center;vertical-align: middle;vertical-align: middle\">Posi\u00e7\u00e3o a partir de 27 de mar\u00e7o de 2026<\/td>\n<td style=\"max-width:20%;width:20%;min-width:20%;border-top: solid black 1pt;border-right: solid black 1pt;border-bottom: solid black 1pt;border-left: solid black 1pt;text-align: center;vertical-align: middle;vertical-align: middle\">Nome<\/td>\n<td style=\"max-width:35%;width:35%;min-width:35%;border-top: solid black 1pt;border-right: solid black 1pt;border-bottom: solid black 1pt;border-left: solid black 1pt;text-align: center;vertical-align: middle;vertical-align: middle\">Posi\u00e7\u00e3o atual<\/td>\n<\/tr>\n<tr>\n<td style=\"border-top: solid black 1pt;border-right: solid black 1pt;border-bottom: solid black 1pt;border-left: solid black 1pt;text-align: center;vertical-align: middle;vertical-align: middle\">**<\/td>\n<td style=\"border-top: solid black 1pt;border-right: solid black 1pt;border-bottom: solid black 1pt;border-left: solid black 1pt;vertical-align: middle\">Diretor,<br \/>Diretor Executivo Representativo, Presidente e CEO Global, dentsu<br \/>CEO, dentsu Japan<\/td>\n<td style=\"border-top: solid black 1pt;border-right: solid black 1pt;border-bottom: solid black 1pt;border-left: solid black 1pt;vertical-align: middle\">Takeshi Sano<\/td>\n<td style=\"border-top: solid black 1pt;border-right: solid black 1pt;border-bottom: solid black 1pt;border-left: solid black 1pt;vertical-align: middle\">Diretor Executivo,<br \/>CEO, dentsu Japan &amp;<br \/>Diretor Adjunto de Opera\u00e7\u00f5es Globais, dentsu<\/td>\n<\/tr>\n<tr>\n<td style=\"border-top: solid black 1pt;border-right: solid black 1pt;border-bottom: solid black 1pt;border-left: solid black 1pt;text-align: center;vertical-align: middle;vertical-align: middle\">**<\/td>\n<td style=\"border-top: solid black 1pt;border-right: solid black 1pt;border-bottom: solid black 1pt;border-left: solid black 1pt;vertical-align: middle\">Diretor,<br \/>Diretor Executivo Representativo, Vice-Presidente Executivo, Diretor Global de Assuntos Corporativos, dentsu<\/td>\n<td style=\"border-top: solid black 1pt;border-right: solid black 1pt;border-bottom: solid black 1pt;border-left: solid black 1pt;vertical-align: middle\">Yoshimasa Watahiki<\/td>\n<td style=\"border-top: solid black 1pt;border-right: solid black 1pt;border-bottom: solid black 1pt;border-left: solid black 1pt;vertical-align: middle\">COO, dentsu Jap\u00e3o<\/td>\n<\/tr>\n<tr>\n<td style=\"border-top: solid black 1pt;border-right: solid black 1pt;border-bottom: solid black 1pt;border-left: solid black 1pt;text-align: center;vertical-align: middle;vertical-align: middle\">**<\/td>\n<td style=\"border-top: solid black 1pt;border-right: solid black 1pt;border-bottom: solid black 1pt;border-left: solid black 1pt;vertical-align: middle\">Diretor,<br \/>Diretor Executivo, Diretor Financeiro Global, dentsu<\/td>\n<td style=\"border-top: solid black 1pt;border-right: solid black 1pt;border-bottom: solid black 1pt;border-left: solid black 1pt;vertical-align: middle\">Shigeki Endo<\/td>\n<td style=\"border-top: solid black 1pt;border-right: solid black 1pt;border-bottom: solid black 1pt;border-left: solid black 1pt;vertical-align: middle\">Diretor Executivo, Diretor Financeiro Global, dentsu<\/td>\n<\/tr>\n<tr>\n<td style=\"border-top: solid black 1pt;border-right: solid black 1pt;border-bottom: solid black 1pt;border-left: solid black 1pt;text-align: center;vertical-align: middle;vertical-align: middle\">*<\/td>\n<td style=\"border-top: solid black 1pt;border-right: solid black 1pt;border-bottom: solid black 1pt;border-left: solid black 1pt;vertical-align: middle\">CEO, dentsu Americas e Diretor Global de Clientes<\/td>\n<td style=\"border-top: solid black 1pt;border-right: solid black 1pt;border-bottom: solid black 1pt;border-left: solid black 1pt;vertical-align: middle\">Beth Ann Kaminkow<\/td>\n<td style=\"border-top: solid black 1pt;border-right: solid black 1pt;border-bottom: solid black 1pt;border-left: solid black 1pt;vertical-align: middle\">CEO, dentsu North America<\/td>\n<\/tr>\n<tr>\n<td style=\"border-top: solid black 1pt;border-right: solid black 1pt;border-bottom: solid black 1pt;border-left: solid black 1pt;text-align: center;vertical-align: middle;vertical-align: middle\"> <\/td>\n<td style=\"border-top: solid black 1pt;border-right: solid black 1pt;border-bottom: solid black 1pt;border-left: solid black 1pt;vertical-align: middle\">CEO, dentsu EMEA<\/td>\n<td style=\"border-top: solid black 1pt;border-right: solid black 1pt;border-bottom: solid black 1pt;border-left: solid black 1pt;vertical-align: middle\">Andre Andrade<\/td>\n<td style=\"border-top: solid black 1pt;border-right: solid black 1pt;border-bottom: solid black 1pt;border-left: solid black 1pt;vertical-align: middle\">CEO, dentsu EMEA<\/td>\n<\/tr>\n<tr>\n<td style=\"border-top: solid black 1pt;border-right: solid black 1pt;border-bottom: solid black 1pt;border-left: solid black 1pt;text-align: center;vertical-align: middle;vertical-align: middle\"> <\/td>\n<td style=\"border-top: solid black 1pt;border-right: solid black 1pt;border-bottom: solid black 1pt;border-left: solid black 1pt;vertical-align: middle\">CEO, dentsu APAC<\/td>\n<td style=\"border-top: solid black 1pt;border-right: solid black 1pt;border-bottom: solid black 1pt;border-left: solid black 1pt;vertical-align: middle\">Yuichi Toyoda<\/td>\n<td style=\"border-top: solid black 1pt;border-right: solid black 1pt;border-bottom: solid black 1pt;border-left: solid black 1pt;vertical-align: middle\">CEO, dentsu APAC<\/td>\n<\/tr>\n<tr>\n<td style=\"border-top: solid black 1pt;border-right: solid black 1pt;border-bottom: solid black 1pt;border-left: solid black 1pt;text-align: center;vertical-align: middle;vertical-align: middle\"> <\/td>\n<td style=\"border-top: solid black 1pt;border-right: solid black 1pt;border-bottom: solid black 1pt;border-left: solid black 1pt;vertical-align: middle\">Presidente de Pr\u00e1tica Global  M\u00eddia e Solu\u00e7\u00e3o Integrada, dentsu<\/td>\n<td style=\"border-top: solid black 1pt;border-right: solid black 1pt;border-bottom: solid black 1pt;border-left: solid black 1pt;vertical-align: middle\">Will Swayne<\/td>\n<td style=\"border-top: solid black 1pt;border-right: solid black 1pt;border-bottom: solid black 1pt;border-left: solid black 1pt;vertical-align: middle\">Presidente de Pr\u00e1tica Global  M\u00eddia e Solu\u00e7\u00e3o Integrada, dentsu<\/td>\n<\/tr>\n<tr>\n<td style=\"border-top: solid black 1pt;border-right: solid black 1pt;border-bottom: solid black 1pt;border-left: solid black 1pt;text-align: center;vertical-align: middle;vertical-align: middle\"> <\/td>\n<td style=\"border-top: solid black 1pt;border-right: solid black 1pt;border-bottom: solid black 1pt;border-left: solid black 1pt;vertical-align: middle\">Diretor Criativo Global, dentsu<\/td>\n<td style=\"border-top: solid black 1pt;border-right: solid black 1pt;border-bottom: solid black 1pt;border-left: solid black 1pt;vertical-align: middle\">Yasuharu Sasaki<\/td>\n<td style=\"border-top: solid black 1pt;border-right: solid black 1pt;border-bottom: solid black 1pt;border-left: solid black 1pt;vertical-align: middle\">Diretor Criativo Global, dentsu<\/td>\n<\/tr>\n<tr>\n<td style=\"border-top: solid black 1pt;border-right: solid black 1pt;border-bottom: solid black 1pt;border-left: solid black 1pt;text-align: center;vertical-align: middle;vertical-align: middle\"> <\/td>\n<td style=\"border-top: solid black 1pt;border-right: solid black 1pt;border-bottom: solid black 1pt;border-left: solid black 1pt;vertical-align: middle\">Presidente de Pr\u00e1tica Global &#8211; CXM, dentsu<\/td>\n<td style=\"border-top: solid black 1pt;border-right: solid black 1pt;border-bottom: solid black 1pt;border-left: solid black 1pt;vertical-align: middle\">Pete Stein<\/td>\n<td style=\"border-top: solid black 1pt;border-right: solid black 1pt;border-bottom: solid black 1pt;border-left: solid black 1pt;vertical-align: middle\">Presidente de Pr\u00e1tica Global &#8211; CXM, dentsu<\/td>\n<\/tr>\n<tr>\n<td style=\"border-top: solid black 1pt;border-right: solid black 1pt;border-bottom: solid black 1pt;border-left: solid black 1pt;text-align: center;vertical-align: middle;vertical-align: middle\"> <\/td>\n<td style=\"border-top: solid black 1pt;border-right: solid black 1pt;border-bottom: solid black 1pt;border-left: solid black 1pt;vertical-align: middle\">Diretora Global de RH, dentsu<\/td>\n<td style=\"border-top: solid black 1pt;border-right: solid black 1pt;border-bottom: solid black 1pt;border-left: solid black 1pt;vertical-align: middle\">Miho Tanimoto<\/td>\n<td style=\"border-top: solid black 1pt;border-right: solid black 1pt;border-bottom: solid black 1pt;border-left: solid black 1pt;vertical-align: middle\">Diretora Global de RH, dentsu<\/td>\n<\/tr>\n<tr>\n<td style=\"border-top: solid black 1pt;border-right: solid black 1pt;border-bottom: solid black 1pt;border-left: solid black 1pt;text-align: center;vertical-align: middle;vertical-align: middle\">*<\/td>\n<td style=\"border-top: solid black 1pt;border-right: solid black 1pt;border-bottom: solid black 1pt;border-left: solid black 1pt;vertical-align: middle\">Diretor Global de Transforma\u00e7\u00e3o, dentsu<\/td>\n<td style=\"border-top: solid black 1pt;border-right: solid black 1pt;border-bottom: solid black 1pt;border-left: solid black 1pt;vertical-align: middle\">Noritaka Omi<\/td>\n<td style=\"border-top: solid black 1pt;border-right: solid black 1pt;border-bottom: solid black 1pt;border-left: solid black 1pt;vertical-align: middle\">Diretor de Opera\u00e7\u00f5es de Neg\u00f3cios Globais, dentsu<\/td>\n<\/tr>\n<tr>\n<td style=\"border-top: solid black 1pt;border-right: solid black 1pt;border-bottom: solid black 1pt;border-left: solid black 1pt;text-align: center;vertical-align: middle;vertical-align: middle\">*<\/td>\n<td style=\"border-top: solid black 1pt;border-right: solid black 1pt;border-bottom: solid black 1pt;border-left: solid black 1pt;vertical-align: middle\">Diretora Global de Marca, dentsu<\/td>\n<td style=\"border-top: solid black 1pt;border-right: solid black 1pt;border-bottom: solid black 1pt;border-left: solid black 1pt;vertical-align: middle\">Jean Lin<\/td>\n<td style=\"border-top: solid black 1pt;border-right: solid black 1pt;border-bottom: solid black 1pt;border-left: solid black 1pt;vertical-align: middle\">Presidente Global &#8211; Pr\u00e1ticas Globais, dentsu<\/td>\n<\/tr>\n<tr>\n<td style=\"border-top: solid black 1pt;border-right: solid black 1pt;border-bottom: solid black 1pt;border-left: solid black 1pt;text-align: center;vertical-align: middle;vertical-align: middle\">*<\/td>\n<td style=\"border-top: solid black 1pt;border-right: solid black 1pt;border-bottom: solid black 1pt;border-left: solid black 1pt;vertical-align: middle\">Diretor de Novos Empreendimentos, dentsu<\/td>\n<td style=\"border-top: solid black 1pt;border-right: solid black 1pt;border-bottom: solid black 1pt;border-left: solid black 1pt;vertical-align: middle\">Yoshiki Ishihara<\/td>\n<td style=\"border-top: solid black 1pt;border-right: solid black 1pt;border-bottom: solid black 1pt;border-left: solid black 1pt;vertical-align: middle\">Diretor de Estrat\u00e9gia Global, dentsu<\/td>\n<\/tr>\n<\/table>\n<p><strong> <\/strong><br \/><strong>Nomea\u00e7\u00f5es para Gerenciamento Global (10 l\u00edderes) <\/strong><br \/>(Em vigor a partir de 27 de mar\u00e7o de 2026)<\/p>\n<table style=\"border-top: solid black 1pt;border-right: solid black 1pt;border-bottom: solid black 1pt;border-left: solid black 1pt;border-collapse: collapse;width:100%;border-collapse:collapse\">\n<tr>\n<td style=\"max-width:10%;width:10%;min-width:10%;border-top: solid black 1pt;border-right: solid black 1pt;border-bottom: solid black 1pt;border-left: solid black 1pt;text-align: center;vertical-align: middle;vertical-align: middle\">*<\/td>\n<td style=\"max-width:35%;width:35%;min-width:35%;border-top: solid black 1pt;border-right: solid black 1pt;border-bottom: solid black 1pt;border-left: solid black 1pt;vertical-align: middle\">Secret\u00e1rio Corporativo e Diretor Jur\u00eddica Adjunto, dentsu<\/td>\n<td style=\"max-width:20%;width:20%;min-width:20%;border-top: solid black 1pt;border-right: solid black 1pt;border-bottom: solid black 1pt;border-left: solid black 1pt;vertical-align: middle\">Tadashi Nagae<\/td>\n<td style=\"max-width:35%;width:35%;min-width:35%;border-top: solid black 1pt;border-right: solid black 1pt;border-bottom: solid black 1pt;border-left: solid black 1pt;vertical-align: middle\">Secret\u00e1rio Corporativo Global e Diretor Jur\u00eddico Global Adjunto, dentsu<\/td>\n<\/tr>\n<tr>\n<td style=\"border-top: solid black 1pt;border-right: solid black 1pt;border-bottom: solid black 1pt;border-left: solid black 1pt;text-align: center;vertical-align: middle;vertical-align: middle\"> <\/td>\n<td style=\"border-top: solid black 1pt;border-right: solid black 1pt;border-bottom: solid black 1pt;border-left: solid black 1pt;vertical-align: middle\">Diretor de Intelig\u00eancia, dentsu<\/td>\n<td style=\"border-top: solid black 1pt;border-right: solid black 1pt;border-bottom: solid black 1pt;border-left: solid black 1pt;vertical-align: middle\">Kimiya Satake<\/td>\n<td style=\"border-top: solid black 1pt;border-right: solid black 1pt;border-bottom: solid black 1pt;border-left: solid black 1pt;vertical-align: middle\">Diretor de Intelig\u00eancia, dentsu<\/td>\n<\/tr>\n<tr>\n<td style=\"border-top: solid black 1pt;border-right: solid black 1pt;border-bottom: solid black 1pt;border-left: solid black 1pt;text-align: center;vertical-align: middle;vertical-align: middle\"> <\/td>\n<td style=\"border-top: solid black 1pt;border-right: solid black 1pt;border-bottom: solid black 1pt;border-left: solid black 1pt;vertical-align: middle\">Dirigente Global de Auditoria Interna, dentsu<\/td>\n<td style=\"border-top: solid black 1pt;border-right: solid black 1pt;border-bottom: solid black 1pt;border-left: solid black 1pt;vertical-align: middle\">Hideo Hatano<\/td>\n<td style=\"border-top: solid black 1pt;border-right: solid black 1pt;border-bottom: solid black 1pt;border-left: solid black 1pt;vertical-align: middle\">Dirigente Global de Auditoria Interna, dentsu<\/td>\n<\/tr>\n<tr>\n<td style=\"border-top: solid black 1pt;border-right: solid black 1pt;border-bottom: solid black 1pt;border-left: solid black 1pt;text-align: center;vertical-align: middle;vertical-align: middle\"> <\/td>\n<td style=\"border-top: solid black 1pt;border-right: solid black 1pt;border-bottom: solid black 1pt;border-left: solid black 1pt;vertical-align: middle\">Diretora Jur\u00eddica Global, dentsu<\/td>\n<td style=\"border-top: solid black 1pt;border-right: solid black 1pt;border-bottom: solid black 1pt;border-left: solid black 1pt;vertical-align: middle\">Alison Zoellner<\/td>\n<td style=\"border-top: solid black 1pt;border-right: solid black 1pt;border-bottom: solid black 1pt;border-left: solid black 1pt;vertical-align: middle\">Diretora Jur\u00eddica Global, dentsu<\/td>\n<\/tr>\n<tr>\n<td style=\"border-top: solid black 1pt;border-right: solid black 1pt;border-bottom: solid black 1pt;border-left: solid black 1pt;text-align: center;vertical-align: middle;vertical-align: middle\"> <\/td>\n<td style=\"border-top: solid black 1pt;border-right: solid black 1pt;border-bottom: solid black 1pt;border-left: solid black 1pt;vertical-align: middle\">Diretora Global de Sustentabilidade, dentsu<\/td>\n<td style=\"border-top: solid black 1pt;border-right: solid black 1pt;border-bottom: solid black 1pt;border-left: solid black 1pt;vertical-align: middle\">Yuko Kitakaze<\/td>\n<td style=\"border-top: solid black 1pt;border-right: solid black 1pt;border-bottom: solid black 1pt;border-left: solid black 1pt;vertical-align: middle\">Diretora Global de Sustentabilidade, dentsu<\/td>\n<\/tr>\n<tr>\n<td style=\"border-top: solid black 1pt;border-right: solid black 1pt;border-bottom: solid black 1pt;border-left: solid black 1pt;text-align: center;vertical-align: middle;vertical-align: middle\"> <\/td>\n<td style=\"border-top: solid black 1pt;border-right: solid black 1pt;border-bottom: solid black 1pt;border-left: solid black 1pt;vertical-align: middle\">Dirigente Global de Controle e Risco Interno, dentsu<\/td>\n<td style=\"border-top: solid black 1pt;border-right: solid black 1pt;border-bottom: solid black 1pt;border-left: solid black 1pt;vertical-align: middle\">So Aoki<\/td>\n<td style=\"border-top: solid black 1pt;border-right: solid black 1pt;border-bottom: solid black 1pt;border-left: solid black 1pt;vertical-align: middle\">Dirigente Global de Controle e Risco Interno, dentsu<\/td>\n<\/tr>\n<tr>\n<td style=\"border-top: solid black 1pt;border-right: solid black 1pt;border-bottom: solid black 1pt;border-left: solid black 1pt;text-align: center;vertical-align: middle;vertical-align: middle\"> <\/td>\n<td style=\"border-top: solid black 1pt;border-right: solid black 1pt;border-bottom: solid black 1pt;border-left: solid black 1pt;vertical-align: middle\">Diretor de Informa\u00e7\u00e3o Global, dentsu<\/td>\n<td style=\"border-top: solid black 1pt;border-right: solid black 1pt;border-bottom: solid black 1pt;border-left: solid black 1pt;vertical-align: middle\">Alex Bedier<\/td>\n<td style=\"border-top: solid black 1pt;border-right: solid black 1pt;border-bottom: solid black 1pt;border-left: solid black 1pt;vertical-align: middle\">Diretor de Informa\u00e7\u00e3o Global, dentsu<\/td>\n<\/tr>\n<tr>\n<td style=\"border-top: solid black 1pt;border-right: solid black 1pt;border-bottom: solid black 1pt;border-left: solid black 1pt;text-align: center;vertical-align: middle;vertical-align: middle\">*<\/td>\n<td style=\"border-top: solid black 1pt;border-right: solid black 1pt;border-bottom: solid black 1pt;border-left: solid black 1pt;vertical-align: middle\">Chefe de Gabinete, dentsu<\/td>\n<td style=\"border-top: solid black 1pt;border-right: solid black 1pt;border-bottom: solid black 1pt;border-left: solid black 1pt;vertical-align: middle\">Manus Wheeler<\/td>\n<td style=\"border-top: solid black 1pt;border-right: solid black 1pt;border-bottom: solid black 1pt;border-left: solid black 1pt;vertical-align: middle\">Diretor de Marca e Cultura, dentsu<\/td>\n<\/tr>\n<tr>\n<td style=\"border-top: solid black 1pt;border-right: solid black 1pt;border-bottom: solid black 1pt;border-left: solid black 1pt;text-align: center;vertical-align: middle;vertical-align: middle\"> <\/td>\n<td style=\"border-top: solid black 1pt;border-right: solid black 1pt;border-bottom: solid black 1pt;border-left: solid black 1pt;vertical-align: middle\">Diretor Global de Comunica\u00e7\u00f5es, dentsu<\/td>\n<td style=\"border-top: solid black 1pt;border-right: solid black 1pt;border-bottom: solid black 1pt;border-left: solid black 1pt;vertical-align: middle\">Jeremy Miller<\/td>\n<td style=\"border-top: solid black 1pt;border-right: solid black 1pt;border-bottom: solid black 1pt;border-left: solid black 1pt;vertical-align: middle\">Diretor Global de Comunica\u00e7\u00f5es, dentsu<\/td>\n<\/tr>\n<tr>\n<td style=\"border-top: solid black 1pt;border-right: solid black 1pt;border-bottom: solid black 1pt;border-left: solid black 1pt;text-align: center;vertical-align: middle;vertical-align: middle\"> <\/td>\n<td style=\"border-top: solid black 1pt;border-right: solid black 1pt;border-bottom: solid black 1pt;border-left: solid black 1pt;vertical-align: middle\">Diretora de Dados e Tecnologia,<br \/>dentsu<\/td>\n<td style=\"border-top: solid black 1pt;border-right: solid black 1pt;border-bottom: solid black 1pt;border-left: solid black 1pt;vertical-align: middle\">Shirli Zelcer<\/td>\n<td style=\"border-top: solid black 1pt;border-right: solid black 1pt;border-bottom: solid black 1pt;border-left: solid black 1pt;vertical-align: middle\">Diretora de Dados e Tecnologia, dentsu<\/td>\n<\/tr>\n<\/table>\n<p align=\"justify\"><strong>Mudan\u00e7as de Diretor Executivo Representativo (a partir de 27 de mar\u00e7o de 2026<\/strong><strong>)<\/strong><\/p>\n<p align=\"justify\">Os seguintes executivos deixar\u00e3o a Equipe de Gerenciamento do Grupo: Hiroshi Igarashi (Diretor, Diretor Executivo Representativo, Presidente e CEO Global, dentsu), Arinobu Soga (Diretor, Diretor Executivo Representativo, Vice-Presidente Executivo, Diretor de Governan\u00e7a Global, dentsu) e Giulio Malegori (Diretor Executivo, Vice-Presidente Executivo, Diretor de Opera\u00e7\u00f5es Globais, dentsu e Presidente, dentsu Americas) que far\u00e3o a transi\u00e7\u00e3o para Conselheiro S\u00eanior Executivo.<\/p>\n<p align=\"justify\"><u>Detalhes de cada nova fun\u00e7\u00e3o: (&#8220;dentsu&#8221; de cada posi\u00e7\u00e3o \u00e9 omitido.)<\/u><\/p>\n<ul type=\"disc\">\n<li style=\"margin-bottom:8pt\">Diretor Global de Assuntos Corporativos<br \/>Supervisiona a governan\u00e7a em todo o grupo, incluindo Jur\u00eddico e Conformidade, Controle Interno e Risco e Sustentabilidade, garantindo uma governan\u00e7a corporativa robusta e responsabilidade em toda a organiza\u00e7\u00e3o global. <\/li>\n<li style=\"margin-bottom:8pt\">Diretor Global de Clientes<br \/>Lidera a estrat\u00e9gia global de gerenciamento de clientes, alinhando regi\u00f5es, categorias e recursos para revelar oportunidades de crescimento e fornecer valor consistente e de longo prazo para clientes em todo o mundo.<\/li>\n<li style=\"margin-bottom:8pt\">Diretor de Transforma\u00e7\u00e3o Global<br \/>Acelera a transforma\u00e7\u00e3o em toda a empresa, liderando iniciativas globais cr\u00edticas e alinhando estrat\u00e9gias, opera\u00e7\u00f5es e tecnologia em toda a organiza\u00e7\u00e3o.<\/li>\n<li style=\"margin-bottom:8pt\">Diretor Global de Marca<br \/>Lidera a vis\u00e3o, o posicionamento e a arquitetura da marca do grupo, fortalecendo uma hist\u00f3ria e uma reputa\u00e7\u00e3o globais consistentes da marca para impulsionar o crescimento estrat\u00e9gico.<\/li>\n<li style=\"margin-bottom:8pt\">Diretor de Novos Empreendimentos Globais<br \/>Impulsiona o crescimento estrat\u00e9gico integrando recursos globais de alto potencial e acelerando novos empreendimentos, desde a explora\u00e7\u00e3o inicial at\u00e9 o crescimento escal\u00e1vel dos neg\u00f3cios. <\/li>\n<li style=\"margin-bottom:8pt\">Chefe de Gabinete<br \/>Apoia o Escrit\u00f3rio do CEO, fortalecendo o alinhamento entre a lideran\u00e7a executiva e os neg\u00f3cios globais, permitindo uma prioriza\u00e7\u00e3o mais clara, uma tomada de decis\u00e3o mais r\u00e1pida e uma execu\u00e7\u00e3o coordenada. <\/li>\n<\/ul>\n<p align=\"justify\">Para mais informa\u00e7\u00f5es, consulte os seguintes comunicados de imprensa no nosso site.<br \/><a href=\"https:\/\/www.globenewswire.com\/Tracker?data=25XSEwedy900Tj-D8riItEqkJsv2kdvU4IsF_FgHxqE8MVXcz_gNd135Yh2FkDnHoFzJ66Cl-GCb5gUOS9lzBMY1KsPUOaIcoxwGFA6VK9wzt2Qh7mtpDpIIzLACMrCNGhbmfzfk_MEM5fQMP0OdK41UAqDeQxkzF8ULBcnlR70=\" rel=\"nofollow\" target=\"_blank\">https:\/\/www.group.dentsu.com\/en\/news\/release\/<\/a><\/p>\n<ul type=\"disc\">\n<li style=\"margin-bottom:8pt\">Aviso sobre Candidatos a Conselheiros e Diretores Executivos do Dentsu Group Inc.<\/li>\n<li style=\"margin-bottom:8pt\">Aviso Sobre Mudan\u00e7a de Diretor Executivo Representativo do Dentsu Group Inc.<\/li>\n<li style=\"margin-bottom:8pt\">Aviso Sobre Mudan\u00e7as de Diretor Representante e Presidente e CEO da Dentsu Inc.<\/li>\n<\/ul>\n<p align=\"justify\"><strong>Contato:<\/strong><br \/>Escrit\u00f3rio de Comunica\u00e7\u00f5es Corporativas do Grupo<br \/>Dentsu Group Inc. E-mail: <a href=\"https:\/\/www.globenewswire.com\/Tracker?data=mrkqlNFvonw_silm64-PU-LO1u6k5z-HslhwlR9qQww2mHzjhLXkqzDGpxX8ueLTAWxLcN08mqYI9gsYnEAVWoujO7isebvEe-G-F05NRFXNVLk8vEGFXeNw0M0x8Gxc\" rel=\"nofollow\" target=\"_blank\">group-cc@dentsu.com<\/a><\/p>\n<p>Foto deste comunicado dispon\u00edvel em <a href=\"https:\/\/www.globenewswire.com\/Tracker?data=25XSEwedy900Tj-D8riItPFhcz461q06UYSauBtl8TVZAceZdas-VnFtvOOgoCOdNOpiiAbtoK_aFIc_7WDXPQZDy_TVtG-jMAuJTGVSlZ7eIXcVbR1M8wo52hW2ETuP4K4ACcu91U-htluq5oyTm_qoJcZ-eY0gkWBmyZg4EdnSaf8CEkoh6dzNNtHsM7B4Ei5etyA4_SvVLi0-l-pGKbm0_WEofglOCf5QppccjSaV7IRfEpHK02WcvjKpxdjwzr0FqbiQdWyajOmrfU7v-Q==\" rel=\"nofollow\" target=\"_blank\">http:\/\/www.globenewswire.com\/NewsRoom\/AttachmentNg\/23fb3144-0535-48ed-a9cf-75eedd1f72ab<\/a><\/p>\n<p> <img decoding=\"async\" alt=\"\" class=\"__GNW8366DE3E__IMG\" src=\"https:\/\/www.globenewswire.com\/newsroom\/ti?nf=MTAwMTE2NDgzMyM0MDIzMzIzMzgjMjI2MDM2MQ==\" \/> <br \/><img decoding=\"async\" alt=\"\" src=\"https:\/\/ml-eu.globenewswire.com\/media\/OGVkMWNiMjktODdmNi00NWQyLWI5ZmUtMjhiOTRmYmM0ZGEyLTEyNzE5MTEtMjAyNi0wMi0xNS1wdA==\/tiny\/dentsu.png\" \/><br \/>\n<a href=\"https:\/\/www.globenewswire.com\/NewsRoom\/AttachmentNg\/7ad0d242-45c9-404c-a58c-59316317f9cb\"><img loading=\"lazy\" decoding=\"async\" src=\"https:\/\/ml-eu.globenewswire.com\/media\/7ad0d242-45c9-404c-a58c-59316317f9cb\/small\/dentsu-logo-black-1-png.png\" border=\"0\" width=\"150\" height=\"32\" alt=\"Primary Logo\" \/><\/a><\/p>\n<p>A <b>OESP<\/b> nao e(sao) responsavel(is) por erros, incorrecoes, atrasos ou quaisquer decisoes tomadas por seus clientes com base nos Conteudos ora disponibilizados, bem como tais Conteudos nao representam a opiniao da <b>OESP<\/b> e sao de inteira responsabilidade da <b>GlobeNewswire<\/b><\/p>\n","protected":false},"excerpt":{"rendered":"Maior Contribui\u00e7\u00e3o para o Crescimento do Cliente com Fortalecimento da Capacidade de Execu\u00e7\u00e3o \nT\u00d3QUIO, Feb.  15, 2026  (GLOBE NEWS","protected":false},"author":1,"featured_media":0,"comment_status":"open","ping_status":"closed","sticky":false,"template":"","format":"standard","meta":{"_acf_changed":false,"inline_featured_image":false,"_monsterinsights_skip_tracking":false,"_monsterinsights_sitenote_active":false,"_monsterinsights_sitenote_note":"","_monsterinsights_sitenote_category":0,"footnotes":""},"categories":[34],"tags":[],"class_list":["post-124219","post","type-post","status-publish","format-standard","hentry","category-releases-geral"],"acf":[],"_links":{"self":[{"href":"https:\/\/bluestudio.estadao.com.br\/agencia-de-comunicacao\/wp-json\/wp\/v2\/posts\/124219","targetHints":{"allow":["GET"]}}],"collection":[{"href":"https:\/\/bluestudio.estadao.com.br\/agencia-de-comunicacao\/wp-json\/wp\/v2\/posts"}],"about":[{"href":"https:\/\/bluestudio.estadao.com.br\/agencia-de-comunicacao\/wp-json\/wp\/v2\/types\/post"}],"author":[{"embeddable":true,"href":"https:\/\/bluestudio.estadao.com.br\/agencia-de-comunicacao\/wp-json\/wp\/v2\/users\/1"}],"replies":[{"embeddable":true,"href":"https:\/\/bluestudio.estadao.com.br\/agencia-de-comunicacao\/wp-json\/wp\/v2\/comments?post=124219"}],"version-history":[{"count":0,"href":"https:\/\/bluestudio.estadao.com.br\/agencia-de-comunicacao\/wp-json\/wp\/v2\/posts\/124219\/revisions"}],"wp:attachment":[{"href":"https:\/\/bluestudio.estadao.com.br\/agencia-de-comunicacao\/wp-json\/wp\/v2\/media?parent=124219"}],"wp:term":[{"taxonomy":"category","embeddable":true,"href":"https:\/\/bluestudio.estadao.com.br\/agencia-de-comunicacao\/wp-json\/wp\/v2\/categories?post=124219"},{"taxonomy":"post_tag","embeddable":true,"href":"https:\/\/bluestudio.estadao.com.br\/agencia-de-comunicacao\/wp-json\/wp\/v2\/tags?post=124219"}],"curies":[{"name":"wp","href":"https:\/\/api.w.org\/{rel}","templated":true}]}}