{"id":123915,"date":"2026-02-10T06:27:00","date_gmt":"2026-02-10T09:27:00","guid":{"rendered":"https:\/\/bluestudio.estadao.com.br\/agencia-de-comunicacao\/prnewswire\/o-gac-mpv-serve-como-frota-oficial-de-recepcao-para-a-apec-china-2026-demonstrando-a-forca-da-fabricacao-chinesa\/"},"modified":"2026-02-10T06:27:00","modified_gmt":"2026-02-10T09:27:00","slug":"o-gac-mpv-serve-como-frota-oficial-de-recepcao-para-a-apec-china-2026-demonstrando-a-forca-da-fabricacao-chinesa","status":"publish","type":"post","link":"https:\/\/bluestudio.estadao.com.br\/agencia-de-comunicacao\/prnewswire\/o-gac-mpv-serve-como-frota-oficial-de-recepcao-para-a-apec-china-2026-demonstrando-a-forca-da-fabricacao-chinesa\/","title":{"rendered":"O GAC MPV serve como frota oficial de recep\u00e7\u00e3o para a APEC China 2026, demonstrando a for\u00e7a da fabrica\u00e7\u00e3o chinesa"},"content":{"rendered":"\n<div class=\"xn-content\">\n<span class=\"legendSpanClass\">GUANGZHOU, China<\/span>, <span class=\"legendSpanClass\">10 de fevereiro de 2026<\/span> \/PRNewswire\/ &#8212; De 1 a 10 de fevereiro de 2026, o primeiro evento oficial do Ano da APEC na China ocorreu em Guangzhou, marcando um momento importante para a coopera\u00e7\u00e3o econ\u00f4mica na \u00c1sia-Pac\u00edfico. Como frota de recep\u00e7\u00e3o oficial designada, o MPV do GAC forneceu servi\u00e7os de mobilidade de alto padr\u00e3o para as delega\u00e7\u00f5es participantes, destacando as capacidades avan\u00e7adas da fabrica\u00e7\u00e3o automotiva chinesa no cen\u00e1rio internacional.<\/p>\n<div id=\"prni_dvprnevid7c8eleft\" dir=\"ltr\" style=\"width: 100%;text-align: left\" title=\" \"><\/div>\n<p>Como o mecanismo econ\u00f4mico mais influente da \u00c1sia-Pac\u00edfico, a sele\u00e7\u00e3o do GAC pela APEC ressalta a crescente confian\u00e7a nas marcas automotivas premium da China. Essa honra reflete o hist\u00f3rico consistente de desempenho e confiabilidade da GAC MPV em grandes eventos nacionais e internacionais. Ao longo dos anos, o GAC MPV foi apresentado nos XV Jogos Nacionais, na Confer\u00eancia Understanding China, nas Duas Sess\u00f5es Nacionais, no Fortune Global Forum e no Xuanyuan Automotive Blue Book Forum. Sua apari\u00e7\u00e3o repetida nessas ocasi\u00f5es de alto n\u00edvel demonstra amplo reconhecimento dos organizadores do evento e consolida ainda mais sua posi\u00e7\u00e3o no segmento de MPV premium.<\/p>\n<p>O GAC continua a fazer progressos constantes na reputa\u00e7\u00e3o da marca e no desempenho do mercado. A fam\u00edlia GAC MPV alcan\u00e7ou vendas acumuladas superiores a 850.000 unidades, com mais de 480.000 de sua s\u00e9rie l\u00edder. Essas conquistas posicionam a GAC entre as principais marcas no segmento premium de MPV da China, mantendo a lideran\u00e7a em volume de vendas e valor residual. Sua combina\u00e7\u00e3o de funcionalidade, refinamento e durabilidade conquistou forte confian\u00e7a dos usu\u00e1rios em diversos cen\u00e1rios de mobilidade.<\/p>\n<p>Por meio de inova\u00e7\u00e3o cont\u00ednua, fabrica\u00e7\u00e3o avan\u00e7ada e desenvolvimento focado no cliente, a GAC continua comprometida em promover solu\u00e7\u00f5es de mobilidade de alta qualidade que atendam \u00e0s necessidades em evolu\u00e7\u00e3o dos mercados dom\u00e9stico e global. De servir confer\u00eancias internacionais a melhorar as viagens di\u00e1rias, o MPV da GAC reflete o progresso da excel\u00eancia automotiva chinesa e a confian\u00e7a de uma ind\u00fastria que entra em uma nova era de mobilidade inteligente e sustent\u00e1vel.<\/p>\n<p>Para mais informa\u00e7\u00f5es sobre o GAC, visite: <a href=\"https:\/\/www.gacgroup.com\/en\" target=\"_blank\" rel=\"nofollow\">https:\/\/www.gacgroup.com\/en<\/a> ou siga-nos nas redes sociais.<\/p>\n<p>V\u00eddeo &#8211; <a href=\"https:\/\/mma.prnewswire.com\/media\/2890662\/video.mp4\" target=\"_blank\" rel=\"nofollow\">https:\/\/mma.prnewswire.com\/media\/2890662\/video.mp4<\/a><\/p>\n<p id=\"PURL\"><img loading=\"lazy\" decoding=\"async\" title=\"Cision\" width=\"12\" height=\"12\" alt=\"Cision\" src=\"https:\/\/edge.prnewswire.com\/c\/img\/favicon.png?sn=PT84388&amp;sd=2026-02-10\" \/> View original content:<a id=\"PRNURL\" rel=\"nofollow\" href=\"https:\/\/www.prnewswire.com\/br\/comunicados-para-a-imprensa\/o-gac-mpv-serve-como-frota-oficial-de-recepcao-para-a-apec-china-2026-demonstrando-a-forca-da-fabricacao-chinesa-302683535.html\" target=\"_blank\">https:\/\/www.prnewswire.com\/br\/comunicados-para-a-imprensa\/o-gac-mpv-serve-como-frota-oficial-de-recepcao-para-a-apec-china-2026-demonstrando-a-forca-da-fabricacao-chinesa-302683535.html<\/a><\/p>\n<p>FONTE GAC<\/p>\n<\/div>\n<p>  <img decoding=\"async\" alt=\"\" src=\"https:\/\/rt.prnewswire.com\/rt.gif?NewsItemId=PT84388&amp;Transmission_Id=202602100417PR_NEWS_LATAM____PT84388&amp;DateId=20260210\" style=\"border:0px;width:1px;height:1px\" \/><\/p>\n<p><strong>T\u00f3picos Relacionados:<\/strong> Not\u00edcias de Feiras Comerciais, Transporte \/ Caminh\u00f5es \/ Ferrovias, Automotivo<\/p>\n<p>A <b>OESP<\/b> n\u00e3o \u00e9(s\u00e3o) respons\u00e1vel(is) por erros, incorre\u00e7\u00f5es, atrasos ou quaisquer decis\u00f5es tomadas por seus clientes com base nos Conte\u00fados ora disponibilizados, bem como tais Conte\u00fados n\u00e3o representam a opini\u00e3o da <b>OESP<\/b> e s\u00e3o de inteira responsabilidade da <b>PR Newswire Ltda<\/b><\/p>\n","protected":false},"excerpt":{"rendered":"GUANGZHOU, China, 10 de fevereiro de 2026 \/PRNewswire\/ &#8212; De 1 a 10 de fevereiro de 2026, o primeiro evento oficial do Ano da APEC na China ocorreu em Guangzhou, marcando um momento importante","protected":false},"author":1,"featured_media":123916,"comment_status":"open","ping_status":"closed","sticky":false,"template":"","format":"standard","meta":{"_acf_changed":false,"inline_featured_image":false,"_monsterinsights_skip_tracking":false,"_monsterinsights_sitenote_active":false,"_monsterinsights_sitenote_note":"","_monsterinsights_sitenote_category":0,"footnotes":""},"categories":[27],"tags":[6917,6919,6918],"class_list":["post-123915","post","type-post","status-publish","format-standard","has-post-thumbnail","hentry","category-prnewswire","tag-de-1-a-10-de-fevereiro-de-2026","tag-marcando-um-momento-importante-para-a-cooperacao-economica-na-asia-pacifico","tag-o-primeiro-evento-oficial-do-ano-da-apec-na-china-ocorreu-em-guangzhou"],"acf":[],"_links":{"self":[{"href":"https:\/\/bluestudio.estadao.com.br\/agencia-de-comunicacao\/wp-json\/wp\/v2\/posts\/123915","targetHints":{"allow":["GET"]}}],"collection":[{"href":"https:\/\/bluestudio.estadao.com.br\/agencia-de-comunicacao\/wp-json\/wp\/v2\/posts"}],"about":[{"href":"https:\/\/bluestudio.estadao.com.br\/agencia-de-comunicacao\/wp-json\/wp\/v2\/types\/post"}],"author":[{"embeddable":true,"href":"https:\/\/bluestudio.estadao.com.br\/agencia-de-comunicacao\/wp-json\/wp\/v2\/users\/1"}],"replies":[{"embeddable":true,"href":"https:\/\/bluestudio.estadao.com.br\/agencia-de-comunicacao\/wp-json\/wp\/v2\/comments?post=123915"}],"version-history":[{"count":0,"href":"https:\/\/bluestudio.estadao.com.br\/agencia-de-comunicacao\/wp-json\/wp\/v2\/posts\/123915\/revisions"}],"wp:featuredmedia":[{"embeddable":true,"href":"https:\/\/bluestudio.estadao.com.br\/agencia-de-comunicacao\/wp-json\/wp\/v2\/media\/123916"}],"wp:attachment":[{"href":"https:\/\/bluestudio.estadao.com.br\/agencia-de-comunicacao\/wp-json\/wp\/v2\/media?parent=123915"}],"wp:term":[{"taxonomy":"category","embeddable":true,"href":"https:\/\/bluestudio.estadao.com.br\/agencia-de-comunicacao\/wp-json\/wp\/v2\/categories?post=123915"},{"taxonomy":"post_tag","embeddable":true,"href":"https:\/\/bluestudio.estadao.com.br\/agencia-de-comunicacao\/wp-json\/wp\/v2\/tags?post=123915"}],"curies":[{"name":"wp","href":"https:\/\/api.w.org\/{rel}","templated":true}]}}