{"id":123688,"date":"2026-02-04T06:42:00","date_gmt":"2026-02-04T09:42:00","guid":{"rendered":"https:\/\/bluestudio.estadao.com.br\/agencia-de-comunicacao\/releases\/releases-geral\/qna-marcom-and-events-aprofunda-presenca-na-apac-com-inauguracao-de-escritorio-em-mumbai\/"},"modified":"2026-02-04T06:42:00","modified_gmt":"2026-02-04T09:42:00","slug":"qna-marcom-and-events-aprofunda-presenca-na-apac-com-inauguracao-de-escritorio-em-mumbai","status":"publish","type":"post","link":"https:\/\/bluestudio.estadao.com.br\/agencia-de-comunicacao\/releases\/releases-geral\/qna-marcom-and-events-aprofunda-presenca-na-apac-com-inauguracao-de-escritorio-em-mumbai\/","title":{"rendered":"QNA Marcom and Events Aprofunda Presen\u00e7a na APAC com Inaugura\u00e7\u00e3o de Escrit\u00f3rio em Mumbai"},"content":{"rendered":"<p align=\"center\"><a href=\"https:\/\/www.globenewswire.com\/Tracker?data=XFi6k37J0cSGRC2HgfLZy8ays_0k8XfwkSKRxqfOnupDgGTg7CQeOc2l_8gCumCWYmjagzIWuol7mSWQDx9hk3v3fopqllqXrsE6Hm-QsyNH_0E_58CphLnOdmoyna0x3YngQ-SkIvuWfVDPCVKzP96kXOuaPBZbhPsDZwsTdc1nKRKudiAHeT7oIXPQmCgX\" rel=\"nofollow\" target=\"_blank\">Para um Snippet de M\u00eddia deste comunicado, clique no link<\/a>.<\/p>\n<p>MUMBAI, India, Feb.  04, 2026  (GLOBE NEWSWIRE) &#8212; A QNA Marcom &amp; Events, l\u00edder global em marketing estrat\u00e9gico, confer\u00eancias B2B e plataformas de cria\u00e7\u00e3o de marca, anunciou a abertura da sua sede na \u00c1sia-Pac\u00edfico (APAC) em Mumbai, um marco significativo para a expans\u00e3o da empresa em toda a regi\u00e3o. A abertura coincide com a QNA completando uma d\u00e9cada de opera\u00e7\u00f5es, comemorando dez anos de cria\u00e7\u00e3o de plataformas confi\u00e1veis, direcionamento das conversas do setor e envolvimento significativo nos mercados globais.<\/p>\n<p>O escrit\u00f3rio foi inaugurado pelo <strong>Sr. Bharat Mehra<\/strong>, um renomado empres\u00e1rio, filantropo e consultor estrat\u00e9gico. Ele \u00e9 Presidente do Radha Meera Trust, Fundador da Bharat Mehra Strategies e consultor de confian\u00e7a para empresas l\u00edderes em toda a \u00cdndia e o Oriente M\u00e9dio. O Sr. Mehra tamb\u00e9m atua como Conselheiro Chefe da Anant Ambani e Consultor do Sr. Ajay Piramal<strong>.<\/strong> Amplamente conhecido por suas contribui\u00e7\u00f5es humanit\u00e1rias e lideran\u00e7a de pensamento, sua presen\u00e7a como convidado principal na inaugura\u00e7\u00e3o ressalta a import\u00e2ncia estrat\u00e9gica da expans\u00e3o indiana da QNA e reflete um compromisso compartilhado com a inova\u00e7\u00e3o, a lideran\u00e7a orientada por prop\u00f3sitos e o impacto na comunidade.<\/p>\n<p>Com a inaugura\u00e7\u00e3o da sua sede na APAC, a QNA visa dimensionar a sua presen\u00e7a na \u00cdndia e na \u00c1sia-Pac\u00edfico, com a organiza\u00e7\u00e3o de plataformas de alto impacto alinhadas com a evolu\u00e7\u00e3o das necessidades do mercado em v\u00e1rios setores verticais da ind\u00fastria. O escrit\u00f3rio de Mumbai servir\u00e1 como um centro de inova\u00e7\u00e3o regional, permitindo que a QNA explore novas geografias, adote tecnologias emergentes e ofere\u00e7a eventos imersivos e orientados por resultados para governos, empresas e ecossistemas da ind\u00fastria.<\/p>\n<p>Nos \u00faltimos dez anos, a QNA realizou com sucesso mais de <strong>150 confer\u00eancias e c\u00fapulas B2B<\/strong>, al\u00e9m de milhares de roadshows selecionados em mais de <strong>20 pa\u00edses<\/strong>, na \u00cdndia, APAC, Oriente M\u00e9dio, \u00c1frica e Europa. A empresa tem feito parcerias estreitas com governos, reguladores, empresas globais e associa\u00e7\u00f5es do setor, estabelecendo-se como criadora confi\u00e1vel de plataformas para iniciativas nacionais e regionais.<\/p>\n<p><strong>Ankit Shukla, Diretor Administrativo da QNA, disse:<\/strong><br \/><strong>Mumbai sempre foi meu lar, e a abertura da sede da APAC da QNA aqui \u00e9 realmente um sonho tornado realidade. Juntamente com a comemora\u00e7\u00e3o de dez anos de cria\u00e7\u00e3o da QNA em uma plataforma global, esta inaugura\u00e7\u00e3o representa um marco profissional e pessoal. Na \u00faltima d\u00e9cada, expandimos em mais de 20 pa\u00edses por meio de fortes parcerias e iniciativas orientadas por objetivos. Al\u00e9m de uma expans\u00e3o geogr\u00e1fica, o escrit\u00f3rio de Mumbai confirma o nosso compromisso de longo prazo com a \u00cdndia como um mercado central de crescimento e centro de inova\u00e7\u00e3o. <\/strong><\/p>\n<p>Conhecida por seus eventos ricos em conte\u00fado e orientados por insights<strong>,<\/strong> a QNA re\u00fane l\u00edderes empresariais, formuladores de pol\u00edticas, empreendedores e experts em tecnologia para promover a colabora\u00e7\u00e3o, estimular o di\u00e1logo e impulsionar mudan\u00e7as significativas. A empresa tem uma miss\u00e3o clara: fazer as perguntas certas, desafiar o status quo e compartilhar insights acion\u00e1veis que capacitem os l\u00edderes a navegar e moldar um cen\u00e1rio global em constante evolu\u00e7\u00e3o<strong>.<\/strong><\/p>\n<p>O escrit\u00f3rio de Mumbai marca um novo cap\u00edtulo na jornada da QNA &#8211; com<strong> base em uma d\u00e9cada de impacto<\/strong> &#8211; e fortalece seu papel de parceiro global de conhecimento, facilitador de mercado e catalisador confi\u00e1vel para o crescimento em toda a APAC e al\u00e9m.<\/p>\n<p>Contato:<\/p>\n<p>Ankit Shukla, MD, QNA, info@qna-events.com, +971 552572807<\/p>\n<p> <img decoding=\"async\" alt=\"\" class=\"__GNW8366DE3E__IMG\" src=\"https:\/\/www.globenewswire.com\/newsroom\/ti?nf=MTAwMTE2MjkzOSM0MDIzMjMxMDkjMjMwNTU5MA==\" \/> <br \/><img decoding=\"async\" alt=\"\" src=\"https:\/\/ml-eu.globenewswire.com\/media\/ZGQ5ZjAxOGQtZmVjMy00NzUzLTgyMzktYTBhYTc2NDMzZGVkLTEzMTcxNDAtMjAyNi0wMi0wNC1wdA==\/tiny\/QNA-Group.png\" \/><br \/>\n<a href=\"https:\/\/www.globenewswire.com\/NewsRoom\/AttachmentNg\/3155d9fd-4444-473a-a936-02139871afe6\"><img loading=\"lazy\" decoding=\"async\" src=\"https:\/\/ml-eu.globenewswire.com\/media\/3155d9fd-4444-473a-a936-02139871afe6\/small\/logo-01-png.png\" border=\"0\" width=\"150\" height=\"79\" alt=\"Primary Logo\" \/><\/a><\/p>\n<p>A <b>OESP<\/b> nao e(sao) responsavel(is) por erros, incorrecoes, atrasos ou quaisquer decisoes tomadas por seus clientes com base nos Conteudos ora disponibilizados, bem como tais Conteudos nao representam a opiniao da <b>OESP<\/b> e sao de inteira responsabilidade da <b>GlobeNewswire<\/b><\/p>\n","protected":false},"excerpt":{"rendered":"Para um Snippet de M\u00eddia deste comunicado, clique no link.\nMUMBAI, India, Feb.  04, 2026  (GLOBE NEWSWIRE) &#8212; A QNA Marcom &amp; Events, l\u00edder global em","protected":false},"author":1,"featured_media":0,"comment_status":"open","ping_status":"closed","sticky":false,"template":"","format":"standard","meta":{"_acf_changed":false,"inline_featured_image":false,"_monsterinsights_skip_tracking":false,"_monsterinsights_sitenote_active":false,"_monsterinsights_sitenote_note":"","_monsterinsights_sitenote_category":0,"footnotes":""},"categories":[34],"tags":[],"class_list":["post-123688","post","type-post","status-publish","format-standard","hentry","category-releases-geral"],"acf":[],"_links":{"self":[{"href":"https:\/\/bluestudio.estadao.com.br\/agencia-de-comunicacao\/wp-json\/wp\/v2\/posts\/123688","targetHints":{"allow":["GET"]}}],"collection":[{"href":"https:\/\/bluestudio.estadao.com.br\/agencia-de-comunicacao\/wp-json\/wp\/v2\/posts"}],"about":[{"href":"https:\/\/bluestudio.estadao.com.br\/agencia-de-comunicacao\/wp-json\/wp\/v2\/types\/post"}],"author":[{"embeddable":true,"href":"https:\/\/bluestudio.estadao.com.br\/agencia-de-comunicacao\/wp-json\/wp\/v2\/users\/1"}],"replies":[{"embeddable":true,"href":"https:\/\/bluestudio.estadao.com.br\/agencia-de-comunicacao\/wp-json\/wp\/v2\/comments?post=123688"}],"version-history":[{"count":0,"href":"https:\/\/bluestudio.estadao.com.br\/agencia-de-comunicacao\/wp-json\/wp\/v2\/posts\/123688\/revisions"}],"wp:attachment":[{"href":"https:\/\/bluestudio.estadao.com.br\/agencia-de-comunicacao\/wp-json\/wp\/v2\/media?parent=123688"}],"wp:term":[{"taxonomy":"category","embeddable":true,"href":"https:\/\/bluestudio.estadao.com.br\/agencia-de-comunicacao\/wp-json\/wp\/v2\/categories?post=123688"},{"taxonomy":"post_tag","embeddable":true,"href":"https:\/\/bluestudio.estadao.com.br\/agencia-de-comunicacao\/wp-json\/wp\/v2\/tags?post=123688"}],"curies":[{"name":"wp","href":"https:\/\/api.w.org\/{rel}","templated":true}]}}