{"id":123584,"date":"2026-02-02T13:20:00","date_gmt":"2026-02-02T16:20:00","guid":{"rendered":"https:\/\/bluestudio.estadao.com.br\/agencia-de-comunicacao\/markable-comunicacao\/com-mercado-de-beleza-e-bem-estar-em-alta-lypedepyl-faturou-r-25-milhoes-e-planeja-chegar-a-50-unidades-ate-2026\/"},"modified":"2026-02-03T10:01:20","modified_gmt":"2026-02-03T13:01:20","slug":"com-mercado-de-beleza-e-bem-estar-em-alta-lypedepyl-faturou-r-25-milhoes-e-planeja-chegar-a-50-unidades-ate-2026","status":"publish","type":"post","link":"https:\/\/bluestudio.estadao.com.br\/agencia-de-comunicacao\/markable-comunicacao-homework\/com-mercado-de-beleza-e-bem-estar-em-alta-lypedepyl-faturou-r-25-milhoes-e-planeja-chegar-a-50-unidades-ate-2026\/","title":{"rendered":"Com mercado de beleza e bem-estar em alta, LypeDepyl faturou R$ 25 milh\u00f5es e planeja chegar a 50 unidades at\u00e9 2026"},"content":{"rendered":"<p><i>Expans\u00e3o estruturada, foco em cidades de m\u00e9dio porte e diversifica\u00e7\u00e3o do portf\u00f3lio sustentam a estrat\u00e9gia da rede<\/i><\/p>\n<p>O segmento de beleza e cuidados pessoais segue em trajet\u00f3ria de expans\u00e3o no Brasil, consolidando-se como um dos vetores mais din\u00e2micos do consumo. De acordo com estudo da Redirection International, divulgado em 2025, o mercado brasileiro deve manter crescimento m\u00e9dio anual de 7,2% e ultrapassar US$ 40 bilh\u00f5es at\u00e9 2027, impulsionado pela demanda por servi\u00e7os est\u00e9ticos, autocuidado e maior profissionaliza\u00e7\u00e3o do setor. O cen\u00e1rio confirma que a est\u00e9tica deixou de ser associada apenas ao consumo pontual para ocupar papel recorrente na rotina dos brasileiros.<\/p>\n<p>Nesse cen\u00e1rio de expans\u00e3o do setor, a <a href=\"https:\/\/lypedepyl.com.br\/\" target=\"_blank\"><u>LypeDepyl<\/u><\/a> encerrou 2025 com faturamento aproximado de R$ 25 milh\u00f5es, consolidando a consist\u00eancia do seu modelo operacional. O resultado representa um avan\u00e7o relevante em rela\u00e7\u00e3o a 2024 e reflete a matura\u00e7\u00e3o do mercado de est\u00e9tica e bem-estar no pa\u00eds, marcado pela busca crescente por servi\u00e7os recorrentes, padronizados e com maior percep\u00e7\u00e3o de valor. A empresa prev\u00ea a venda de cerca de 60 novas unidades, com expectativa de que aproximadamente 50 estejam em opera\u00e7\u00e3o at\u00e9 o fim do ano.<\/p>\n<p><b>Foco em cidades de m\u00e9dio e pequeno porte<\/b><\/p>\n<p>O plano de crescimento contempla diferentes regi\u00f5es do pa\u00eds, com foco no Sul, Sudeste, Centro-Oeste e Nordeste. Est\u00e3o no radar estados como Santa Catarina e Rio Grande do Sul, al\u00e9m de cidades como Belo Horizonte, Mafra e regi\u00f5es da Bahia. Apesar da presen\u00e7a nacional, a companhia mant\u00e9m como prioridade a expans\u00e3o em <a href=\"https:\/\/bluestudio.estadao.com.br\/agencia-de-comunicacao\/markable-comunicacao\/interior-que-dita-tendencias-o-avanco-das-redes-que-entendem-o-consumidor-local\/\" target=\"_blank\"><u>cidades de m\u00e9dio e pequeno porte<\/u><\/a>, estrat\u00e9gia que busca equil\u00edbrio operacional e maior ader\u00eancia ao posicionamento da marca.<\/p>\n<p>Segundo Leyde Ludwig, cofundadora e CEO da LypeDepyl, essa diretriz \u00e9 central para a sustentabilidade do neg\u00f3cio. \u201cCidades de m\u00e9dio e pequeno porte favorecem uma rela\u00e7\u00e3o mais pr\u00f3xima com o consumidor e uma valoriza\u00e7\u00e3o maior da qualidade e do atendimento. Esse ambiente est\u00e1 alinhado ao nosso posicionamento e \u00e0 forma como acreditamos que o cuidado deve ser entregue\u201d, afirma.<\/p>\n<p><b>Dermocosm\u00e9ticos ampliam a diversifica\u00e7\u00e3o da receita<\/b><\/p>\n<p>Al\u00e9m da expans\u00e3o da opera\u00e7\u00e3o f\u00edsica, a LypeDepyl prepara novidades para 2026 com o fortalecimento de sua linha pr\u00f3pria de dermocosm\u00e9ticos, que ganha relev\u00e2ncia crescente dentro do portf\u00f3lio da marca. Em 2025, essa frente representou cerca de 3% do faturamento total, enquanto a principal fonte de receita seguiu concentrada nos servi\u00e7os de depila\u00e7\u00e3o a laser, tratamentos de despigmenta\u00e7\u00e3o e Peeling de Hollywood.<\/p>\n<p>A atua\u00e7\u00e3o nesse segmento est\u00e1 organizada em duas frentes. A Linha Home Care \u00e9 direcionada ao cuidado di\u00e1rio da pele e foi desenvolvida para prolongar os efeitos da depila\u00e7\u00e3o a laser, contribuindo para hidrata\u00e7\u00e3o, regenera\u00e7\u00e3o cut\u00e2nea e maior conforto no per\u00edodo p\u00f3s-procedimento. J\u00e1 a Linha Profissional \u00e9 aplicada durante as sess\u00f5es em cl\u00ednica e re\u00fane formula\u00e7\u00f5es pensadas para oferecer prote\u00e7\u00e3o, efic\u00e1cia e suporte \u00e0 pele ao longo do tratamento.<\/p>\n<p>Para Jhosy Ludwig, cofundadora e diretora de opera\u00e7\u00f5es da companhia, essa frente refor\u00e7a a conex\u00e3o com o consumidor para al\u00e9m da experi\u00eancia presencial. \u201cOs dermocosm\u00e9ticos funcionam como uma continuidade do cuidado oferecido nas cl\u00ednicas. Eles permitem que o cliente leve para casa protocolos alinhados ao tratamento, fortalecendo a recorr\u00eancia e a confian\u00e7a na marca\u201d, conclui.<\/p>\n<p>A <b>OESP<\/b> n\u00e3o \u00e9(s\u00e3o) respons\u00e1vel(is) por erros, incorre\u00e7\u00f5es, atrasos ou quaisquer decis\u00f5es tomadas por seus clientes com base nos Conte\u00fados ora disponibilizados, bem como tais Conte\u00fados n\u00e3o representam a opini\u00e3o da <b>OESP<\/b> e s\u00e3o de inteira responsabilidade da <b>Markable Comunica\u00e7\u00e3o<\/b><\/p>\n","protected":false},"excerpt":{"rendered":"Expans\u00e3o estruturada, foco em cidades de m\u00e9dio porte e diversifica\u00e7\u00e3o do portf\u00f3lio sustentam a estrat\u00e9gia da rede O segmento de beleza e cuidados pessoais segue em trajet\u00f3ria de expans\u00e3o no","protected":false},"author":1,"featured_media":123585,"comment_status":"open","ping_status":"closed","sticky":false,"template":"","format":"standard","meta":{"_acf_changed":false,"inline_featured_image":false,"_monsterinsights_skip_tracking":false,"_monsterinsights_sitenote_active":false,"_monsterinsights_sitenote_note":"","_monsterinsights_sitenote_category":0,"footnotes":""},"categories":[552],"tags":[],"class_list":["post-123584","post","type-post","status-publish","format-standard","has-post-thumbnail","hentry","category-markable-comunicacao-homework"],"acf":[],"_links":{"self":[{"href":"https:\/\/bluestudio.estadao.com.br\/agencia-de-comunicacao\/wp-json\/wp\/v2\/posts\/123584","targetHints":{"allow":["GET"]}}],"collection":[{"href":"https:\/\/bluestudio.estadao.com.br\/agencia-de-comunicacao\/wp-json\/wp\/v2\/posts"}],"about":[{"href":"https:\/\/bluestudio.estadao.com.br\/agencia-de-comunicacao\/wp-json\/wp\/v2\/types\/post"}],"author":[{"embeddable":true,"href":"https:\/\/bluestudio.estadao.com.br\/agencia-de-comunicacao\/wp-json\/wp\/v2\/users\/1"}],"replies":[{"embeddable":true,"href":"https:\/\/bluestudio.estadao.com.br\/agencia-de-comunicacao\/wp-json\/wp\/v2\/comments?post=123584"}],"version-history":[{"count":1,"href":"https:\/\/bluestudio.estadao.com.br\/agencia-de-comunicacao\/wp-json\/wp\/v2\/posts\/123584\/revisions"}],"predecessor-version":[{"id":123638,"href":"https:\/\/bluestudio.estadao.com.br\/agencia-de-comunicacao\/wp-json\/wp\/v2\/posts\/123584\/revisions\/123638"}],"wp:featuredmedia":[{"embeddable":true,"href":"https:\/\/bluestudio.estadao.com.br\/agencia-de-comunicacao\/wp-json\/wp\/v2\/media\/123585"}],"wp:attachment":[{"href":"https:\/\/bluestudio.estadao.com.br\/agencia-de-comunicacao\/wp-json\/wp\/v2\/media?parent=123584"}],"wp:term":[{"taxonomy":"category","embeddable":true,"href":"https:\/\/bluestudio.estadao.com.br\/agencia-de-comunicacao\/wp-json\/wp\/v2\/categories?post=123584"},{"taxonomy":"post_tag","embeddable":true,"href":"https:\/\/bluestudio.estadao.com.br\/agencia-de-comunicacao\/wp-json\/wp\/v2\/tags?post=123584"}],"curies":[{"name":"wp","href":"https:\/\/api.w.org\/{rel}","templated":true}]}}