{"id":123523,"date":"2026-01-30T20:43:00","date_gmt":"2026-01-30T23:43:00","guid":{"rendered":"https:\/\/bluestudio.estadao.com.br\/agencia-de-comunicacao\/releases\/releases-geral\/unesco-e-tecnologico-de-monterrey-education-group-fazem-parceria-para-promover-a-aprendizagem-ao-longo-da-vida-na-america-latina\/"},"modified":"2026-01-30T20:43:00","modified_gmt":"2026-01-30T23:43:00","slug":"unesco-e-tecnologico-de-monterrey-education-group-fazem-parceria-para-promover-a-aprendizagem-ao-longo-da-vida-na-america-latina","status":"publish","type":"post","link":"https:\/\/bluestudio.estadao.com.br\/agencia-de-comunicacao\/releases\/releases-geral\/unesco-e-tecnologico-de-monterrey-education-group-fazem-parceria-para-promover-a-aprendizagem-ao-longo-da-vida-na-america-latina\/","title":{"rendered":"UNESCO e Tecnol\u00f3gico de Monterrey Education Group fazem parceria para promover a aprendizagem ao longo da vida na Am\u00e9rica Latina"},"content":{"rendered":"<ul type=\"disc\">\n<li style=\"margin-top:5pt;margin-bottom:8pt;text-align:justify\">A alian\u00e7a, firmada na IFE Conference 2026, apoiar\u00e1 o fortalecimento de pol\u00edticas, capacidades institucionais e ecossistemas de aprendizagem ao longo da vida em toda a regi\u00e3o.<\/li>\n<li style=\"margin-top:5pt;margin-bottom:8pt;text-align:justify\">O acordo contribuir\u00e1 para a implementa\u00e7\u00e3o do Quadro de A\u00e7\u00e3o de Marraquexe e dos Objetivos de Desenvolvimento Sustent\u00e1vel da Agenda de 2030.<\/li>\n<\/ul>\n<p align=\"justify\">MONTERREY, M\u00e9xico, Jan.  30, 2026  (GLOBE NEWSWIRE) &#8212; O UNESCO Institute for Lifelong Learning (UIL) e o Tecnol\u00f3gico de Monterrey Education Group, por meio do Institute for the Future of Education (IFE), assinaram uma alian\u00e7a estrat\u00e9gica de quatro anos (2026-2029) para promover a aprendizagem ao longo da vida na Am\u00e9rica Latina.<\/p>\n<p align=\"justify\">O acordo foi assinado na <a href=\"https:\/\/www.globenewswire.com\/Tracker?data=zFyQ1F7M6FGJa9caSNKdhwd9sXUQ8fq_cQJmkJvjLOSS54bYCOyoAJQ9dGDtxje2bo2r0H2cv6DFp2TJq7sD2hZu80eBjN6I6M-w0PAUCKaFUHTIYznfYPo0FDfYmczw3ehoJRYcRmraZiUTugYy7IHA-q97fOAB3_bOIFZtKnnRRt9sexBm0BvMl-RNZNnnr-Hov9RBySoKasv9s-rXh7xzWxS_vIdLVyS6KMLq3Yz2-P-5uWfpMLwN6Zsf45wkQojuhHxvt1xOlEvIfdzJOOn0UnKWzUyxvyfkmR6xNfQ6C_UugfMbXqlFEskWiHTPG8ZawnRqFmo60OxoNGHchg==\" rel=\"nofollow\" target=\"_blank\"><u>IFE Conference 2026<\/u><\/a>, um f\u00f3rum internacional que reuniu formuladores de pol\u00edticas p\u00fablicas, l\u00edderes acad\u00eamicos, pesquisadores e partes interessadas do ecossistema educacional para dialogar sobre inova\u00e7\u00e3o, colabora\u00e7\u00e3o multissetorial e futuro da educa\u00e7\u00e3o.<\/p>\n<p align=\"justify\">Esta alian\u00e7a tem por objetivo apoiar os pa\u00edses da regi\u00e3o no fortalecimento das suas pol\u00edticas, sistemas e pr\u00e1ticas de aprendizagem ao longo da vida, com \u00eanfase na implementa\u00e7\u00e3o nacional e local, incluindo o desenvolvimento de capacidades nas 67 Cidades de Aprendizagem da UNESCO na Am\u00e9rica Latina.<\/p>\n<p align=\"justify\">A parceria contribui diretamente para a implementa\u00e7\u00e3o do Quadro de A\u00e7\u00e3o de Marraquexe, adotado por mais de 140 pa\u00edses durante a S\u00e9tima Confer\u00eancia Internacional sobre Educa\u00e7\u00e3o de Adultos (CONFINTEA VII) em 2022, que reconhece a aprendizagem ao longo da vida como um direito fundamental e um fator essencial para o desenvolvimento sustent\u00e1vel.<\/p>\n<p align=\"justify\"><em>A aprendizagem ao longo da vida requer fortes parcerias e compromisso regional sustentado. Esta colabora\u00e7\u00e3o apoiar\u00e1 pa\u00edses e cidades para transformar compromissos globais em a\u00e7\u00f5es concretas,<\/em> disse <strong>Isabell Kempf<\/strong>, Diretora do Instituto de Aprendizagem ao Longo da Vida da UNESCO.<\/p>\n<p align=\"justify\">Michael Fung, Diretor Executivo do IFE, disse: <em>Juntamente com a UIL, procuramos fortalecer os ecossistemas de aprendizagem ao longo da vida na Am\u00e9rica Latina, promovendo a inova\u00e7\u00e3o, a inclus\u00e3o e o desenvolvimento sustent\u00e1vel por meio da educa\u00e7\u00e3o.<\/em><\/p>\n<p align=\"justify\"><strong>Foco da Parceria<\/strong><\/p>\n<p align=\"justify\">A alian\u00e7a ser\u00e1 estruturada em torno de duas linhas de a\u00e7\u00e3o priorit\u00e1rias:<\/p>\n<p align=\"justify\"><u>1. Di\u00e1logo sobre pol\u00edticas p\u00fablicas e desenvolvimento de capacidades<\/u><\/p>\n<p align=\"justify\">A UIL e o Tecnol\u00f3gico de Monterrey Education Group realizar\u00e3o um f\u00f3rum regional bienal sobre pol\u00edticas de aprendizagem ao longo da vida na Am\u00e9rica Latina, reunindo tomadores de decis\u00e3o, experts e profissionais para trocar experi\u00eancias, compartilhar solu\u00e7\u00f5es e fortalecer a coopera\u00e7\u00e3o regional. Este f\u00f3rum tamb\u00e9m servir\u00e1 de local para o lan\u00e7amento regional do Sexto Relat\u00f3rio Global da UNESCO sobre Educa\u00e7\u00e3o e Aprendizagem de Adultos, um documento fundamental para a estrutura de futuras pol\u00edticas de educa\u00e7\u00e3o.<\/p>\n<p align=\"justify\">Al\u00e9m disso, ser\u00e3o realizadas oficinas regionais e nacionais de capacita\u00e7\u00e3o para governos, Cidades de Aprendizagem da UNESCO e partes interessadas em educa\u00e7\u00e3o, com foco em prioridades emergentes, como aprendizagem digital, a\u00e7\u00e3o clim\u00e1tica, habilidades futuras e design de sistemas de aprendizagem inclusivos.<\/p>\n<p align=\"justify\"><u>2. Interc\u00e2mbio de conhecimentos e recursos de aprendizagem<\/u><\/p>\n<p align=\"justify\">Como parte do acordo, as estruturas conceituais e de pesquisa desenvolvidas pelo Instituto da UNESCO para a Aprendizagem ao Longo da Vida ser\u00e3o disponibilizadas em espanhol, facilitando o acesso ao conhecimento baseado em evid\u00eancias para formuladores de pol\u00edticas, professores, pesquisadores e l\u00edderes educacionais em toda a regi\u00e3o. Da mesma forma, os programas e cursos de forma\u00e7\u00e3o pr\u00e1tica ser\u00e3o adaptados aos contextos nacionais e locais, fortalecendo a implementa\u00e7\u00e3o de pol\u00edticas de aprendizagem ao longo da vida.<\/p>\n<p align=\"justify\"><strong>Benefici\u00e1rios da alian\u00e7a<\/strong><\/p>\n<p align=\"justify\">Esta parceria beneficiar\u00e1:<\/p>\n<ul type=\"disc\">\n<li style=\"margin-top:5pt;margin-bottom:5pt;text-align:justify\">Estados Membros da UNESCO na Am\u00e9rica Latina, incluindo formuladores de pol\u00edticas e partes interessadas do setor de educa\u00e7\u00e3o.<\/li>\n<li style=\"margin-top:5pt;margin-bottom:5pt;text-align:justify\">Cidades de Aprendizagem da UNESCO, apoiando as autoridades locais e os atores da aprendizagem ao longo da vida.<\/li>\n<li style=\"margin-top:5pt;margin-bottom:5pt;text-align:justify\">Professores e educadores, atrav\u00e9s de oportunidades de desenvolvimento de capacidades.<\/li>\n<li style=\"margin-top:5pt;margin-bottom:5pt;text-align:justify\">Pesquisadores, atrav\u00e9s da troca de conhecimento e acesso a recursos multil\u00edngues.<\/li>\n<\/ul>\n<p align=\"justify\">Com essa alian\u00e7a, o Tecnol\u00f3gico de Monterrey Education Group, por meio do IFE, e a UNESCO, reafirmam seu compromisso de promover espa\u00e7os de colabora\u00e7\u00e3o, cria\u00e7\u00e3o de conhecimento e transfer\u00eancia de conhecimento que contribuam para o desenvolvimento de sistemas educacionais mais inclusivos, relevantes e adapt\u00e1veis em todas as fases da vida, em alinhamento com o ODS 4 (educa\u00e7\u00e3o de qualidade) e o ODS 17 (parcerias para os objetivos).<\/p>\n<p align=\"justify\">A IFE Conference, um evento internacional que re\u00fane mais de 5.700 experts, l\u00edderes acad\u00eamicos e tomadores de decis\u00e3o de 46 pa\u00edses, foi realizada de 27 a 29 de janeiro na cidade de Monterrey, M\u00e9xico, com uma agenda com mais de 500 atividades, incluindo palestras, pain\u00e9is de discuss\u00e3o, reuni\u00f5es especializadas, apresenta\u00e7\u00f5es selecionadas, eventos h\u00edbridos e espa\u00e7os de networking, projetados para promover a colabora\u00e7\u00e3o internacional e o interc\u00e2mbio de conhecimento inovador.<\/p>\n<p align=\"center\">Visite <a href=\"https:\/\/www.globenewswire.com\/Tracker?data=yCdZag7mxYUiwi2o47bfbyM9TDNyoAma93NWfXU9qey_JGIEUphTe8NTzk2sROB0ZZvKG5dfMRQLmJRI5A-vA1PyvsPgYWflf8hnezeAWYM=\" rel=\"nofollow\" target=\"_blank\"><strong><u>Tecnol\u00f3gico de Monterrey<\/u><\/strong><\/a> &#8211; <a href=\"https:\/\/www.globenewswire.com\/Tracker?data=PJYG843-TmeLyNXTgf5GNtManPlLY8m7m5-6dZPTZAT9GmhKJv6Z6oY2cn3MCQqS2FrIYxy-A5qp9nno9bTgnw==\" rel=\"nofollow\" target=\"_blank\"><strong><u>Press Center<\/u><\/strong><\/a><\/p>\n<p align=\"center\"><strong><em>Siga-nos:<\/em><\/strong><\/p>\n<p align=\"center\">Facebook: <a href=\"https:\/\/www.globenewswire.com\/Tracker?data=qfYP2hqhlYbDEcbvoQUXKyI8jpWmDevNslVefwUP4yV6wLFLH0Ag0YbtixBne82CNqQvJS9GXM8kogV2Qck1jui0KtEUkPMoTQcn32kYnQKtrpAYu3JwkHPdXbbqdKgK\" rel=\"nofollow\" target=\"_blank\"><strong><em><u>@TecdeMonterrey<\/u><\/em><\/strong><\/a> X: <a href=\"https:\/\/www.globenewswire.com\/Tracker?data=qfYP2hqhlYbDEcbvoQUXK0k6aTgDKPbEd8rplsHpQuFnYwzQs_fmFX8sbl4ehCu_DxjUjEutm0WZHVyk8K0TmLc2ByhQDoxcEnSOVCTMOQ8=\" rel=\"nofollow\" target=\"_blank\"><strong><em><u>@TecdeMonterrey<\/u><\/em><\/strong><\/a> Instagram: <a href=\"https:\/\/www.globenewswire.com\/Tracker?data=qfYP2hqhlYbDEcbvoQUXK_iRsrpaRokRbiwOezFhytpDvA5r1cSIVNQqljgabhwuzKL6-_CQjupQgX8PWHsL9qNdbsrHNSgZWFq5NdHhfSRqeI_QKzunwBsJePRMBiU7\" rel=\"nofollow\" target=\"_blank\"><strong><em><u>@Tecdemonterrey<\/u><\/em><\/strong><\/a><\/p>\n<p align=\"center\">Facebook: <a href=\"https:\/\/www.globenewswire.com\/Tracker?data=Z0Em8TMqyIbndT_CssEurCs4sMxDVGeTKQNeGabAbiQ2xtwRqa3gP7W_UY-ALAseBfl78DNh3X1ukTR324IGsgk1SQxtxo0wYEY9JnoKO6doRuUECwgBNa54XZa6uPsb\" rel=\"nofollow\" target=\"_blank\"><strong><em><u>@EdInnovationIFE<\/u><\/em><\/strong><\/a> Instagram: <a href=\"https:\/\/www.globenewswire.com\/Tracker?data=P5O3ZXK_oL8Jn13MjJy9HbUbiP9AJTEhhXntprGaoJA055q6yhL3EtrPWjU8uorCT9QeBZgTZIcEI6iaPtFCBJCyglzjM2pw7vznkMu2JH3gZ9zWYetD16uvmDJ8ga-W\" rel=\"nofollow\" target=\"_blank\"><strong><em><u>@edinnovationife<\/u><\/em><\/strong><\/a> <\/p>\n<p align=\"center\"><strong><em>Sobre o Tecnol\u00f3gico de Monterrey<\/em><\/strong><\/p>\n<p align=\"justify\">O <em>Tecnol\u00f3gico de Monterrey (<\/em><a href=\"https:\/\/www.globenewswire.com\/Tracker?data=jIF5Cp6KK3GawWdhGuqvirvHV7x0PB01TXTVqCzryTpQIxfBSO4Q9NKhBRxUvWiJnUSrUHb40uP27L_lVZxUYg==\" rel=\"nofollow\" target=\"_blank\"><em><u>http:\/\/www.tec.mx<\/u><\/em><\/a><em>) \u00e9 uma universidade privada sem fins lucrativos reconhecida por sua excel\u00eancia acad\u00eamica, inova\u00e7\u00e3o educacional e vis\u00e3o global. Fundado em 1943, ele atualmente est\u00e1 presente em 33 munic\u00edpios de 20 estados do M\u00e9xico, com 60.000 mil estudantes profissionais e de p\u00f3s-gradua\u00e7\u00e3o, al\u00e9m de mais de 27.000 mil alunos do ensino m\u00e9dio. Credenciado pela SACSCOC desde 1950. Classificado em 187\u00ba lugar no QS World University Rankings 2026 e 7\u00ba lugar na Am\u00e9rica Latina de acordo com o Latin America University Rankings 2024. Destaca-se tamb\u00e9m em programas globais de empregabilidade e empreendedorismo, fazendo parte de redes internacionais como APRU e U21. Para acessar o nosso Boilerplate, visite: <\/em><a href=\"https:\/\/www.globenewswire.com\/Tracker?data=fsgWxBhubJpnd7QZvV1HpT5HbHwBixGLOHlq42B83LPjZB6MRnYZykFTtCF7cRUHdgfMb6Zqbncedl6whJ9SVbsYu9o7Xf_SNvV_Oj2HGGiMH-sK_5LYT5_9xqs9RQAq\" rel=\"nofollow\" target=\"_blank\"><em><u>https:\/\/tec.rs\/Boilerplate<\/u><\/em><\/a><\/p>\n<p align=\"center\"><strong><em>Sobre o UNESCO Institute for Lifelong Learning (UIL)<\/em><\/strong><\/p>\n<p align=\"justify\"><em>Com sede em Hamburgo, Alemanha, o UIL \u00e9 o instituto especializado da UNESCO com o mandato global de promover a aprendizagem ao longo da vida. O instituto apoia os Estados-Membros no desenvolvimento de pol\u00edticas e pr\u00e1ticas de aprendizagem inclusivas e equitativas, com foco particular na aprendizagem e educa\u00e7\u00e3o de adultos, alfabetiza\u00e7\u00e3o e educa\u00e7\u00e3o n\u00e3o formal.<\/em><\/p>\n<p> <img decoding=\"async\" alt=\"\" class=\"__GNW8366DE3E__IMG\" src=\"https:\/\/www.globenewswire.com\/newsroom\/ti?nf=OTY0NjQ3NCM3NDAyMzE2IzUwMDExOTQ3OA==\" \/> <br \/><img decoding=\"async\" alt=\"\" src=\"https:\/\/ml.globenewswire.com\/media\/Mzk4MzVhZmEtYWNlZC00NTEwLWJhYWEtOTk1YmViNTdkN2RmLTUwMDExOTQ3OC0yMDI2LTAxLTMwLXB0\/tiny\/Tecnol-gico-de-Monterrey.png\" \/><\/p>\n<pre>Contato de Imprensa:\n\nTecnol\u00f3gico de Monterrey\nChristian Morales\nTelefone: 55 8014 6427\nEmail: christianm@tec.mx\n\nCuadrante, Estrategia y Comunicaci\u00f3n \nHugo Hidalgo\nTelefone: 55 7412 4840\nEmail: hbadillo@cuadrante.com.mx<\/pre>\n<p><a href=\"https:\/\/www.globenewswire.com\/NewsRoom\/AttachmentNg\/9ae18480-d07a-4447-a42d-04537218479e\"><img loading=\"lazy\" decoding=\"async\" src=\"https:\/\/ml.globenewswire.com\/media\/9ae18480-d07a-4447-a42d-04537218479e\/small\/untitled-design-3-png.png\" border=\"0\" width=\"150\" height=\"46\" alt=\"Primary Logo\" \/><\/a><\/p>\n<p>A <b>OESP<\/b> nao e(sao) responsavel(is) por erros, incorrecoes, atrasos ou quaisquer decisoes tomadas por seus clientes com base nos Conteudos ora disponibilizados, bem como tais Conteudos nao representam a opiniao da <b>OESP<\/b> e sao de inteira responsabilidade da <b>GlobeNewswire<\/b><\/p>\n","protected":false},"excerpt":{"rendered":"A alian\u00e7a, firmada na IFE Conference 2026, apoiar\u00e1 o fortalecimento de pol\u00edticas, capacidades institucionais e ecossistemas de aprendizagem ao longo da vida em toda a regi\u00e3o","protected":false},"author":1,"featured_media":0,"comment_status":"open","ping_status":"closed","sticky":false,"template":"","format":"standard","meta":{"_acf_changed":false,"inline_featured_image":false,"_monsterinsights_skip_tracking":false,"_monsterinsights_sitenote_active":false,"_monsterinsights_sitenote_note":"","_monsterinsights_sitenote_category":0,"footnotes":""},"categories":[34],"tags":[],"class_list":["post-123523","post","type-post","status-publish","format-standard","hentry","category-releases-geral"],"acf":[],"_links":{"self":[{"href":"https:\/\/bluestudio.estadao.com.br\/agencia-de-comunicacao\/wp-json\/wp\/v2\/posts\/123523","targetHints":{"allow":["GET"]}}],"collection":[{"href":"https:\/\/bluestudio.estadao.com.br\/agencia-de-comunicacao\/wp-json\/wp\/v2\/posts"}],"about":[{"href":"https:\/\/bluestudio.estadao.com.br\/agencia-de-comunicacao\/wp-json\/wp\/v2\/types\/post"}],"author":[{"embeddable":true,"href":"https:\/\/bluestudio.estadao.com.br\/agencia-de-comunicacao\/wp-json\/wp\/v2\/users\/1"}],"replies":[{"embeddable":true,"href":"https:\/\/bluestudio.estadao.com.br\/agencia-de-comunicacao\/wp-json\/wp\/v2\/comments?post=123523"}],"version-history":[{"count":0,"href":"https:\/\/bluestudio.estadao.com.br\/agencia-de-comunicacao\/wp-json\/wp\/v2\/posts\/123523\/revisions"}],"wp:attachment":[{"href":"https:\/\/bluestudio.estadao.com.br\/agencia-de-comunicacao\/wp-json\/wp\/v2\/media?parent=123523"}],"wp:term":[{"taxonomy":"category","embeddable":true,"href":"https:\/\/bluestudio.estadao.com.br\/agencia-de-comunicacao\/wp-json\/wp\/v2\/categories?post=123523"},{"taxonomy":"post_tag","embeddable":true,"href":"https:\/\/bluestudio.estadao.com.br\/agencia-de-comunicacao\/wp-json\/wp\/v2\/tags?post=123523"}],"curies":[{"name":"wp","href":"https:\/\/api.w.org\/{rel}","templated":true}]}}