{"id":123520,"date":"2026-01-30T16:05:00","date_gmt":"2026-01-30T19:05:00","guid":{"rendered":"https:\/\/bluestudio.estadao.com.br\/agencia-de-comunicacao\/saftec-digital\/qual-e-o-papel-do-gestor-na-estabilidade-emocional-do-time-confira-com-alfredo-moreira-filho\/"},"modified":"2026-01-30T16:05:00","modified_gmt":"2026-01-30T19:05:00","slug":"qual-e-o-papel-do-gestor-na-estabilidade-emocional-do-time-confira-com-alfredo-moreira-filho","status":"publish","type":"post","link":"https:\/\/bluestudio.estadao.com.br\/agencia-de-comunicacao\/saftec-digital\/qual-e-o-papel-do-gestor-na-estabilidade-emocional-do-time-confira-com-alfredo-moreira-filho\/","title":{"rendered":"Qual \u00e9 o papel do gestor na estabilidade emocional do time? Confira com Alfredo Moreira Filho"},"content":{"rendered":"<p><b>A estabilidade emocional do time depende diretamente do gestor, que regula o clima interno com previsibilidade, justi\u00e7a e comunica\u00e7\u00e3o clara, reduzindo ansiedade e fortalecendo confian\u00e7a e performance.<\/b><\/p>\n<p>Como comenta o empres\u00e1rio Alfredo Moreira Filho, em tempos de alta cobran\u00e7a e mudan\u00e7as constantes, a estabilidade emocional do time deixou de ser assunto secund\u00e1rio e virou crit\u00e9rio de performance. Quando o ambiente interno perde equil\u00edbrio, o resultado aparece r\u00e1pido: decis\u00f5es piores, comunica\u00e7\u00e3o truncada e energia desperdi\u00e7ada em ru\u00eddo. Se voc\u00ea quer compreender como a lideran\u00e7a sustenta consist\u00eancia sem desgaste, continue a leitura e observe por que o papel do gestor \u00e9 determinante. <\/p>\n<p><b>O clima emocional como ativo de performance<\/b><\/p>\n<p>Toda empresa tem um &#8220;clima&#8221; que se percebe antes mesmo de n\u00fameros e relat\u00f3rios. Ele se mostra no tom das conversas, na confian\u00e7a entre \u00e1reas e no grau de seguran\u00e7a com que as pessoas assumem responsabilidade. Quando esse clima \u00e9 inst\u00e1vel, a produtividade n\u00e3o cai apenas por falta de esfor\u00e7o, mas por excesso de defesa. A equipe passa a operar com medo de errar, com receio de se expor e com tend\u00eancia a empurrar decis\u00f5es para adiante.<br \/>\nSob o ponto de vista de Alfredo Moreira Filho, especializado em gest\u00e3o, o papel do gestor \u00e9 criar condi\u00e7\u00f5es para que o time funcione como sistema, e n\u00e3o como um conjunto de indiv\u00edduos tentando se proteger. H\u00e1 uma diferen\u00e7a clara entre urg\u00eancia saud\u00e1vel e urg\u00eancia desorganizada. A primeira orienta foco. A segunda alimenta ansiedade.<\/p>\n<p><b>Quando o l\u00edder regula o ambiente?<\/b><\/p>\n<p>Em qualquer grupo, a lideran\u00e7a regula o ambiente, queira ou n\u00e3o. Como o gestor reage a atrasos, falhas e imprevistos comunica mais do que um manual de valores. Quando o comando oscila entre explos\u00f5es e sil\u00eancio, o time aprende a adivinhar o humor do dia. Quando o comando mant\u00e9m postura est\u00e1vel, o time aprende a sustentar padr\u00e3o.<br \/>\nComo pontua Alfredo Moreira Filho, Fundador e Management do Grupo Valore+, um gestor n\u00e3o precisa ser frio para ser firme. Precisa ser previs\u00edvel. Uma autoridade tranquila cria uma refer\u00eancia emocional para a equipe: as pessoas entendem que existe cobran\u00e7a, por\u00e9m existe justi\u00e7a. Assim, a energia volta para o trabalho, n\u00e3o para a leitura de sinais e a administra\u00e7\u00e3o de inseguran\u00e7as.<\/p>\n<p><b>Responsabilidade sem peso: Cobran\u00e7a que preserva dignidade<\/b><\/p>\n<p>Cobran\u00e7a injusta destr\u00f3i confian\u00e7a; cobran\u00e7a justa fortalece maturidade. O papel do gestor n\u00e3o \u00e9 eliminar desconfortos, e sim evitar humilha\u00e7\u00e3o, ambiguidade e arbitrariedade. Conforme explica Alfredo Moreira Filho, especializado em gest\u00e3o empresarial, em ambientes saud\u00e1veis, o erro n\u00e3o vira espet\u00e1culo, nem vira indiferen\u00e7a. Ele vira informa\u00e7\u00e3o para leitura de contexto e corre\u00e7\u00e3o de rota.<br \/>\nQuando a cobran\u00e7a preserva dignidade, a equipe n\u00e3o confunde firmeza com ataque. Isso sustenta estabilidade emocional porque mant\u00e9m o v\u00ednculo profissional intacto mesmo em conversas dif\u00edceis. E, quando o v\u00ednculo permanece, a produtividade n\u00e3o se perde no caminho.<\/p>\n<p><b>O que &#8220;Pequenas Hist\u00f3rias e Algumas Percep\u00e7\u00f5es&#8221; revela sobre sustentar pessoas?<\/b><\/p>\n<p>Gest\u00e3o emocional n\u00e3o nasce apenas de teorias. Ela amadurece com viv\u00eancia. No livro Pequenas Hist\u00f3rias e Algumas Percep\u00e7\u00f5es, de Alfredo Moreira Filho, especializado em gest\u00e3o empresarial, s\u00e3o registradas mem\u00f3rias e experi\u00eancias que atravessam inf\u00e2ncia, desafios e vida adulta, reunindo &#8220;insucessos e vit\u00f3rias&#8221; como mat\u00e9ria-prima de aprendizado<br \/>\nEsse tipo de narrativa refor\u00e7a um ponto importante para a lideran\u00e7a: pessoas n\u00e3o seguem apenas metas; elas seguem seguran\u00e7a, coer\u00eancia e sentido. O pr\u00f3prio tom do livro evidencia como rela\u00e7\u00f5es de amparo e refer\u00eancia moldam a trajet\u00f3ria. Nos agradecimentos, h\u00e1 reconhecimento expl\u00edcito a familiares que acolheram, sustentaram e orientaram, al\u00e9m de valores morais e \u00e9ticos ligados \u00e0 forma\u00e7\u00e3o.<\/p>\n<p><b>Estabilidade emocional \u00e9 parte da gest\u00e3o, n\u00e3o um detalhe<\/b><\/p>\n<p>O papel do gestor na estabilidade emocional do time \u00e9 estrutural. Ele define o tom, sustenta crit\u00e9rios e protege a execu\u00e7\u00e3o contra o caos emocional que nasce de incoer\u00eancia e inseguran\u00e7a. Quando a lideran\u00e7a \u00e9 est\u00e1vel, a equipe trabalha com mais clareza, mais confian\u00e7a e menos desgaste.<\/p>\n<p>A <b>OESP<\/b> n\u00e3o \u00e9(s\u00e3o) respons\u00e1vel(is) por erros, incorre\u00e7\u00f5es, atrasos ou quaisquer decis\u00f5es tomadas por seus clientes com base nos Conte\u00fados ora disponibilizados, bem como tais Conte\u00fados n\u00e3o representam a opini\u00e3o da <b>OESP<\/b> e s\u00e3o de inteira responsabilidade da <b>Ag\u00eancia Saftec<\/b><\/p>\n","protected":false},"excerpt":{"rendered":"A estabilidade emocional do time depende diretamente do gestor, que regula o clima interno com previsibilidade, justi\u00e7a e comunica\u00e7\u00e3o clara, reduzindo ansiedade e fortalecendo confian\u00e7a e","protected":false},"author":1,"featured_media":123521,"comment_status":"open","ping_status":"closed","sticky":false,"template":"","format":"standard","meta":{"_acf_changed":false,"inline_featured_image":false,"_monsterinsights_skip_tracking":false,"_monsterinsights_sitenote_active":false,"_monsterinsights_sitenote_note":"","_monsterinsights_sitenote_category":0,"footnotes":""},"categories":[525],"tags":[],"class_list":["post-123520","post","type-post","status-publish","format-standard","has-post-thumbnail","hentry","category-saftec-digital"],"acf":[],"_links":{"self":[{"href":"https:\/\/bluestudio.estadao.com.br\/agencia-de-comunicacao\/wp-json\/wp\/v2\/posts\/123520","targetHints":{"allow":["GET"]}}],"collection":[{"href":"https:\/\/bluestudio.estadao.com.br\/agencia-de-comunicacao\/wp-json\/wp\/v2\/posts"}],"about":[{"href":"https:\/\/bluestudio.estadao.com.br\/agencia-de-comunicacao\/wp-json\/wp\/v2\/types\/post"}],"author":[{"embeddable":true,"href":"https:\/\/bluestudio.estadao.com.br\/agencia-de-comunicacao\/wp-json\/wp\/v2\/users\/1"}],"replies":[{"embeddable":true,"href":"https:\/\/bluestudio.estadao.com.br\/agencia-de-comunicacao\/wp-json\/wp\/v2\/comments?post=123520"}],"version-history":[{"count":0,"href":"https:\/\/bluestudio.estadao.com.br\/agencia-de-comunicacao\/wp-json\/wp\/v2\/posts\/123520\/revisions"}],"wp:featuredmedia":[{"embeddable":true,"href":"https:\/\/bluestudio.estadao.com.br\/agencia-de-comunicacao\/wp-json\/wp\/v2\/media\/123521"}],"wp:attachment":[{"href":"https:\/\/bluestudio.estadao.com.br\/agencia-de-comunicacao\/wp-json\/wp\/v2\/media?parent=123520"}],"wp:term":[{"taxonomy":"category","embeddable":true,"href":"https:\/\/bluestudio.estadao.com.br\/agencia-de-comunicacao\/wp-json\/wp\/v2\/categories?post=123520"},{"taxonomy":"post_tag","embeddable":true,"href":"https:\/\/bluestudio.estadao.com.br\/agencia-de-comunicacao\/wp-json\/wp\/v2\/tags?post=123520"}],"curies":[{"name":"wp","href":"https:\/\/api.w.org\/{rel}","templated":true}]}}