{"id":123511,"date":"2026-01-30T15:42:00","date_gmt":"2026-01-30T18:42:00","guid":{"rendered":"https:\/\/bluestudio.estadao.com.br\/agencia-de-comunicacao\/prnewswire\/caf-e-fundacao-rockefeller-firmam-parceria-estrategica-para-promover-oportunidades-na-america-latina-e-no-caribe\/"},"modified":"2026-01-30T15:42:00","modified_gmt":"2026-01-30T18:42:00","slug":"caf-e-fundacao-rockefeller-firmam-parceria-estrategica-para-promover-oportunidades-na-america-latina-e-no-caribe","status":"publish","type":"post","link":"https:\/\/bluestudio.estadao.com.br\/agencia-de-comunicacao\/prnewswire\/caf-e-fundacao-rockefeller-firmam-parceria-estrategica-para-promover-oportunidades-na-america-latina-e-no-caribe\/","title":{"rendered":"CAF e Funda\u00e7\u00e3o Rockefeller firmam parceria estrat\u00e9gica para promover oportunidades na Am\u00e9rica Latina e no Caribe"},"content":{"rendered":"\n<div class=\"xn-content\">\n<i>O memorando de entendimento, assinado durante o F\u00f3rum Econ\u00f4mico Internacional da Am\u00e9rica Latina e do Caribe 2026, no Panam\u00e1, estabelece uma estrutura de colabora\u00e7\u00e3o em \u00e1reas-chave, como seguran\u00e7a alimentar, financiamento inovador, mudan\u00e7as clim\u00e1ticas e agricultura regenerativa.<\/i><\/p>\n<p><span class=\"legendSpanClass\">CIDADE DO PANAM\u00c1<\/span>, <span class=\"legendSpanClass\">30 de janeiro de 2026<\/span> \/PRNewswire\/ &#8212; A CAF &#8212; Banco de Desenvolvimento da Am\u00e9rica Latina e do Caribe &#8212; e a Funda\u00e7\u00e3o Rockefeller assinaram um Memorando de Entendimento (MOU) com o objetivo de fortalecer e promover o desenvolvimento sustent\u00e1vel em toda a regi\u00e3o. O acordo foi formalizado durante o F\u00f3rum Econ\u00f4mico Internacional da Am\u00e9rica Latina e do Caribe 2026, evento que reuniu mais de 4.300 l\u00edderes empresariais, autoridades governamentais e representantes de organiza\u00e7\u00f5es multilaterais no Centro de Conven\u00e7\u00f5es da Cidade do Panam\u00e1.<\/p>\n<div class=\"PRN_ImbeddedAssetReference\" id=\"DivAssetPlaceHolder1\">\n<a href=\"https:\/\/mma.prnewswire.com\/media\/2873669\/Firma_acuerdo_CAF_Fundaci_n_Rockefeller.html\" target=\"_blank\" rel=\"nofollow\">  <img decoding=\"async\" src=\"https:\/\/mma.prnewswire.com\/media\/2873669\/Firma_acuerdo_CAF_Fundaci_n_Rockefeller.jpg\" title=\"\" alt=\"\" \/><\/a>\n <\/p>\n<\/p><\/div>\n<p>O acordo foi assinado por Sergio D\u00edaz-Granados, Presidente Executivo da CAF, e Lyana Latorre, vice-presidente para a Am\u00e9rica Latina e o Caribe da Funda\u00e7\u00e3o Rockefeller. O documento estabelece um quadro geral de colabora\u00e7\u00e3o que permitir\u00e1 \u00e0s duas institui\u00e7\u00f5es desenvolver projetos conjuntos e a\u00e7\u00f5es coordenadas ao longo dos pr\u00f3ximos tr\u00eas anos.<\/p>\n<p>O memorando prev\u00ea iniciativas em \u00e1reas priorit\u00e1rias para o desenvolvimento regional: seguran\u00e7a alimentar, com \u00eanfase especial no fortalecimento dos programas de alimenta\u00e7\u00e3o escolar; mecanismos de financiamento inovadores; os impactos das mudan\u00e7as clim\u00e1ticas no meio ambiente, na sa\u00fade p\u00fablica e nos recursos energ\u00e9ticos; bem como a agricultura regenerativa e o desenvolvimento de modelos sustent\u00e1veis de agroneg\u00f3cio.<\/p>\n<p>A coopera\u00e7\u00e3o entre ambas as organiza\u00e7\u00f5es ser\u00e1 realizada por meio do interc\u00e2mbio de informa\u00e7\u00f5es e conhecimentos; do desenvolvimento de projetos conjuntos; da assist\u00eancia t\u00e9cnica e de outros mecanismos de financiamento; de programas de capacita\u00e7\u00e3o e da cria\u00e7\u00e3o de redes com interesses comuns.<\/p>\n<p><b>PRIMEIRA INICIATIVA CONJUNTA: ALIMENTA\u00c7\u00c3O ESCOLAR <\/b><\/p>\n<p>Como primeira a\u00e7\u00e3o no \u00e2mbito desta alian\u00e7a, a CAF aprovou um programa de coopera\u00e7\u00e3o t\u00e9cnica n\u00e3o reembols\u00e1vel para fortalecer os processos de gest\u00e3o da alimenta\u00e7\u00e3o escolar em tr\u00eas pa\u00edses da regi\u00e3o: Barbados, Col\u00f4mbia e El Salvador. Este projeto piloto de 24 meses, cofinanciado pela Funda\u00e7\u00e3o Rockefeller, est\u00e1 alinhado com a iniciativa <i>Regenerative School Meals<\/i> (Refei\u00e7\u00f5es Escolares Regenerativas) da Funda\u00e7\u00e3o, <a href=\"https:\/\/www.rockefellerfoundation.org\/news\/rockefeller-foundation-commits-us100-million-to-serve-100-million-children-nutritious-school-meals\/\" target=\"_blank\" rel=\"nofollow\">que recentemente comprometeu US$ 100 milh\u00f5es para transformar os sistemas de produ\u00e7\u00e3o de alimentos em modelos regenerativos e agroecol\u00f3gicos<\/a>. A iniciativa visa garantir que <a href=\"https:\/\/www.rockefellerfoundation.org\/news\/germanys-bmz-novo-nordisk-rockefeller-foundation-wfp-launch-school-meals-accelerator-help-reach-additional-100m-children\/\" target=\"_blank\" rel=\"nofollow\">100 milh\u00f5es de crian\u00e7as em todo o mundo<\/a> recebam refei\u00e7\u00f5es produzidas de forma sustent\u00e1vel nos pr\u00f3ximos cinco anos. O projeto inclui o desenvolvimento de avalia\u00e7\u00f5es diagn\u00f3sticas, a elabora\u00e7\u00e3o de propostas de melhoria e a implementa\u00e7\u00e3o de interven\u00e7\u00f5es-piloto espec\u00edficas para cada pa\u00eds, adaptadas \u00e0s necessidades e condi\u00e7\u00f5es de cada na\u00e7\u00e3o.<\/p>\n<p><i>&#8220;Nossa alian\u00e7a com a Funda\u00e7\u00e3o Rockefeller reflete a convic\u00e7\u00e3o de que os grandes desafios enfrentados pela Am\u00e9rica Latina e pelo Caribe exigem novas formas de colabora\u00e7\u00e3o. A seguran\u00e7a alimentar \u00e9 uma prioridade para a CAF, e trabalhar ao lado de uma institui\u00e7\u00e3o com mais de um s\u00e9culo de lideran\u00e7a em inova\u00e7\u00e3o filantr\u00f3pica nos permitir\u00e1 ampliar o impacto de nossas a\u00e7\u00f5es em benef\u00edcio de milh\u00f5es de crian\u00e7as e fam\u00edlias em toda a regi\u00e3o&#8221;<\/i>, <i>afirmou <b>Sergio D\u00edaz-Granados, presidente executivo da CAF<\/b>.<\/i><\/p>\n<p><i>&#8220;Este acordo reafirma nosso compromisso com a regi\u00e3o e demonstra como a inova\u00e7\u00e3o filantr\u00f3pica pode ampliar seu alcance por meio de parcerias com atores de investimento social como a CAF. Juntos, podemos transformar desafios em oportunidades reais de desenvolvimento e oferecer solu\u00e7\u00f5es de alto impacto para comunidades em toda a regi\u00e3o&#8221;,<b> afirmou Elizabeth Yee, vice-presidente executiva de Programas da Funda\u00e7\u00e3o Rockefeller.<\/b><\/i><\/p>\n<p><i>&#8220;Por meio dessa colabora\u00e7\u00e3o, buscamos gerar modelos que v\u00e3o al\u00e9m da assist\u00eancia b\u00e1sica para se tornarem motores de transforma\u00e7\u00e3o econ\u00f4mica e social. Com o Projeto Refei\u00e7\u00f5es Escolares em El Salvador, Barbados e Col\u00f4mbia, a gente est\u00e1 estabelecendo as bases para um sistema que fortalece os programas de alimenta\u00e7\u00e3o escolar e melhora as cadeias locais de abastecimento alimentar&#8221;, <b>acrescentou Lyana Latorre, vice-presidente da Funda\u00e7\u00e3o Rockefeller para a Am\u00e9rica Latina e o Caribe.<\/b><\/i><\/p>\n<p><b>Sobre a Funda\u00e7\u00e3o Rockefeller<\/b><\/p>\n<p>Investindo US$ 30 bilh\u00f5es nos \u00faltimos 113 anos para promover o bem-estar da humanidade, a Funda\u00e7\u00e3o Rockefeller \u00e9 uma institui\u00e7\u00e3o filantr\u00f3pica pioneira, baseada em parcerias improv\u00e1veis e solu\u00e7\u00f5es inovadoras que proporcionam resultados mensur\u00e1veis para as pessoas nos Estados Unidos e em todo o mundo. Aproveitamos avan\u00e7os cient\u00edficos, intelig\u00eancia artificial e novas tecnologias para fazer grandes apostas nas \u00e1reas de energia, alimenta\u00e7\u00e3o, sa\u00fade e finan\u00e7as.<\/p>\n<p>A Funda\u00e7\u00e3o opera na Am\u00e9rica Latina e no Caribe por meio de seu escrit\u00f3rio regional em Bogot\u00e1, Col\u00f4mbia.<\/p>\n<p>Para obter mais informa\u00e7\u00f5es, inscreva-se em nossa newsletter em <a href=\"http:\/\/www.rockefellerfoundation.org\/subscribe\" target=\"_blank\" rel=\"nofollow\">www.rockefellerfoundation.org\/subscribe<\/a> e siga-nos no X <a href=\"https:\/\/twitter.com\/RockefellerFdn?ref_src=twsrc%5Egoogle%7Ctwcamp%5Eserp%7Ctwgr%5Eauthor\" target=\"_blank\" rel=\"nofollow\">@RockefellerFdn<\/a>, Instagram <a href=\"https:\/\/www.instagram.com\/rockefellerfdn\/\" target=\"_blank\" rel=\"nofollow\">@rockefellerfdn<\/a>, YouTube <a href=\"https:\/\/www.youtube.com\/rockefellerfound\" target=\"_blank\" rel=\"nofollow\">@RockefellerFdn<\/a> e LinkedIn <a href=\"https:\/\/www.linkedin.com\/company\/the-rockefeller-foundation\" target=\"_blank\" rel=\"nofollow\">@the-rockefeller-foundation<\/a>.<\/p>\n<p><b>CAF &#8211; F\u00f3rum Econ\u00f4mico Internacional da Am\u00e9rica Latina e do Caribe<\/b><\/p>\n<p>O F\u00f3rum Econ\u00f4mico Internacional da Am\u00e9rica Latina e do Caribe 2026, organizado pela CAF em parceria com o Governo do Panam\u00e1, consolidou-se como uma plataforma de alto n\u00edvel para o di\u00e1logo entre l\u00edderes empresariais, autoridades governamentais e principais tomadores de decis\u00e3o. O evento busca analisar os desafios mais urgentes da regi\u00e3o e promover solu\u00e7\u00f5es que fomentem o crescimento sustent\u00e1vel, a inclus\u00e3o e a competitividade.<\/p>\n<p>Foto &#8211; <a href=\"https:\/\/mma.prnewswire.com\/media\/2873669\/Firma_acuerdo_CAF_Fundaci_n_Rockefeller.jpg\" target=\"_blank\" rel=\"nofollow\">https:\/\/mma.prnewswire.com\/media\/2873669\/Firma_acuerdo_CAF_Fundaci_n_Rockefeller.jpg<\/a><\/p>\n<p id=\"PURL\"><img loading=\"lazy\" decoding=\"async\" title=\"Cision\" width=\"12\" height=\"12\" alt=\"Cision\" src=\"https:\/\/edge.prnewswire.com\/c\/img\/favicon.png?sn=PT75440&amp;sd=2026-01-30\" \/> View original content to download multimedia:<a id=\"PRNURL\" rel=\"nofollow\" href=\"https:\/\/www.prnewswire.com\/br\/comunicados-para-a-imprensa\/caf-e-fundacao-rockefeller-firmam-parceria-estrategica-para-promover-oportunidades-na-america-latina-e-no-caribe-302675305.html\" target=\"_blank\">https:\/\/www.prnewswire.com\/br\/comunicados-para-a-imprensa\/caf-e-fundacao-rockefeller-firmam-parceria-estrategica-para-promover-oportunidades-na-america-latina-e-no-caribe-302675305.html<\/a><\/p>\n<p>FONTE Fundaci\u00f3n Rockefeller<\/p>\n<\/div>\n<p>  <img decoding=\"async\" alt=\"\" src=\"https:\/\/rt.prnewswire.com\/rt.gif?NewsItemId=PT75440&amp;Transmission_Id=202601301335PR_NEWS_LATAM____PT75440&amp;DateId=20260130\" style=\"border:0px;width:1px;height:1px\" \/><\/p>\n<p><strong>T\u00f3picos Relacionados:<\/strong> Alimentos, Sem Fins Lucrativos, Quest\u00f5es Ambientais, Seguran\u00e7a P\u00fablica, Joint Ventures, Agricultura, Produtos e Servi\u00e7os Ambientais, Servi\u00e7os Banc\u00e1rios\/Financeiros, Ambiental, Social e Governan\u00e7a<\/p>\n<p>A <b>OESP<\/b> n\u00e3o \u00e9(s\u00e3o) respons\u00e1vel(is) por erros, incorre\u00e7\u00f5es, atrasos ou quaisquer decis\u00f5es tomadas por seus clientes com base nos Conte\u00fados ora disponibilizados, bem como tais Conte\u00fados n\u00e3o representam a opini\u00e3o da <b>OESP<\/b> e s\u00e3o de inteira responsabilidade da <b>PR Newswire Ltda<\/b><\/p>\n","protected":false},"excerpt":{"rendered":"O memorando de entendimento, assinado durante o F\u00f3rum Econ\u00f4mico Internacional da Am\u00e9rica Latina e do Caribe 2026, no Panam\u00e1, estabelece uma estrutura de colabora\u00e7\u00e3o em \u00e1reas-chave, como","protected":false},"author":1,"featured_media":123512,"comment_status":"open","ping_status":"closed","sticky":false,"template":"","format":"standard","meta":{"_acf_changed":false,"inline_featured_image":false,"_monsterinsights_skip_tracking":false,"_monsterinsights_sitenote_active":false,"_monsterinsights_sitenote_note":"","_monsterinsights_sitenote_category":0,"footnotes":""},"categories":[27],"tags":[6658],"class_list":["post-123511","post","type-post","status-publish","format-standard","has-post-thumbnail","hentry","category-prnewswire","tag-a-caf-banco-de-desenvolvimento-da-america-latina-e-do-caribe-e-a-fundacao-rockefeller-assinaram-um-memorando-de-entendimento-mou-com-o-objetivo-de-fortalecer-e-promover-o"],"acf":[],"_links":{"self":[{"href":"https:\/\/bluestudio.estadao.com.br\/agencia-de-comunicacao\/wp-json\/wp\/v2\/posts\/123511","targetHints":{"allow":["GET"]}}],"collection":[{"href":"https:\/\/bluestudio.estadao.com.br\/agencia-de-comunicacao\/wp-json\/wp\/v2\/posts"}],"about":[{"href":"https:\/\/bluestudio.estadao.com.br\/agencia-de-comunicacao\/wp-json\/wp\/v2\/types\/post"}],"author":[{"embeddable":true,"href":"https:\/\/bluestudio.estadao.com.br\/agencia-de-comunicacao\/wp-json\/wp\/v2\/users\/1"}],"replies":[{"embeddable":true,"href":"https:\/\/bluestudio.estadao.com.br\/agencia-de-comunicacao\/wp-json\/wp\/v2\/comments?post=123511"}],"version-history":[{"count":0,"href":"https:\/\/bluestudio.estadao.com.br\/agencia-de-comunicacao\/wp-json\/wp\/v2\/posts\/123511\/revisions"}],"wp:featuredmedia":[{"embeddable":true,"href":"https:\/\/bluestudio.estadao.com.br\/agencia-de-comunicacao\/wp-json\/wp\/v2\/media\/123512"}],"wp:attachment":[{"href":"https:\/\/bluestudio.estadao.com.br\/agencia-de-comunicacao\/wp-json\/wp\/v2\/media?parent=123511"}],"wp:term":[{"taxonomy":"category","embeddable":true,"href":"https:\/\/bluestudio.estadao.com.br\/agencia-de-comunicacao\/wp-json\/wp\/v2\/categories?post=123511"},{"taxonomy":"post_tag","embeddable":true,"href":"https:\/\/bluestudio.estadao.com.br\/agencia-de-comunicacao\/wp-json\/wp\/v2\/tags?post=123511"}],"curies":[{"name":"wp","href":"https:\/\/api.w.org\/{rel}","templated":true}]}}