{"id":123461,"date":"2026-01-29T17:58:00","date_gmt":"2026-01-29T20:58:00","guid":{"rendered":"https:\/\/bluestudio.estadao.com.br\/agencia-de-comunicacao\/prnewswire\/merz-aestheticsr-marca-presenca-no-ciosp-2026-com-estande-focado-em-inovacao-e-educacao-continuada\/"},"modified":"2026-01-29T17:58:00","modified_gmt":"2026-01-29T20:58:00","slug":"merz-aestheticsr-marca-presenca-no-ciosp-2026-com-estande-focado-em-inovacao-e-educacao-continuada","status":"publish","type":"post","link":"https:\/\/bluestudio.estadao.com.br\/agencia-de-comunicacao\/prnewswire\/merz-aestheticsr-marca-presenca-no-ciosp-2026-com-estande-focado-em-inovacao-e-educacao-continuada\/","title":{"rendered":"Merz Aesthetics(R) marca presen\u00e7a no CIOSP 2026 com estande focado em inova\u00e7\u00e3o e educa\u00e7\u00e3o continuada"},"content":{"rendered":"\n<div class=\"xn-content\">\n<p class=\"prntac\"><i>Empresa leva experi\u00eancias imersivas, protocolos exclusivos e uma programa\u00e7\u00e3o robusta de educa\u00e7\u00e3o continuada ao maior congresso de odontologia do mundo<\/i><\/p>\n<p><span class=\"legendSpanClass\">S\u00c3O PAULO<\/span>, <span class=\"legendSpanClass\">29 de janeiro de 2026<\/span> \/PRNewswire\/ &#8212; A Merz Aesthetics(R) Brasil, empresa de medicina est\u00e9tica, participa do 43\u00ba Congresso Internacional de Odontologia de S\u00e3o Paulo (CIOSP), agora pelo quinto ano consecutivo. Considerado um dos maiores eventos de odontologia do mundo, o CIOSP re\u00fane anualmente cerca de 100 mil visitantes entre profissionais da sa\u00fade, estudantes e expositores, consolidando-se como um dos principais pontos de encontro do setor. O evento, organizado pela Associa\u00e7\u00e3o Paulista de Cirurgi\u00f5es-Dentistas (APCD), acontece entre 28 e 31 de janeiro, em S\u00e3o Paulo (SP), no Expo Center Norte.<\/p>\n<p>Durante o evento, a Merz contar\u00e1 com um estande dividido em tr\u00eas espa\u00e7os principais (Pavilh\u00e3o Verde: H51 &#8211; F41 &#8211; E4), pensados para proporcionar uma experi\u00eancia completa aos visitantes. Um dos destaques ser\u00e1 o audit\u00f3rio, com foco em educa\u00e7\u00e3o continuada, que receber\u00e1 palestras, talks e aulas sobre protocolos exclusivos, al\u00e9m de conte\u00fados cient\u00edficos voltados \u00e0 pr\u00e1tica cl\u00ednica e \u00e0 atualiza\u00e7\u00e3o profissional. Os outros dois espa\u00e7os ser\u00e3o dedicados \u00e0 demonstra\u00e7\u00e3o de tecnologias e ao relacionamento com profissionais de sa\u00fade.<\/p>\n<p>&#8220;O CIOSP \u00e9 tradicionalmente o evento que abre o nosso calend\u00e1rio anual de congressos e ativa\u00e7\u00f5es no Brasil, e tem um papel muito estrat\u00e9gico. \u00c9 um momento de encontro com nossos parceiros, de troca de conhecimento e de refor\u00e7o do nosso compromisso com a educa\u00e7\u00e3o m\u00e9dica continuada. Estar presente mais uma vez \u00e9 motivo de grande entusiasmo para todo o nosso time&#8221;, afirma Giovana Pacini, Country Manager da Merz Aesthetics(R) no Brasil.<\/p>\n<p><b>28\/01 &#8211; Quarta-feira<\/b><\/p>\n<ul type=\"disc\">\n<li>[13:00] A arte de Revelar a Beleza com Belotero(R), com a Dra. Lidia Dantas (CRBM1 8400)<\/li>\n<li>[14:00] Eu escolho o n\u00ba1: Radiesse(R), com o Dr. Thiago Teixeira (CRO SP 88454)<\/li>\n<li>[15:00] A primeira e \u00fanica, com a Dra. Claudia Almeida (CRO PE 10146)<\/li>\n<li>[16:00] O Lifting que voc\u00ea v\u00ea &#8211; Ultherapy PRIME(R), com a Dra. Daniela Brito (CRO SP 69347)<\/li>\n<\/ul>\n<p><b>29\/01 &#8211; Quinta-feira<\/b><\/p>\n<ul type=\"disc\">\n<li>[11:00] Gerenciando a Flacidez do Emagrecimento, com a Dra. Gabrieli Lorenzi (CRO PR 22330)<\/li>\n<li>[12:00] Boom de Col\u00e1geno com Ultherapy(R) Prime e Radiesse(R), com o Dr. Gabriel Machado (CRBM1 20860)<\/li>\n<li>[14:00] MAX Talk: Marketing Digital e suas estrat\u00e9gias, com Simone Viotto, CEO da JK Est\u00e9tica e Juliana Gagliardi, gerente de Marketing de Servi\u00e7os da Merz Aesthetics(R) Brasil<\/li>\n<li>[15:00] Resultados Naturais com Full Face, com a Dra. Manuela Barcellos (CRO SP 87483)<\/li>\n<li>[16:00] MAX Talk: Meu Case de sucesso &#8211; Minha Cl\u00ednica, com a Dra. Manuela Barcellos (CRO SP 87483) e Juliana Gagliardi, gerente de Marketing de Servi\u00e7os da Merz Aesthetics(R) Brasil<\/li>\n<\/ul>\n<p><b>30\/01 &#8211; Sexta-feira<\/b><\/p>\n<ul type=\"disc\">\n<li>[11:00] A diferen\u00e7a est\u00e1 nos detalhes, com a Dra. Renata Pinchiari (CRO SP 85414)<\/li>\n<li>[12:00] Lan\u00e7amento de Protocolo: RegenLifting(R), com a Dra. Renata Franciulli (CRBM1 16968)<\/li>\n<li>[14:00] Protocolos Exclusivos: Lift-up e Contouring Plus, com o Dr. Thiago Teixeira (CRO SP 88454)<\/li>\n<li>[15:00] Lan\u00e7amento de Protocolo: U-Lips &#8211; Contorno e Volume Natural para L\u00e1bios, com a Dra. Cristiane Paulin (CRO PR 15917)<\/li>\n<li>[16:00] MAX Talk: Est\u00e9tica e suas abordagens regionais, com a Dra. Alexia Tavares (CRO CE 9987) e Alexandre Moraes, gerente de Desenvolvimento de Neg\u00f3cios da Merz Aesthetics(R) Brasil<\/li>\n<\/ul>\n<p><b>31\/01 &#8211; S\u00e1bado<\/b><\/p>\n<ul type=\"disc\">\n<li>[11:00] MAX Talk: A arte de encantar o cliente, com Daniella Serantes, gerente de Produtos da Merz Aesthetics(R) Brasil e Alexandre Moraes, gerente de Desenvolvimento de Neg\u00f3cios da Merz Aesthetics(R) Brasil<\/li>\n<li>[13:00] Bioestimula\u00e7\u00e3o Global x Estrutura\u00e7\u00e3o &#8211; Radiesse(R) e sua Versatilidade, com A Dra. Kethylin Broilo (CRO SP 104586) e a Dra. Erika Machado (CRO SP 67412)<\/li>\n<\/ul>\n<p><b>Sobre a Merz Aesthetics<\/b><sup>(R)<\/sup> <\/p>\n<p>Merz Aesthetics<sup>(R)<\/sup> \u00e9 uma empresa de medicina est\u00e9tica com uma longa hist\u00f3ria de empoderamento de profissionais de sa\u00fade, pacientes e colaboradores para viverem cada dia com confian\u00e7a. Temos o objetivo de ajudar pessoas no mundo todo a viverem a melhor vers\u00e3o de si mesmas, por dentro e por fora &#8211; de acordo com seu significado pessoal. Clinicamente testado, seu portf\u00f3lio de produtos inclui injet\u00e1veis, dispositivos e tratamentos de cuidado com a pele desenvolvidos para atender \u00e0s necessidades de cada paciente com alto padr\u00e3o de seguran\u00e7a e efic\u00e1cia. Sendo um neg\u00f3cio de fam\u00edlia h\u00e1 mais de 115 anos, a Merz Aesthetics<sup>(R)<\/sup> \u00e9 reconhecida por criar la\u00e7os com seus clientes como se fossem parte da fam\u00edlia. A sede global da Merz Aesthetics<sup>(R)<\/sup>&#8216; fica em Raleigh, N.C., EUA, com presen\u00e7a comercial em 90 pa\u00edses no mundo todo. Tamb\u00e9m faz parte do Grupo Merz, fundado em 1908 e sediado em Frankfurt, Alemanha. Saiba mais em <u><a href=\"https:\/\/merzaesthetics.com\/\" target=\"_blank\" rel=\"nofollow\">merzaesthetics.com<\/a><\/u>.<\/p>\n<p><i>Consulte um profissional de sa\u00fade habilitado. <br \/><\/i>mais em merzaesthetics.com.<\/p>\n<p><i>Copyright (c)? 2026 Merz Farmac\u00eautica Comercial LTDA. Todos os direitos reservados. MERZ AESTHETICS e BELOTERO s\u00e3o marcas comerciais e\/ou marcas registradas da Merz Pharma GmbH &amp; Co. KGaA no Brasil e\/ou em certos outros pa\u00edses. RADIESSE \u00e9 uma marca comercial e\/ou marca registrada da Merz North America, Inc. no Brasil e\/ou em certos outros pa\u00edses. ULTHERA, ULTHERAPY e ULTHERAPY PRIME s\u00e3o marcas comerciais e\/ou marcas registradas da Ulthera, Inc. no Brasil e\/ou em certos outros pa\u00edses. CAMPBR-62 01\/2026<\/i><\/p>\n<p id=\"PURL\"><img loading=\"lazy\" decoding=\"async\" title=\"Cision\" width=\"12\" height=\"12\" alt=\"Cision\" src=\"https:\/\/edge.prnewswire.com\/c\/img\/favicon.png?sn=PT74711&amp;sd=2026-01-29\" \/> View original content:<a id=\"PRNURL\" rel=\"nofollow\" href=\"https:\/\/www.prnewswire.com\/br\/comunicados-para-a-imprensa\/merz-aesthetics-marca-presenca-no-ciosp-2026-com-estande-focado-em-inovacao-e-educacao-continuada-302674474.html\" target=\"_blank\">https:\/\/www.prnewswire.com\/br\/comunicados-para-a-imprensa\/merz-aesthetics-marca-presenca-no-ciosp-2026-com-estande-focado-em-inovacao-e-educacao-continuada-302674474.html<\/a><\/p>\n<p>FONTE Merz Aesthetics<\/p>\n<\/div>\n<p>  <img decoding=\"async\" alt=\"\" src=\"https:\/\/rt.prnewswire.com\/rt.gif?NewsItemId=PT74711&amp;Transmission_Id=202601291547PR_NEWS_LATAM____PT74711&amp;DateId=20260129\" style=\"border:0px;width:1px;height:1px\" \/><\/p>\n<p><strong>T\u00f3picos Relacionados:<\/strong> Educa\u00e7\u00e3o, Eventos Futuros, Sa\u00fade\/Hospitais<\/p>\n<p>A <b>OESP<\/b> n\u00e3o \u00e9(s\u00e3o) respons\u00e1vel(is) por erros, incorre\u00e7\u00f5es, atrasos ou quaisquer decis\u00f5es tomadas por seus clientes com base nos Conte\u00fados ora disponibilizados, bem como tais Conte\u00fados n\u00e3o representam a opini\u00e3o da <b>OESP<\/b> e s\u00e3o de inteira responsabilidade da <b>PR Newswire Ltda<\/b><\/p>\n","protected":false},"excerpt":{"rendered":"Empresa leva experi\u00eancias imersivas, protocolos exclusivos e uma programa\u00e7\u00e3o robusta de educa\u00e7\u00e3o continuada ao maior congresso de odontologia do mundo S\u00c3O PAULO, 29 de janeiro de 2026","protected":false},"author":1,"featured_media":123462,"comment_status":"open","ping_status":"closed","sticky":false,"template":"","format":"standard","meta":{"_acf_changed":false,"inline_featured_image":false,"_monsterinsights_skip_tracking":false,"_monsterinsights_sitenote_active":false,"_monsterinsights_sitenote_note":"","_monsterinsights_sitenote_category":0,"footnotes":""},"categories":[27],"tags":[6625,6626],"class_list":["post-123461","post","type-post","status-publish","format-standard","has-post-thumbnail","hentry","category-prnewswire","tag-empresa-leva-experiencias-imersivas","tag-protocolos-exclusivos-e-uma-programacao-robusta-de-educacao-continuada-ao-maior-congresso-de-odontologia-do-mundo"],"acf":[],"_links":{"self":[{"href":"https:\/\/bluestudio.estadao.com.br\/agencia-de-comunicacao\/wp-json\/wp\/v2\/posts\/123461","targetHints":{"allow":["GET"]}}],"collection":[{"href":"https:\/\/bluestudio.estadao.com.br\/agencia-de-comunicacao\/wp-json\/wp\/v2\/posts"}],"about":[{"href":"https:\/\/bluestudio.estadao.com.br\/agencia-de-comunicacao\/wp-json\/wp\/v2\/types\/post"}],"author":[{"embeddable":true,"href":"https:\/\/bluestudio.estadao.com.br\/agencia-de-comunicacao\/wp-json\/wp\/v2\/users\/1"}],"replies":[{"embeddable":true,"href":"https:\/\/bluestudio.estadao.com.br\/agencia-de-comunicacao\/wp-json\/wp\/v2\/comments?post=123461"}],"version-history":[{"count":0,"href":"https:\/\/bluestudio.estadao.com.br\/agencia-de-comunicacao\/wp-json\/wp\/v2\/posts\/123461\/revisions"}],"wp:featuredmedia":[{"embeddable":true,"href":"https:\/\/bluestudio.estadao.com.br\/agencia-de-comunicacao\/wp-json\/wp\/v2\/media\/123462"}],"wp:attachment":[{"href":"https:\/\/bluestudio.estadao.com.br\/agencia-de-comunicacao\/wp-json\/wp\/v2\/media?parent=123461"}],"wp:term":[{"taxonomy":"category","embeddable":true,"href":"https:\/\/bluestudio.estadao.com.br\/agencia-de-comunicacao\/wp-json\/wp\/v2\/categories?post=123461"},{"taxonomy":"post_tag","embeddable":true,"href":"https:\/\/bluestudio.estadao.com.br\/agencia-de-comunicacao\/wp-json\/wp\/v2\/tags?post=123461"}],"curies":[{"name":"wp","href":"https:\/\/api.w.org\/{rel}","templated":true}]}}