{"id":123357,"date":"2026-01-28T12:12:00","date_gmt":"2026-01-28T15:12:00","guid":{"rendered":"https:\/\/bluestudio.estadao.com.br\/agencia-de-comunicacao\/prnewswire\/conferencia-global-do-mercado-de-trabalho-conclui-terceira-edicao-com-90-acordos-beneficiando-mais-de-6-milhoes-de-pessoas\/"},"modified":"2026-01-28T12:12:00","modified_gmt":"2026-01-28T15:12:00","slug":"conferencia-global-do-mercado-de-trabalho-conclui-terceira-edicao-com-90-acordos-beneficiando-mais-de-6-milhoes-de-pessoas","status":"publish","type":"post","link":"https:\/\/bluestudio.estadao.com.br\/agencia-de-comunicacao\/prnewswire\/conferencia-global-do-mercado-de-trabalho-conclui-terceira-edicao-com-90-acordos-beneficiando-mais-de-6-milhoes-de-pessoas\/","title":{"rendered":"Confer\u00eancia Global do Mercado de Trabalho Conclui Terceira Edi\u00e7\u00e3o com 90 Acordos Beneficiando Mais de 6 Milh\u00f5es de Pessoas"},"content":{"rendered":"\n<div class=\"xn-content\">\n<span class=\"legendSpanClass\">RIADE, Ar\u00e1bia Saudita<\/span>, <span class=\"legendSpanClass\">28 de janeiro de 2026<\/span> \/PRNewswire\/ &#8212; A Confer\u00eancia Global do Mercado de Trabalho (GLMC, na sigla em ingl\u00eas) de 2026 foi conclu\u00edda hoje no Centro Internacional de Confer\u00eancias Rei Abdul Aziz, em Riade, sob o patroc\u00ednio do Guardi\u00e3o das Duas Mesquitas Sagradas, o Rei Salman bin Abdulaziz Al Saud. O evento contou com a participa\u00e7\u00e3o internacional de alto n\u00edvel, com mais de 10.000 participantes, incluindo 40 ministros do trabalho e mais de 200 palestrantes e especialistas internacionais que representam mais de 100 pa\u00edses.<\/p>\n<\/p>\n<div id=\"prni_dvprnejpge1c8left\" dir=\"ltr\" style=\"width: 100%;text-align: left\"><img decoding=\"async\" id=\"prnejpge1c8left\" title=\"Ministerial Roundtable, GLMC\" src=\"https:\/\/mma.prnewswire.com\/media\/2871578\/GLMC_Roundtable.jpg\" alt=\"Ministerial Roundtable, GLMC\" align=\"middle\" data-name=\"url$https%3A%2F%2Fmma.prnewswire.com%2Fmedia%2F2871578%2FGLMC_Roundtable.jpg;width$400;height$267\" \/><\/div>\n<\/p>\n<p>A terceira edi\u00e7\u00e3o do GLMC, realizada sob o tema &#8220;Future in Progress<i>&#8220;<\/i> e organizada pelo Minist\u00e9rio de Recursos Humanos e Desenvolvimento Social (HRSD), testemunhou a assinatura de 90 acordos estrat\u00e9gicos e memorandos de entendimento (MOUs) entre entidades governamentais e o setor privado. Essas iniciativas visam apoiar o mercado de trabalho e devem beneficiar mais de 6 milh\u00f5es de pessoas dentro e fora do Reino.<\/p>\n<p>Os acordos e memorandos de entendimento se concentraram em quatro \u00e1reas principais: desenvolvimento de habilidades e capacidades de lideran\u00e7a, avan\u00e7o da transforma\u00e7\u00e3o digital e ado\u00e7\u00e3o de IA, expans\u00e3o de oportunidades de emprego flex\u00edveis e freelancers e fortalecimento de parcerias espec\u00edficas do setor que alinhem o treinamento \u00e0s necessidades do mercado de trabalho e apoiem o crescimento econ\u00f4mico sustent\u00e1vel.<\/p>\n<p>Sua Excel\u00eancia o Dr. Abdullah bin Nasser Abuthnein, Vice-Ministro de Recursos Humanos e Desenvolvimento Social do Trabalho, fez as observa\u00e7\u00f5es finais do GLMC 2026, marcando o final de dois dias de discuss\u00f5es focadas em solu\u00e7\u00f5es pr\u00e1ticas para os desafios atuais e futuros do mercado de trabalho. Ele enfatizou que a GLMC foi projetada para ser uma plataforma cont\u00ednua de colabora\u00e7\u00e3o ao longo do ano, com parcerias e troca de conhecimento que v\u00e3o al\u00e9m dos dias da confer\u00eancia. As discuss\u00f5es fazem parte de um ciclo cont\u00ednuo de engajamento sustentado por meio de coopera\u00e7\u00e3o cont\u00ednua.<\/p>\n<p>Como parte de sua agenda de pesquisa e an\u00e1lise, a GLMC divulgou dois relat\u00f3rios em colabora\u00e7\u00e3o com o Banco Mundial: <i>&#8220;O que funciona para o trabalho: um guia para solu\u00e7\u00f5es de emprego comprovadas e promissoras&#8221;,<\/i> desenvolvido com o Minist\u00e9rio de Recursos Humanos e Desenvolvimento Social para apoiar os formuladores de pol\u00edticas na concep\u00e7\u00e3o de programas eficazes do mercado de trabalho em meio a r\u00e1pidas mudan\u00e7as econ\u00f4micas e tecnol\u00f3gicas, e <i>&#8220;Uma d\u00e9cada de progresso&#8221;,<\/i> que fornece uma revis\u00e3o abrangente da transforma\u00e7\u00e3o do mercado de trabalho da Ar\u00e1bia Saudita nos \u00faltimos dez anos, documentando as principais realiza\u00e7\u00f5es no \u00e2mbito da Vis\u00e3o 2030 e da Estrat\u00e9gia do Mercado de Trabalho, bem como as reformas estruturais que aumentaram a efici\u00eancia e a inclus\u00e3o.<\/p>\n<p>A confer\u00eancia come\u00e7ou com uma Mesa Redonda ministerial de alto n\u00edvel, presidida por Sua Excel\u00eancia Eng. Ahmed bin Sulaiman Al-Rajhi, ministro de Recursos Humanos e Desenvolvimento Social, com a presen\u00e7a de 40 ministros do trabalho e do diretor-geral da Organiza\u00e7\u00e3o Internacional do Trabalho (OIT). Os ministros concordaram em seis medidas decisivas para moldar o futuro do trabalho.<\/p>\n<p>O GLMC tamb\u00e9m celebrou a gradua\u00e7\u00e3o da primeira coorte da Academia do Mercado de Trabalho, composta por 36 graduados de 34 pa\u00edses, e lan\u00e7ou a segunda coorte com participantes de 31 pa\u00edses, incluindo 19 pa\u00edses que participaram pela primeira vez e 12 que retornaram da edi\u00e7\u00e3o de 2025.<\/p>\n<p>O sucesso da terceira edi\u00e7\u00e3o do GLMC destaca o papel crescente da Ar\u00e1bia Saudita na forma\u00e7\u00e3o do futuro do trabalho globalmente por meio de inova\u00e7\u00e3o, parcerias e capacita\u00e7\u00e3o da for\u00e7a de trabalho. A confer\u00eancia tamb\u00e9m marca o in\u00edcio de uma nova fase focada no desenvolvimento de pol\u00edticas e na prontid\u00e3o para futuras transforma\u00e7\u00f5es do mercado de trabalho.<\/p>\n<p>Foto: <a href=\"https:\/\/mma.prnewswire.com\/media\/2871578\/GLMC_Roundtable.jpg\" target=\"_blank\" rel=\"nofollow\">https:\/\/mma.prnewswire.com\/media\/2871578\/GLMC_Roundtable.jpg<\/a><\/p>\n<p id=\"PURL\"><img loading=\"lazy\" decoding=\"async\" title=\"Cision\" width=\"12\" height=\"12\" alt=\"Cision\" src=\"https:\/\/edge.prnewswire.com\/c\/img\/favicon.png?sn=PT73103&amp;sd=2026-01-28\" \/> View original content:<a id=\"PRNURL\" rel=\"nofollow\" href=\"https:\/\/www.prnewswire.com\/br\/comunicados-para-a-imprensa\/conferencia-global-do-mercado-de-trabalho-conclui-terceira-edicao-com-90-acordos-beneficiando-mais-de-6-milhoes-de-pessoas-302672792.html\" target=\"_blank\">https:\/\/www.prnewswire.com\/br\/comunicados-para-a-imprensa\/conferencia-global-do-mercado-de-trabalho-conclui-terceira-edicao-com-90-acordos-beneficiando-mais-de-6-milhoes-de-pessoas-302672792.html<\/a><\/p>\n<p>FONTE Global Labor Market Conference<\/p>\n<\/div>\n<p>  <img decoding=\"async\" alt=\"\" src=\"https:\/\/rt.prnewswire.com\/rt.gif?NewsItemId=PT73103&amp;Transmission_Id=202601281005PR_NEWS_LATAM____PT73103&amp;DateId=20260128\" style=\"border:0px;width:1px;height:1px\" \/><\/p>\n<p><strong>T\u00f3picos Relacionados:<\/strong> Not\u00edcias de Feiras Comerciais, Publicidade, Not\u00edcias de Sindicatos, Publica\u00e7\u00e3o \/ Servi\u00e7os de Informa\u00e7\u00e3o, Gest\u00e3o de For\u00e7a de Trabalho\/RH<\/p>\n<p>A <b>OESP<\/b> n\u00e3o \u00e9(s\u00e3o) respons\u00e1vel(is) por erros, incorre\u00e7\u00f5es, atrasos ou quaisquer decis\u00f5es tomadas por seus clientes com base nos Conte\u00fados ora disponibilizados, bem como tais Conte\u00fados n\u00e3o representam a opini\u00e3o da <b>OESP<\/b> e s\u00e3o de inteira responsabilidade da <b>PR Newswire Ltda<\/b><\/p>\n","protected":false},"excerpt":{"rendered":"RIADE, Ar\u00e1bia Saudita, 28 de janeiro de 2026 \/PRNewswire\/ &#8212; A Confer\u00eancia Global do Mercado de Trabalho (GLMC, na sigla em ingl\u00eas) de 2026 foi conclu\u00edda hoje no Centro Internacional de","protected":false},"author":1,"featured_media":123358,"comment_status":"open","ping_status":"closed","sticky":false,"template":"","format":"standard","meta":{"_acf_changed":false,"inline_featured_image":false,"_monsterinsights_skip_tracking":false,"_monsterinsights_sitenote_active":false,"_monsterinsights_sitenote_note":"","_monsterinsights_sitenote_category":0,"footnotes":""},"categories":[27],"tags":[6579,4769,6580,6581],"class_list":["post-123357","post","type-post","status-publish","format-standard","has-post-thumbnail","hentry","category-prnewswire","tag-a-conferencia-global-do-mercado-de-trabalho-glmc","tag-em-riade","tag-na-sigla-em-ingles-de-2026-foi-concluida-hoje-no-centro-internacional-de-conferencias-rei-abdul-aziz","tag-sob-o-patrocini"],"acf":[],"_links":{"self":[{"href":"https:\/\/bluestudio.estadao.com.br\/agencia-de-comunicacao\/wp-json\/wp\/v2\/posts\/123357","targetHints":{"allow":["GET"]}}],"collection":[{"href":"https:\/\/bluestudio.estadao.com.br\/agencia-de-comunicacao\/wp-json\/wp\/v2\/posts"}],"about":[{"href":"https:\/\/bluestudio.estadao.com.br\/agencia-de-comunicacao\/wp-json\/wp\/v2\/types\/post"}],"author":[{"embeddable":true,"href":"https:\/\/bluestudio.estadao.com.br\/agencia-de-comunicacao\/wp-json\/wp\/v2\/users\/1"}],"replies":[{"embeddable":true,"href":"https:\/\/bluestudio.estadao.com.br\/agencia-de-comunicacao\/wp-json\/wp\/v2\/comments?post=123357"}],"version-history":[{"count":0,"href":"https:\/\/bluestudio.estadao.com.br\/agencia-de-comunicacao\/wp-json\/wp\/v2\/posts\/123357\/revisions"}],"wp:featuredmedia":[{"embeddable":true,"href":"https:\/\/bluestudio.estadao.com.br\/agencia-de-comunicacao\/wp-json\/wp\/v2\/media\/123358"}],"wp:attachment":[{"href":"https:\/\/bluestudio.estadao.com.br\/agencia-de-comunicacao\/wp-json\/wp\/v2\/media?parent=123357"}],"wp:term":[{"taxonomy":"category","embeddable":true,"href":"https:\/\/bluestudio.estadao.com.br\/agencia-de-comunicacao\/wp-json\/wp\/v2\/categories?post=123357"},{"taxonomy":"post_tag","embeddable":true,"href":"https:\/\/bluestudio.estadao.com.br\/agencia-de-comunicacao\/wp-json\/wp\/v2\/tags?post=123357"}],"curies":[{"name":"wp","href":"https:\/\/api.w.org\/{rel}","templated":true}]}}