{"id":123302,"date":"2026-01-27T13:30:00","date_gmt":"2026-01-27T16:30:00","guid":{"rendered":"https:\/\/bluestudio.estadao.com.br\/agencia-de-comunicacao\/markable-comunicacao\/acido-hialuronico-na-regiao-intima-masculina-e-seguro-entenda-o-procedimento\/"},"modified":"2026-01-27T13:30:00","modified_gmt":"2026-01-27T16:30:00","slug":"acido-hialuronico-na-regiao-intima-masculina-e-seguro-entenda-o-procedimento","status":"publish","type":"post","link":"https:\/\/bluestudio.estadao.com.br\/agencia-de-comunicacao\/markable-comunicacao-homework\/acido-hialuronico-na-regiao-intima-masculina-e-seguro-entenda-o-procedimento\/","title":{"rendered":"\u00c1cido hialur\u00f4nico na regi\u00e3o \u00edntima masculina \u00e9 seguro? Entenda o procedimento"},"content":{"rendered":"<p>Assim como as mulheres, os homens tamb\u00e9m convivem com inseguran\u00e7as relacionadas ao pr\u00f3prio corpo, inclusive com a \u00e1rea \u00edntima, embora esse ainda seja um tema pouco verbalizado. Essa percep\u00e7\u00e3o \u00e9 confirmada por dados da Pesquisa Butterfly Young KYS 2023, conduzida pela Butterfly Foundation, que identificou que 34,2% dos jovens do sexo masculino relataram algum n\u00edvel de insatisfa\u00e7\u00e3o com a pr\u00f3pria imagem corporal. Os n\u00fameros indicam que a rela\u00e7\u00e3o dos homens com o corpo vai al\u00e9m de peso ou musculatura e se conecta diretamente \u00e0 autoestima, \u00e0 confian\u00e7a e \u00e0 forma como se percebem.<\/p>\n<p>Nesse contexto, cresce a procura por abordagens cl\u00ednicas que auxiliem a lidar com essas insatisfa\u00e7\u00f5es de maneira respons\u00e1vel. Entre elas, a aplica\u00e7\u00e3o de \u00e1cido hialur\u00f4nico na regi\u00e3o \u00edntima masculina vem se consolidando como uma alternativa que prioriza equil\u00edbrio est\u00e9tico, discri\u00e7\u00e3o e respeito \u00e0s caracter\u00edsticas individuais, sem recorrer a cirurgias. Segundo Dr. Lucas Stocco,urologista da <a href=\"https:\/\/homenz.com.br\/\" target=\"_blank\"><u>Homenz,<\/u><\/a> rede de cl\u00ednicas especializadas em sa\u00fade e est\u00e9tica masculina, \u201ca t\u00e9cnica atende homens que buscam mudan\u00e7as sutis, com seguran\u00e7a e acompanhamento m\u00e9dico\u201d, afirma.<\/p>\n<p>A seguir, o m\u00e9dico esclarece como funciona, para quem \u00e9 indicado e quais cuidados s\u00e3o importantes, confira:<\/p>\n<p><b>Como a t\u00e9cnica funciona?<\/b><\/p>\n<p>A aplica\u00e7\u00e3o de \u00e1cido hialur\u00f4nico \u00e9 indicada para pacientes que desejam aprimorar o contorno da regi\u00e3o \u00edntima masculina, corrigir assimetrias leves ou melhorar a percep\u00e7\u00e3o est\u00e9tica da \u00e1rea, sempre com foco em resultados harmoniosos e alinhados \u00e0 anatomia individual. \u201cA interven\u00e7\u00e3o n\u00e3o possui finalidade funcional nem est\u00e1 associada a desempenho, sendo voltada exclusivamente ao bem-estar e \u00e0 autoestima\u201d, explica o urologista da rede.<\/p>\n<p>Realizada em consult\u00f3rio, com anestesia local, a aplica\u00e7\u00e3o tem dura\u00e7\u00e3o m\u00e9dia de 30 a 40 minutos e permite retorno quase imediato \u00e0s atividades leves. \u201cNos dias seguintes, recomenda-se evitar rela\u00e7\u00f5es sexuais, reduzir esfor\u00e7os f\u00edsicos e respeitar o tempo de recupera\u00e7\u00e3o do organismo, pode haver leve edema ou sensibilidade, efeitos esperados e tempor\u00e1rios. Essas rea\u00e7\u00f5es fazem parte do processo e costumam desaparecer em pouco tempo, desde que as orienta\u00e7\u00f5es m\u00e9dicas sejam seguidas corretamente\u201d, refor\u00e7a o especialista. \u201cO p\u00f3s-aplica\u00e7\u00e3o costuma ser tranquilo quando as recomenda\u00e7\u00f5es s\u00e3o respeitadas. Muitos pacientes relatam melhora na autoconfian\u00e7a ao perceberem um resultado discreto e seguro\u201d, completa.<\/p>\n<p><b>Avalia\u00e7\u00e3o individual \u00e9 parte do processo<\/b><\/p>\n<p>Como em qualquer interven\u00e7\u00e3o est\u00e9tica, a indica\u00e7\u00e3o do \u00e1cido hialur\u00f4nico deve ser individualizada. Aspectos como anatomia, expectativas realistas, hist\u00f3rico de sa\u00fade e estilo de vida precisam ser considerados antes da aplica\u00e7\u00e3o. \u201cEm alguns casos, o planejamento envolve ajustes graduais, garantindo resultados mais equilibrados e previs\u00edveis. O acompanhamento profissional desde a primeira consulta \u00e9 essencial para alinhar expectativas e conduzir o cuidado com seguran\u00e7a\u201d, recomenda.<\/p>\n<p>Al\u00e9m da t\u00e9cnica, a experi\u00eancia do paciente \u00e9 parte central do cuidado. \u201cProcure sempre espa\u00e7os em que essas quest\u00f5es podem ser tratadas com naturalidade, respeito e orienta\u00e7\u00e3o clara. Evoluir \u00e9 olhar para si, e esse caminho precisa ser conduzido com seriedade e prop\u00f3sito\u201d, conclui o m\u00e9dico.<\/p>\n<p>A <b>OESP<\/b> n\u00e3o \u00e9(s\u00e3o) respons\u00e1vel(is) por erros, incorre\u00e7\u00f5es, atrasos ou quaisquer decis\u00f5es tomadas por seus clientes com base nos Conte\u00fados ora disponibilizados, bem como tais Conte\u00fados n\u00e3o representam a opini\u00e3o da <b>OESP<\/b> e s\u00e3o de inteira responsabilidade da <b>Markable Comunica\u00e7\u00e3o<\/b><\/p>\n","protected":false},"excerpt":{"rendered":"Assim como as mulheres, os homens tamb\u00e9m convivem com inseguran\u00e7as relacionadas ao pr\u00f3prio corpo, inclusive com a \u00e1rea \u00edntima, embora esse ainda seja um tema pouco verbalizado. Essa percep\u00e7\u00e3o","protected":false},"author":1,"featured_media":123303,"comment_status":"open","ping_status":"closed","sticky":false,"template":"","format":"standard","meta":{"_acf_changed":false,"inline_featured_image":false,"_monsterinsights_skip_tracking":false,"_monsterinsights_sitenote_active":false,"_monsterinsights_sitenote_note":"","_monsterinsights_sitenote_category":0,"footnotes":""},"categories":[552],"tags":[],"class_list":["post-123302","post","type-post","status-publish","format-standard","has-post-thumbnail","hentry","category-markable-comunicacao-homework"],"acf":[],"_links":{"self":[{"href":"https:\/\/bluestudio.estadao.com.br\/agencia-de-comunicacao\/wp-json\/wp\/v2\/posts\/123302","targetHints":{"allow":["GET"]}}],"collection":[{"href":"https:\/\/bluestudio.estadao.com.br\/agencia-de-comunicacao\/wp-json\/wp\/v2\/posts"}],"about":[{"href":"https:\/\/bluestudio.estadao.com.br\/agencia-de-comunicacao\/wp-json\/wp\/v2\/types\/post"}],"author":[{"embeddable":true,"href":"https:\/\/bluestudio.estadao.com.br\/agencia-de-comunicacao\/wp-json\/wp\/v2\/users\/1"}],"replies":[{"embeddable":true,"href":"https:\/\/bluestudio.estadao.com.br\/agencia-de-comunicacao\/wp-json\/wp\/v2\/comments?post=123302"}],"version-history":[{"count":0,"href":"https:\/\/bluestudio.estadao.com.br\/agencia-de-comunicacao\/wp-json\/wp\/v2\/posts\/123302\/revisions"}],"wp:featuredmedia":[{"embeddable":true,"href":"https:\/\/bluestudio.estadao.com.br\/agencia-de-comunicacao\/wp-json\/wp\/v2\/media\/123303"}],"wp:attachment":[{"href":"https:\/\/bluestudio.estadao.com.br\/agencia-de-comunicacao\/wp-json\/wp\/v2\/media?parent=123302"}],"wp:term":[{"taxonomy":"category","embeddable":true,"href":"https:\/\/bluestudio.estadao.com.br\/agencia-de-comunicacao\/wp-json\/wp\/v2\/categories?post=123302"},{"taxonomy":"post_tag","embeddable":true,"href":"https:\/\/bluestudio.estadao.com.br\/agencia-de-comunicacao\/wp-json\/wp\/v2\/tags?post=123302"}],"curies":[{"name":"wp","href":"https:\/\/api.w.org\/{rel}","templated":true}]}}