{"id":123290,"date":"2026-01-27T11:27:00","date_gmt":"2026-01-27T14:27:00","guid":{"rendered":"https:\/\/bluestudio.estadao.com.br\/agencia-de-comunicacao\/prnewswire\/volkswagen-caminhoes-e-onibus-cresce-na-argentina-em-2025\/"},"modified":"2026-01-27T11:27:00","modified_gmt":"2026-01-27T14:27:00","slug":"volkswagen-caminhoes-e-onibus-cresce-na-argentina-em-2025","status":"publish","type":"post","link":"https:\/\/bluestudio.estadao.com.br\/agencia-de-comunicacao\/prnewswire\/volkswagen-caminhoes-e-onibus-cresce-na-argentina-em-2025\/","title":{"rendered":"Volkswagen Caminh\u00f5es e \u00d4nibus cresce na Argentina em 2025"},"content":{"rendered":"\n<div class=\"xn-content\">\n<ul type=\"disc\">\n<li><i>O mercado \u00e9 atendido por f\u00e1brica local em C\u00f3rdoba e tamb\u00e9m com ve\u00edculos embarcados do Brasil<\/i><\/li>\n<li><i>A marca est\u00e1 no mercado argentino desde 1998 e tem cerca de 30 pontos de vendas e servi\u00e7os<\/i><\/li>\n<\/ul>\n<p><span class=\"legendSpanClass\">S\u00c3O PAULO<\/span>, <span class=\"legendSpanClass\">27 de janeiro de 2026<\/span> \/PRNewswire\/ &#8212; A Argentina liderou as vendas fora do Brasil da Volkswagen Caminh\u00f5es e \u00d4nibus, totalizando 2.182 unidades e alcan\u00e7ando um crescimento de 12% em 2025 em rela\u00e7\u00e3o ao ano anterior. Esse desempenho reflete a forte aceita\u00e7\u00e3o tanto dos modelos hoje produzidos na f\u00e1brica de C\u00f3rdoba quanto das unidades enviadas de Resende (RJ). O Constellation 17.280 e os Delivery 11.180 e 9.170 lideraram as vendas da marca no pa\u00eds, enquanto no segmento de \u00f4nibus o destaque foi o Volksbus 15.190 OD.<\/p>\n<div class=\"PRN_ImbeddedAssetReference\" id=\"DivAssetPlaceHolder7824\">\n<a href=\"https:\/\/mma.prnewswire.com\/media\/2870561\/1.html\" target=\"_blank\" rel=\"nofollow\"><img decoding=\"async\" src=\"https:\/\/mma.prnewswire.com\/media\/2870561\/1.jpg\" title=\"\" alt=\"\" \/><\/a><\/p>\n<\/div>\n<p>&#8220;A produ\u00e7\u00e3o de caminh\u00f5es e \u00f4nibus em C\u00f3rdoba, iniciada em 2024, teve impacto direto nos nossos neg\u00f3cios no mercado argentino, com cerca de 2 mil ve\u00edculos comercializados no ano passado. Um avan\u00e7o significativo em rela\u00e7\u00e3o \u00e0s quase 600 unidades de 2023&#8221;, afirma Ricardo Alouche, vice-presidente de Vendas, Marketing e P\u00f3s-Vendas da VWCO.<\/p>\n<p>A montadora atua na Argentina h\u00e1 mais de 25 anos e conta com a segunda maior rede de concession\u00e1rios fora do Brasil: s\u00e3o 13 concession\u00e1rias e 16 pontos de venda que atendem todo o territ\u00f3rio argentino. A linha de montagem no pa\u00eds ocupa uma \u00e1rea de 15 mil metros quadrados, dedicada \u00e0 produ\u00e7\u00e3o de caminh\u00f5es e do chassi de \u00f4nibus.<\/p>\n<p>Al\u00e9m da Argentina, os principais destinos de vendas da Volkswagen Caminh\u00f5es e \u00d4nibus no exterior em 2025 foram o M\u00e9xico, com 1.868 unidades, seguido pelo Chile, com 1.251 ve\u00edculos, e pelo Peru, com 503 unidades.<\/p>\n<p><a href=\"https:\/\/vwtbpress.com\/\" target=\"_blank\" rel=\"nofollow\">Volkswagen Caminh\u00f5es e \u00d4nibus &#8211; Sala de Imprensa<\/a><\/p>\n<p class=\"prntac\"><b>Um membro do GRUPO TRATON<\/b><\/p>\n<p><b>Sobre a VW Caminh\u00f5es e \u00d4nibus<\/b><\/p>\n<p>Membro do Grupo TRATON, a VW Caminh\u00f5es e \u00d4nibus \u00e9 a fabricante dos ve\u00edculos comerciais Volkswagen, uma das maiores montadoras de caminh\u00f5es e \u00f4nibus da Am\u00e9rica Latina. Desde 1981, quando iniciou suas opera\u00e7\u00f5es, chegar ao topo do mercado, respeitando e satisfazendo as necessidades dos clientes, sempre foi o foco da montadora. E \u00e9 exatamente isso que oferece a seus clientes: produtos sob medida e um excelente servi\u00e7o de p\u00f3s-vendas. A empresa tamb\u00e9m \u00e9 refer\u00eancia em inova\u00e7\u00f5es tecnol\u00f3gicas, sendo pioneira no desenvolvimento e produ\u00e7\u00e3o de um caminh\u00e3o 100% el\u00e9trico na Am\u00e9rica Latina. A empresa busca sempre solu\u00e7\u00f5es que reduzam o impacto ambiental e ajudem a preservar o meio ambiente. H\u00e1 mais de 40 anos, a fabricante mant\u00e9m seu compromisso de desenvolver ve\u00edculos que superem as exig\u00eancias dos clientes &#8211; onde quer que eles rodem, seja pelas estradas brasileiras, latino-americanas, africanas ou asi\u00e1ticas.<\/p>\n<p><b>Sobre o GRUPO TRATON<\/b><\/p>\n<p>Com suas marcas Volkswagen Caminh\u00f5es e \u00d4nibus, Scania, MAN e Navistar, a TRATON SE \u00e9 controladora do GRUPO TRATON e um dos principais fabricantes de ve\u00edculos comerciais do mundo. Seu portf\u00f3lio de produtos inclui caminh\u00f5es, \u00f4nibus e ve\u00edculos comerciais leves. &#8220;Transformando o Transporte Juntos. Para um mundo sustent\u00e1vel&#8221;: esta inten\u00e7\u00e3o refor\u00e7a a ambi\u00e7\u00e3o da empresa de ter um impacto duradouro e sustent\u00e1vel no neg\u00f3cio de ve\u00edculos comerciais e no crescimento comercial do Grupo.<\/p>\n<p>Relat\u00f3rio de Sustentabilidade<\/p>\n<p>Em 2024, a Volkswagen Caminh\u00f5es e \u00d4nibus celebrou um ano de conquistas not\u00e1veis, refletidas em seu Relat\u00f3rio de Sustentabilidade. Os principais destaques t\u00eam rela\u00e7\u00e3o com a atua\u00e7\u00e3o integrada da montadora em prol da mobilidade mais limpa, eficiente e humana, abrangendo toda a esfera de opera\u00e7\u00e3o da marca. O relat\u00f3rio est\u00e1 dispon\u00edvel para download em <a href=\"http:\/\/www.vwco.com.br\/institucional\/1220\" target=\"_blank\" rel=\"nofollow\">www.vwco.com.br\/institucional\/1220<\/a>.<\/p>\n<p><b>Volkswagen Caminh\u00f5es e \u00d4nibus<\/b><br \/><b>Comunica\u00e7\u00e3o <\/b><br \/>(11) 5582-5335 \/ (24) 3381-1063<br \/><a href=\"mailto:comunicacao@volkswagen.com.br\" target=\"_blank\" rel=\"nofollow\">comunicacao@volkswagen.com.br<\/a><\/p>\n<p>Foto &#8211; <a href=\"https:\/\/mma.prnewswire.com\/media\/2870561\/1.jpg\" target=\"_blank\" rel=\"nofollow\">https:\/\/mma.prnewswire.com\/media\/2870561\/1.jpg<\/a><\/p>\n<\/p>\n<div class=\"PRN_ImbeddedAssetReference\" id=\"DivAssetPlaceHolder0\"><\/div>\n<p id=\"PURL\"><img loading=\"lazy\" decoding=\"async\" title=\"Cision\" width=\"12\" height=\"12\" alt=\"Cision\" src=\"https:\/\/edge.prnewswire.com\/c\/img\/favicon.png?sn=PT71927&amp;sd=2026-01-27\" \/> View original content to download multimedia:<a id=\"PRNURL\" rel=\"nofollow\" href=\"https:\/\/www.prnewswire.com\/br\/comunicados-para-a-imprensa\/volkswagen-caminhoes-e-onibus-cresce-na-argentina-em-2025-302671306.html\" target=\"_blank\">https:\/\/www.prnewswire.com\/br\/comunicados-para-a-imprensa\/volkswagen-caminhoes-e-onibus-cresce-na-argentina-em-2025-302671306.html<\/a><\/p>\n<p>FONTE Volkswagen Caminh\u00f5es e \u00d4nibus<\/p>\n<\/div>\n<p>  <img decoding=\"async\" alt=\"\" src=\"https:\/\/rt.prnewswire.com\/rt.gif?NewsItemId=PT71927&amp;Transmission_Id=202601270910PR_NEWS_LATAM____PT71927&amp;DateId=20260127\" style=\"border:0px;width:1px;height:1px\" \/><\/p>\n<p><strong>T\u00f3picos Relacionados:<\/strong> Transporte \/ Caminh\u00f5es \/ Ferrovias, Automotivo, Relat\u00f3rios de Vendas<\/p>\n<p>A <b>OESP<\/b> n\u00e3o \u00e9(s\u00e3o) respons\u00e1vel(is) por erros, incorre\u00e7\u00f5es, atrasos ou quaisquer decis\u00f5es tomadas por seus clientes com base nos Conte\u00fados ora disponibilizados, bem como tais Conte\u00fados n\u00e3o representam a opini\u00e3o da <b>OESP<\/b> e s\u00e3o de inteira responsabilidade da <b>PR Newswire Ltda<\/b><\/p>\n","protected":false},"excerpt":{"rendered":"O mercado \u00e9 atendido por f\u00e1brica local em C\u00f3rdoba e tamb\u00e9m com ve\u00edculos embarcados do Brasil A marca est\u00e1 no mercado argentino desde 1998 e tem cerca de 30 pontos de vendas e servi\u00e7os S\u00c3O","protected":false},"author":1,"featured_media":123291,"comment_status":"open","ping_status":"closed","sticky":false,"template":"","format":"standard","meta":{"_acf_changed":false,"inline_featured_image":false,"_monsterinsights_skip_tracking":false,"_monsterinsights_sitenote_active":false,"_monsterinsights_sitenote_note":"","_monsterinsights_sitenote_category":0,"footnotes":""},"categories":[27],"tags":[5639],"class_list":["post-123290","post","type-post","status-publish","format-standard","has-post-thumbnail","hentry","category-prnewswire","tag-um-membro-do-grupo-traton"],"acf":[],"_links":{"self":[{"href":"https:\/\/bluestudio.estadao.com.br\/agencia-de-comunicacao\/wp-json\/wp\/v2\/posts\/123290","targetHints":{"allow":["GET"]}}],"collection":[{"href":"https:\/\/bluestudio.estadao.com.br\/agencia-de-comunicacao\/wp-json\/wp\/v2\/posts"}],"about":[{"href":"https:\/\/bluestudio.estadao.com.br\/agencia-de-comunicacao\/wp-json\/wp\/v2\/types\/post"}],"author":[{"embeddable":true,"href":"https:\/\/bluestudio.estadao.com.br\/agencia-de-comunicacao\/wp-json\/wp\/v2\/users\/1"}],"replies":[{"embeddable":true,"href":"https:\/\/bluestudio.estadao.com.br\/agencia-de-comunicacao\/wp-json\/wp\/v2\/comments?post=123290"}],"version-history":[{"count":0,"href":"https:\/\/bluestudio.estadao.com.br\/agencia-de-comunicacao\/wp-json\/wp\/v2\/posts\/123290\/revisions"}],"wp:featuredmedia":[{"embeddable":true,"href":"https:\/\/bluestudio.estadao.com.br\/agencia-de-comunicacao\/wp-json\/wp\/v2\/media\/123291"}],"wp:attachment":[{"href":"https:\/\/bluestudio.estadao.com.br\/agencia-de-comunicacao\/wp-json\/wp\/v2\/media?parent=123290"}],"wp:term":[{"taxonomy":"category","embeddable":true,"href":"https:\/\/bluestudio.estadao.com.br\/agencia-de-comunicacao\/wp-json\/wp\/v2\/categories?post=123290"},{"taxonomy":"post_tag","embeddable":true,"href":"https:\/\/bluestudio.estadao.com.br\/agencia-de-comunicacao\/wp-json\/wp\/v2\/tags?post=123290"}],"curies":[{"name":"wp","href":"https:\/\/api.w.org\/{rel}","templated":true}]}}