{"id":123170,"date":"2026-01-23T09:12:00","date_gmt":"2026-01-23T12:12:00","guid":{"rendered":"https:\/\/bluestudio.estadao.com.br\/agencia-de-comunicacao\/prnewswire\/essity-e-reconhecida-pelo-cdp-por-lideranca-em-sustentabilidade\/"},"modified":"2026-01-23T09:12:00","modified_gmt":"2026-01-23T12:12:00","slug":"essity-e-reconhecida-pelo-cdp-por-lideranca-em-sustentabilidade","status":"publish","type":"post","link":"https:\/\/bluestudio.estadao.com.br\/agencia-de-comunicacao\/prnewswire\/essity-e-reconhecida-pelo-cdp-por-lideranca-em-sustentabilidade\/","title":{"rendered":"Essity \u00e9 reconhecida pelo CDP por lideran\u00e7a em sustentabilidade"},"content":{"rendered":"\n<div class=\"xn-content\">\n<p class=\"prntac\"><i>Empresa integra seleto grupo de 4% das companhias globais com melhor desempenho ambiental, segundo o CDP.<\/i><\/p>\n<p><span class=\"legendSpanClass\">S\u00c3O PAULO<\/span>, <span class=\"legendSpanClass\">23 de janeiro de 2026<\/span> \/PRNewswire\/ &#8212; A Essity, l\u00edder global de higiene e sa\u00fade, foi inclu\u00edda na &#8220;A List&#8221; do CDP (Carbon Disclosure Project) em Florestas, em reconhecimento \u00e0 sua lideran\u00e7a em transpar\u00eancia corporativa e desempenho ambiental. A companhia tamb\u00e9m recebeu nota A- em Clima, refor\u00e7ando seu compromisso com a sustentabilidade.<\/p>\n<div class=\"PRN_ImbeddedAssetReference\" id=\"DivAssetPlaceHolder1\">\n<a href=\"https:\/\/mma.prnewswire.com\/media\/2867654\/Essity_FOTO_CDP_2025.html\" target=\"_blank\" rel=\"nofollow\">  <img decoding=\"async\" src=\"https:\/\/mma.prnewswire.com\/media\/2867654\/Essity_FOTO_CDP_2025.jpg\" title=\"Avaliada pelo CDP, Essity figura entre as 4% de melhor performance ambiental em n\u00edvel global. DIVULGA\u00c7\u00c3O ESSITY\" alt=\"Avaliada pelo CDP, Essity figura entre as 4% de melhor performance ambiental em n\u00edvel global. DIVULGA\u00c7\u00c3O ESSITY\" \/><\/a>\n <\/p>\n<\/p><\/div>\n<p>Mais de 22 mil empresas de 130 pa\u00edses, representando cerca de dois ter\u00e7os da capitaliza\u00e7\u00e3o de mercado global, participaram do question\u00e1rio do CDP 2025, que avalia crit\u00e9rios como metas, governan\u00e7a, iniciativas de redu\u00e7\u00e3o de impactos e engajamento da cadeia de valor. As empresas s\u00e3o classificadas de A a D, e a Essity est\u00e1 entre o seleto grupo de apenas 4% das companhias que alcan\u00e7aram a Lista A corporativa de 2025.<\/p>\n<p>&#8220;Esse reconhecimento do CDP reflete a dedica\u00e7\u00e3o da Essity a pr\u00e1ticas sustent\u00e1veis em toda a nossa cadeia de valor. Nossa ambi\u00e7\u00e3o de atingir emiss\u00f5es l\u00edquidas zero at\u00e9 2050 e nosso engajamento na iniciativa Science Based Targets desde 2017 continuam sendo centrais em nossa estrat\u00e9gia. Melhorar a vida de mais de um bilh\u00e3o de pessoas que utilizam nossos produtos diariamente caminha lado a lado com a redu\u00e7\u00e3o da nossa pegada ambiental&#8221;, afirma Sahil Tesfu, Diretora Executiva de Estrat\u00e9gia e Sustentabilidade da Essity.<\/p>\n<p>As florestas desempenham um papel fundamental na preserva\u00e7\u00e3o da biodiversidade e na mitiga\u00e7\u00e3o das mudan\u00e7as clim\u00e1ticas. Como compradora global de fibras de madeira virgens e recicladas, a Essity tem o compromisso de garantir que 100% da fibra de madeira utilizada seja certificada, com origem rastreada por sistemas independentes de Cadeia de Cust\u00f3dia, como FSC e PEFC.<\/p>\n<p>A Essity busca alcan\u00e7ar emiss\u00f5es l\u00edquidas zero at\u00e9 2050, com a meta intermedi\u00e1ria de reduzir em 35% as emiss\u00f5es em toda a sua cadeia de valor at\u00e9 2030, incluindo opera\u00e7\u00f5es pr\u00f3prias, bens e servi\u00e7os adquiridos, transporte, produtos e res\u00edduos de produ\u00e7\u00e3o. Embora 2050 seja o objetivo de longo prazo, o foco no curto prazo est\u00e1 em obter redu\u00e7\u00f5es mensur\u00e1veis at\u00e9 2030, especialmente nas \u00e1reas sob controle direto da empresa. A Essity prioriza os temas de maior impacto e colabora com parceiros para impulsionar avan\u00e7os em toda a cadeia de valor.<\/p>\n<p>O CDP administra o maior banco de dados ambiental do mundo, e seu processo anual de avalia\u00e7\u00e3o \u00e9 amplamente reconhecido como o principal benchmark global de transpar\u00eancia e desempenho ambiental corporativo.<\/p>\n<p><b>Sobre a Essity <br \/><\/b>A Essity \u00e9 uma empresa l\u00edder global em higiene e sa\u00fade. Todos os dias, nossos produtos, servi\u00e7os e solu\u00e7\u00f5es s\u00e3o usados por um bilh\u00e3o de pessoas em todo o mundo. Nosso objetivo \u00e9 quebrar barreiras pelo bem-estar dos consumidores, pacientes, cuidadores, clientes e da sociedade. Estamos presentes em aproximadamente 150 pa\u00edses com as marcas l\u00edderes globais TENA e Tork, e outras marcas fortes, como Actimove, Cutimed, JOBST, Knix, Leukoplast, Libero, Libresse, Lotus, Modibodi, Nosotras, Saba, Tempo, TOM Organic e Zewa. Em 2024, a Essity teve vendas de aproximadamente 146 bilh\u00f5es de coroas suecas (13 bilh\u00f5es de euros) e empregou 36.000 pessoas. A sede da empresa est\u00e1 localizada em Estocolmo, na Su\u00e9cia, e a Essity est\u00e1 listada na Nasdaq Stockholm. Para mais informa\u00e7\u00f5es, acesse o <a href=\"https:\/\/www.essity.com\/\" target=\"_blank\" rel=\"nofollow\">site<\/a>.<\/p>\n<p>Foto &#8211; <a href=\"https:\/\/mma.prnewswire.com\/media\/2867654\/Essity_FOTO_CDP_2025.jpg\" target=\"_blank\" rel=\"nofollow\">https:\/\/mma.prnewswire.com\/media\/2867654\/Essity_FOTO_CDP_2025.jpg<\/a> <\/p>\n<p id=\"PURL\"><img loading=\"lazy\" decoding=\"async\" title=\"Cision\" width=\"12\" height=\"12\" alt=\"Cision\" src=\"https:\/\/edge.prnewswire.com\/c\/img\/favicon.png?sn=PT69317&amp;sd=2026-01-23\" \/> View original content to download multimedia:<a id=\"PRNURL\" rel=\"nofollow\" href=\"https:\/\/www.prnewswire.com\/br\/comunicados-para-a-imprensa\/essity-e-reconhecida-pelo-cdp-por-lideranca-em-sustentabilidade-302668429.html\" target=\"_blank\">https:\/\/www.prnewswire.com\/br\/comunicados-para-a-imprensa\/essity-e-reconhecida-pelo-cdp-por-lideranca-em-sustentabilidade-302668429.html<\/a><\/p>\n<p>FONTE Essity<\/p>\n<\/div>\n<p>  <img decoding=\"async\" alt=\"\" src=\"https:\/\/rt.prnewswire.com\/rt.gif?NewsItemId=PT69317&amp;Transmission_Id=202601230700PR_NEWS_LATAM____PT69317&amp;DateId=20260123\" style=\"border:0px;width:1px;height:1px\" \/><\/p>\n<p><strong>T\u00f3picos Relacionados:<\/strong> Dom\u00e9stico\/Consumidor\/Cosm\u00e9ticos, Ambiental, Social e Governan\u00e7a<\/p>\n<p>A <b>OESP<\/b> n\u00e3o \u00e9(s\u00e3o) respons\u00e1vel(is) por erros, incorre\u00e7\u00f5es, atrasos ou quaisquer decis\u00f5es tomadas por seus clientes com base nos Conte\u00fados ora disponibilizados, bem como tais Conte\u00fados n\u00e3o representam a opini\u00e3o da <b>OESP<\/b> e s\u00e3o de inteira responsabilidade da <b>PR Newswire Ltda<\/b><\/p>\n","protected":false},"excerpt":{"rendered":"Empresa integra seleto grupo de 4% das companhias globais com melhor desempenho ambiental, segundo o CDP. S\u00c3O PAULO, 23 de janeiro de 2026 \/PRNewswire\/ &#8212; A Essity, l\u00edder global de higiene e","protected":false},"author":1,"featured_media":123171,"comment_status":"open","ping_status":"closed","sticky":false,"template":"","format":"standard","meta":{"_acf_changed":false,"inline_featured_image":false,"_monsterinsights_skip_tracking":false,"_monsterinsights_sitenote_active":false,"_monsterinsights_sitenote_note":"","_monsterinsights_sitenote_category":0,"footnotes":""},"categories":[27],"tags":[6489,6490],"class_list":["post-123170","post","type-post","status-publish","format-standard","has-post-thumbnail","hentry","category-prnewswire","tag-empresa-integra-seleto-grupo-de-4-das-companhias-globais-com-melhor-desempenho-ambiental","tag-segundo-o-cdp"],"acf":[],"_links":{"self":[{"href":"https:\/\/bluestudio.estadao.com.br\/agencia-de-comunicacao\/wp-json\/wp\/v2\/posts\/123170","targetHints":{"allow":["GET"]}}],"collection":[{"href":"https:\/\/bluestudio.estadao.com.br\/agencia-de-comunicacao\/wp-json\/wp\/v2\/posts"}],"about":[{"href":"https:\/\/bluestudio.estadao.com.br\/agencia-de-comunicacao\/wp-json\/wp\/v2\/types\/post"}],"author":[{"embeddable":true,"href":"https:\/\/bluestudio.estadao.com.br\/agencia-de-comunicacao\/wp-json\/wp\/v2\/users\/1"}],"replies":[{"embeddable":true,"href":"https:\/\/bluestudio.estadao.com.br\/agencia-de-comunicacao\/wp-json\/wp\/v2\/comments?post=123170"}],"version-history":[{"count":0,"href":"https:\/\/bluestudio.estadao.com.br\/agencia-de-comunicacao\/wp-json\/wp\/v2\/posts\/123170\/revisions"}],"wp:featuredmedia":[{"embeddable":true,"href":"https:\/\/bluestudio.estadao.com.br\/agencia-de-comunicacao\/wp-json\/wp\/v2\/media\/123171"}],"wp:attachment":[{"href":"https:\/\/bluestudio.estadao.com.br\/agencia-de-comunicacao\/wp-json\/wp\/v2\/media?parent=123170"}],"wp:term":[{"taxonomy":"category","embeddable":true,"href":"https:\/\/bluestudio.estadao.com.br\/agencia-de-comunicacao\/wp-json\/wp\/v2\/categories?post=123170"},{"taxonomy":"post_tag","embeddable":true,"href":"https:\/\/bluestudio.estadao.com.br\/agencia-de-comunicacao\/wp-json\/wp\/v2\/tags?post=123170"}],"curies":[{"name":"wp","href":"https:\/\/api.w.org\/{rel}","templated":true}]}}