{"id":122894,"date":"2026-01-16T15:37:05","date_gmt":"2026-01-16T18:37:05","guid":{"rendered":"https:\/\/bluestudio.estadao.com.br\/agencia-de-comunicacao\/?p=122894"},"modified":"2026-01-16T15:47:11","modified_gmt":"2026-01-16T18:47:11","slug":"acordo-mercosul-ue-fortalece-exportacoes-minerais-brasileiros","status":"publish","type":"post","link":"https:\/\/bluestudio.estadao.com.br\/agencia-de-comunicacao\/agencia-minera-brasil\/acordo-mercosul-ue-fortalece-exportacoes-minerais-brasileiros\/","title":{"rendered":"Acordo com a UE fortalece exporta\u00e7\u00f5es brasileiras, que j\u00e1 respondem por 13% do grafite e 12% da bauxita do bloco, diz IBRAM"},"content":{"rendered":"\n<p><em>Entidade avalia que o acordo entre blocos amplia acesso ao mercado europeu, atrai investimentos e preserva instrumentos de pol\u00edtica industrial, apesar de novos desafios regulat\u00f3rios e ambientais<\/em><\/p>\n\n\n\n<p><strong>Por Ricardo Lima<\/strong><\/p>\n\n\n\n<p>O acordo comercial firmado entre o Mercosul e a Uni\u00e3o Europeia (UE) \u00e9 considerado &#8220;positivo&#8221; pelo <strong>Instituto Brasileiro de Minera\u00e7\u00e3o (IBRAM)<\/strong>, que aponta ganhos relevantes para a minera\u00e7\u00e3o brasileira e para a economia nacional em um cen\u00e1rio de crescente demanda global por minerais estrat\u00e9gicos.<\/p>\n\n\n\n<p>Segundo a entidade, o pacto amplia o acesso ao mercado europeu, cria condi\u00e7\u00f5es para a atra\u00e7\u00e3o de investimentos e preserva instrumentos essenciais de pol\u00edtica industrial, em um contexto de crescente demanda global por minerais estrat\u00e9gicos.<\/p>\n\n\n\n<p>Para o <strong>IBRAM<\/strong>, embora o acordo estabele\u00e7a novos requisitos regulat\u00f3rios e ambientais, esses desafios est\u00e3o em sintonia com o movimento global do setor. \u201c<em>Esses desafios, no entanto, est\u00e3o alinhados \u00e0s tend\u00eancias internacionais de sustentabilidade e rastreabilidade e podem fortalecer a posi\u00e7\u00e3o competitiva do Brasil como fornecedor confi\u00e1vel de minerais cr\u00edticos para a transi\u00e7\u00e3o energ\u00e9tica e a economia de baixo carbono<\/em>\u201d, destaca o instituto.<\/p>\n\n\n\n<h2 class=\"wp-block-heading\"><strong>Minerais cr\u00edticos no centro do acordo<\/strong><\/h2>\n\n\n\n<p>Relat\u00f3rio da Comiss\u00e3o Europeia publicado em 2023 e citado pelo IBRAM, aponta que o Brasil responde atualmente por cerca de 13% do fornecimento de grafite natural para a UE e aproximadamente 12% do fornecimento de alum\u00ednio e bauxita. A Argentina, por sua vez, \u00e9 respons\u00e1vel por cerca de 6% do fornecimento de l\u00edtio ao bloco europeu.<\/p>\n\n\n\n<p>De acordo com o documento, \u201c<em>o acordo facilitar\u00e1 o investimento de empresas da Uni\u00e3o Europeia em cadeias de suprimentos essenciais, incluindo mat\u00e9rias-primas cr\u00edticas e bens relacionados, tudo com um alto n\u00edvel de prote\u00e7\u00e3o ambiental e trabalhista<\/em>\u201d. O texto ressalta ainda que \u201ci<em>sso pode desempenhar um papel fundamental no avan\u00e7o das transforma\u00e7\u00f5es econ\u00f4micas verdes e digitais de ambas as regi\u00f5es, garantindo cadeias de suprimentos previs\u00edveis e est\u00e1veis<\/em>\u201d.<\/p>\n\n\n\n<p>A Comiss\u00e3o Europeia afirma que o acordo aumentar\u00e1 a seguran\u00e7a e a previsibilidade das cadeias de suprimentos de minerais cr\u00edticos ao eliminar requisitos de pre\u00e7os m\u00ednimos, impostos de exporta\u00e7\u00e3o e exig\u00eancias de licenciamento n\u00e3o autom\u00e1tico, que geravam incertezas para importadores europeus. A remo\u00e7\u00e3o dessas barreiras pode reduzir custos e facilitar contratos de fornecimento de longo prazo para materiais como o l\u00edtio argentino e o grafite brasileiro.<\/p>\n\n\n\n<h2 class=\"wp-block-heading\"><strong>Aprova\u00e7\u00e3o do acordo pela Uni\u00e3o Europeia<\/strong><\/h2>\n\n\n\n<p>Os pa\u00edses da Uni\u00e3o Europeia aprovaram provisoriamente o acordo comercial com o Mercosul na \u00faltima sexta-feira (9\/1), durante reuni\u00e3o de embaixadores em Bruxelas. Dos 27 pa\u00edses do bloco, a maioria votou a favor do texto. Fran\u00e7a, Pol\u00f4nia, Irlanda, \u00c1ustria e Hungria se posicionaram contra, enquanto a B\u00e9lgica se absteve, segundo fontes diplom\u00e1ticas ouvidas pela imprensa internacional.<\/p>\n\n\n\n<p>A decis\u00e3o une dois blocos que, juntos, somam 718 milh\u00f5es de pessoas e um Produto Interno Bruto (PIB) de US$ 22,4 trilh\u00f5es. A presidente da Comiss\u00e3o Europeia, Ursula von der Leyen, afirmou que \u201ctodos ganham\u201d com o acordo e ressaltou que a Uni\u00e3o Europeia \u00e9 um dos principais parceiros comerciais e de investimento do Mercosul.<\/p>\n\n\n\n<p>Segundo Von der Leyen, o acordo deve criar \u201c<em>mais oportunidades de neg\u00f3cios e impulsionar o investimento europeu em setores estrat\u00e9gicos<\/em>\u201d. De acordo com suas estimativas, \u201c<em>as exporta\u00e7\u00f5es da UE para o Mercosul devem crescer quase 50 bilh\u00f5es de euros at\u00e9 2040, enquanto as exporta\u00e7\u00f5es do Mercosul, por sua vez, poder\u00e3o aumentar em at\u00e9 9 bilh\u00f5es de euros<\/em>\u201d.<\/p>\n\n\n\n<h2 class=\"wp-block-heading\"><strong>Flexibilidades preservadas para o Brasil<\/strong><\/h2>\n\n\n\n<p>Um dos pontos destacados positivamente pelo setor mineral brasileiro foi a preserva\u00e7\u00e3o do direito do Pa\u00eds de adotar pol\u00edticas de agrega\u00e7\u00e3o de valor. Diferentemente da vers\u00e3o inicial do acordo, conclu\u00edda em 2019, o novo texto permite a aplica\u00e7\u00e3o de restri\u00e7\u00f5es e impostos de exporta\u00e7\u00e3o com o objetivo de estimular o processamento local.<\/p>\n\n\n\n<p>A renegocia\u00e7\u00e3o conduzida entre 2023 e 2024 resultou em maior flexibilidade para o uso desses instrumentos de pol\u00edtica econ\u00f4mica. O texto final autoriza al\u00edquotas de at\u00e9 25% para exporta\u00e7\u00f5es destinadas \u00e0 Uni\u00e3o Europeia e prev\u00ea tratamento tarif\u00e1rio preferencial, com al\u00edquotas menores para o bloco europeu em compara\u00e7\u00e3o a outros mercados.<\/p>\n\n\n\n<p>Segundo o Minist\u00e9rio do Desenvolvimento, Ind\u00fastria, Com\u00e9rcio e Servi\u00e7os (MDIC), essa flexibilidade garante ao Brasil o direito de aplicar restri\u00e7\u00f5es \u00e0s exporta\u00e7\u00f5es de minerais cr\u00edticos para estimular a agrega\u00e7\u00e3o de valor no pa\u00eds, uma demanda hist\u00f3rica do setor mineral e da pol\u00edtica industrial brasileira.<\/p>\n\n\n\n<h2 class=\"wp-block-heading\"><strong>Acesso ao mercado europeu e exig\u00eancias de sustentabilidade<\/strong><\/h2>\n\n\n\n<p>O acordo estabelece a elimina\u00e7\u00e3o progressiva de tarifas para produtos minerais, com cronogramas diferenciados conforme o produto. No entanto, commodities como min\u00e9rio de ferro j\u00e1 contavam com tarifa zero antes do acordo, o que limita o impacto direto nesse segmento espec\u00edfico.<\/p>\n\n\n\n<p>Por outro lado, o pacto incorpora exig\u00eancias relevantes em sustentabilidade. A legisla\u00e7\u00e3o europeia, como o Critical Raw Materials Act (CRMA) e o Green Deal, demandar\u00e1 maior transpar\u00eancia nas cadeias de suprimentos, rastreabilidade, due diligence ambiental e compromissos com o desmatamento zero at\u00e9 2030. Para o IBRAM, a adapta\u00e7\u00e3o a esses requisitos ser\u00e1 um desafio, mas tamb\u00e9m uma oportunidade para posicionar o Brasil como fornecedor estrat\u00e9gico de minerais produzidos de forma respons\u00e1vel e alinhada \u00e0 economia de baixo carbono. E aproximadamente 12% do fornecimento de alum\u00ednio e bauxita. <\/p>\n\n\n\n<p>A Argentina, por sua vez, \u00e9 respons\u00e1vel por cerca de 6% do fornecimento de l\u00edtio ao bloco europeu. De acordo com o documento, \u201c<em>o acordo facilitar\u00e1 o investimento de empresas da Uni\u00e3o Europeia em cadeias de suprimentos essenciais, incluindo mat\u00e9rias-primas cr\u00edticas e bens relacionados, tudo com um alto n\u00edvel de prote\u00e7\u00e3o ambiental e trabalhista<\/em>\u201d. O texto ressalta ainda que \u201c<em>isso pode desempenhar um papel fundamental no avan\u00e7o das transforma\u00e7\u00f5es econ\u00f4micas verdes e digitais de ambas as regi\u00f5es, garantindo cadeias de suprimentos previs\u00edveis e est\u00e1veis<\/em>\u201d.<\/p>\n\n\n\n<p>A Comiss\u00e3o Europeia afirma que o acordo aumentar\u00e1 a seguran\u00e7a e a previsibilidade das cadeias de suprimentos de minerais cr\u00edticos ao eliminar requisitos de pre\u00e7os m\u00ednimos, impostos de exporta\u00e7\u00e3o e exig\u00eancias de licenciamento n\u00e3o autom\u00e1tico, que geravam incertezas para importadores europeus. A remo\u00e7\u00e3o dessas barreiras pode reduzir custos e facilitar contratos de fornecimento de longo prazo para materiais como o l\u00edtio argentino e o grafite brasileiro.<\/p>\n\n\n\n<h2 class=\"wp-block-heading\">Aprova\u00e7\u00e3o do acordo pela Uni\u00e3o Europeia<\/h2>\n\n\n\n<p>Os pa\u00edses da Uni\u00e3o Europeia aprovaram provisoriamente o acordo comercial com o Mercosul na \u00faltima sexta-feira (9\/1), durante reuni\u00e3o de embaixadores em Bruxelas. Dos 27 pa\u00edses do bloco, a maioria votou a favor do texto. Fran\u00e7a, Pol\u00f4nia, Irlanda, \u00c1ustria e Hungria se posicionaram contra, enquanto a B\u00e9lgica se absteve, segundo fontes diplom\u00e1ticas ouvidas pela imprensa internacional.<\/p>\n\n\n\n<p>A decis\u00e3o une dois blocos que, juntos, somam 718 milh\u00f5es de pessoas e um Produto Interno Bruto (PIB) de US$ 22,4 trilh\u00f5es. A presidente da Comiss\u00e3o Europeia, Ursula von der Leyen, afirmou que \u201ctodos ganham\u201d com o acordo e ressaltou que a Uni\u00e3o Europeia \u00e9 um dos principais parceiros comerciais e de investimento do Mercosul.<\/p>\n\n\n\n<p>Segundo Von der Leyen, o acordo deve criar \u201c<em>mais oportunidades de neg\u00f3cios e impulsionar o investimento europeu em setores estrat\u00e9gicos<\/em>\u201d. De acordo com suas estimativas, \u201c<em>as exporta\u00e7\u00f5es da UE para o Mercosul devem crescer quase 50 bilh\u00f5es de euros at\u00e9 2040, enquanto as exporta\u00e7\u00f5es do Mercosul, por sua vez, poder\u00e3o aumentar em at\u00e9 9 bilh\u00f5es de euros<\/em>\u201d. <\/p>\n\n\n\n<h2 class=\"wp-block-heading\">Flexibilidades preservadas para o Brasil<\/h2>\n\n\n\n<p>Um dos pontos destacados positivamente pelo setor mineral brasileiro foi a preserva\u00e7\u00e3o do direito do Pa\u00eds de adotar pol\u00edticas de agrega\u00e7\u00e3o de valor. Diferentemente da vers\u00e3o inicial do acordo, conclu\u00edda em 2019, o novo texto permite a aplica\u00e7\u00e3o de restri\u00e7\u00f5es e impostos de exporta\u00e7\u00e3o com o objetivo de estimular o processamento local.<\/p>\n\n\n\n<p>A renegocia\u00e7\u00e3o conduzida entre 2023 e 2024 resultou em maior flexibilidade para o uso desses instrumentos de pol\u00edtica econ\u00f4mica. O texto final autoriza al\u00edquotas de at\u00e9 25% para exporta\u00e7\u00f5es destinadas \u00e0 Uni\u00e3o Europeia e prev\u00ea tratamento tarif\u00e1rio preferencial, com al\u00edquotas menores para o bloco europeu em compara\u00e7\u00e3o a outros mercados.<\/p>\n\n\n\n<p>Segundo o Minist\u00e9rio do Desenvolvimento, Ind\u00fastria, Com\u00e9rcio e Servi\u00e7os (MDIC), essa flexibilidade garante ao Brasil o direito de aplicar restri\u00e7\u00f5es \u00e0s exporta\u00e7\u00f5es de minerais cr\u00edticos para estimular a agrega\u00e7\u00e3o de valor no pa\u00eds, uma demanda hist\u00f3rica do setor mineral e da pol\u00edtica industrial brasileira.<\/p>\n\n\n\n<h2 class=\"wp-block-heading\">Acesso ao mercado europeu e exig\u00eancias de sustentabilidade<\/h2>\n\n\n\n<p>O acordo estabelece a elimina\u00e7\u00e3o progressiva de tarifas para produtos minerais, com cronogramas diferenciados conforme o produto. No entanto, commodities como min\u00e9rio de ferro j\u00e1 contavam com tarifa zero antes do acordo, o que limita o impacto direto nesse segmento espec\u00edfico.<\/p>\n\n\n\n<p>Por outro lado, o pacto incorpora exig\u00eancias relevantes em sustentabilidade. A legisla\u00e7\u00e3o europeia, como o Critical Raw Materials Act (CRMA) e o Green Deal, demandar\u00e1 maior transpar\u00eancia nas cadeias de suprimentos, rastreabilidade, due diligence ambiental e compromissos com o desmatamento zero at\u00e9 2030. Para o IBRAM, a adapta\u00e7\u00e3o a esses requisitos ser\u00e1 um desafio, mas tamb\u00e9m uma oportunidade para posicionar o Brasil como fornecedor estrat\u00e9gico de minerais produzidos de forma respons\u00e1vel e alinhada \u00e0 economia de baixo carbono.<\/p>\n\n\n\n<p>A\u00a0<strong>OESP\u00a0<\/strong>n\u00e3o \u00e9 respons\u00e1vel por erros, incorre\u00e7\u00f5es, atrasos ou quaisquer decis\u00f5es tomadas por seus clientes com base nos Conte\u00fados ora disponibilizados, bem como tais Conte\u00fados n\u00e3o representam a opini\u00e3o da\u00a0<strong>OESP\u00a0<\/strong>e s\u00e3o de inteira responsabilidade da<strong>\u00a0Ag\u00eancia Minera Brasil<\/strong>.<\/p>\n","protected":false},"excerpt":{"rendered":"Acordo Mercosul\u2013UE fortalece exporta\u00e7\u00f5es de minerais brasileiros, amplia investimentos e posiciona o Brasil como fornecedor estrat\u00e9gico, avalia o IBRAM.","protected":false},"author":17,"featured_media":122901,"comment_status":"open","ping_status":"closed","sticky":false,"template":"","format":"standard","meta":{"_acf_changed":false,"inline_featured_image":false,"_monsterinsights_skip_tracking":false,"_monsterinsights_sitenote_active":false,"_monsterinsights_sitenote_note":"","_monsterinsights_sitenote_category":0,"footnotes":""},"categories":[351],"tags":[],"class_list":["post-122894","post","type-post","status-publish","format-standard","has-post-thumbnail","hentry","category-agencia-minera-brasil"],"acf":[],"_links":{"self":[{"href":"https:\/\/bluestudio.estadao.com.br\/agencia-de-comunicacao\/wp-json\/wp\/v2\/posts\/122894","targetHints":{"allow":["GET"]}}],"collection":[{"href":"https:\/\/bluestudio.estadao.com.br\/agencia-de-comunicacao\/wp-json\/wp\/v2\/posts"}],"about":[{"href":"https:\/\/bluestudio.estadao.com.br\/agencia-de-comunicacao\/wp-json\/wp\/v2\/types\/post"}],"author":[{"embeddable":true,"href":"https:\/\/bluestudio.estadao.com.br\/agencia-de-comunicacao\/wp-json\/wp\/v2\/users\/17"}],"replies":[{"embeddable":true,"href":"https:\/\/bluestudio.estadao.com.br\/agencia-de-comunicacao\/wp-json\/wp\/v2\/comments?post=122894"}],"version-history":[{"count":3,"href":"https:\/\/bluestudio.estadao.com.br\/agencia-de-comunicacao\/wp-json\/wp\/v2\/posts\/122894\/revisions"}],"predecessor-version":[{"id":122904,"href":"https:\/\/bluestudio.estadao.com.br\/agencia-de-comunicacao\/wp-json\/wp\/v2\/posts\/122894\/revisions\/122904"}],"wp:featuredmedia":[{"embeddable":true,"href":"https:\/\/bluestudio.estadao.com.br\/agencia-de-comunicacao\/wp-json\/wp\/v2\/media\/122901"}],"wp:attachment":[{"href":"https:\/\/bluestudio.estadao.com.br\/agencia-de-comunicacao\/wp-json\/wp\/v2\/media?parent=122894"}],"wp:term":[{"taxonomy":"category","embeddable":true,"href":"https:\/\/bluestudio.estadao.com.br\/agencia-de-comunicacao\/wp-json\/wp\/v2\/categories?post=122894"},{"taxonomy":"post_tag","embeddable":true,"href":"https:\/\/bluestudio.estadao.com.br\/agencia-de-comunicacao\/wp-json\/wp\/v2\/tags?post=122894"}],"curies":[{"name":"wp","href":"https:\/\/api.w.org\/{rel}","templated":true}]}}