{"id":122834,"date":"2026-01-15T14:40:00","date_gmt":"2026-01-15T17:40:00","guid":{"rendered":"https:\/\/bluestudio.estadao.com.br\/agencia-de-comunicacao\/agencia-memoria-da-eletricidade\/museus-de-energia-do-rio-e-de-sao-paulo-oferecem-atividades-e-oficinas-gratuitas-ate-fevereiro\/"},"modified":"2026-01-15T14:40:00","modified_gmt":"2026-01-15T17:40:00","slug":"museus-de-energia-do-rio-e-de-sao-paulo-oferecem-atividades-e-oficinas-gratuitas-ate-fevereiro","status":"publish","type":"post","link":"https:\/\/bluestudio.estadao.com.br\/agencia-de-comunicacao\/agencia-memoria-da-eletricidade\/museus-de-energia-do-rio-e-de-sao-paulo-oferecem-atividades-e-oficinas-gratuitas-ate-fevereiro\/","title":{"rendered":"Museus de energia do Rio e de S\u00e3o Paulo oferecem atividades e oficinas gratuitas at\u00e9 fevereiro"},"content":{"rendered":"<p><i>A\u00e7\u00f5es l\u00fadicas e educativas fazem parte da programa\u00e7\u00e3o de f\u00e9rias das institui\u00e7\u00f5es<\/i><\/p>\n<figure>\n  <img decoding=\"async\" src=\"https:\/\/www.estadaoconteudo.com.br\/RSS\/images\/AME20260115144009146201-museusdeenergiad-1.jpg\" alt=\"Imagem 1 Agenda do Centro Cultural Light conta com diversas experi\u00eancias interativas. Foto: Divulga\u00e7\u00e3o\"><figcaption>Imagem 1 Agenda do Centro Cultural Light conta com diversas experi\u00eancias interativas. Foto: Divulga\u00e7\u00e3o<\/figcaption><\/figure>\n<p>O Centro Cultural Light, localizado na regi\u00e3o central da cidade do Rio de Janeiro, e o Museu da Energia de S\u00e3o Paulo, no Centro da capital, est\u00e3o com uma programa\u00e7\u00e3o de f\u00e9rias variada, indo de janeiro a meados de fevereiro de 2026, com atra\u00e7\u00f5es, atividades e oficinas gratuitas para as crian\u00e7as e os respons\u00e1veis.<\/p>\n<p>A agenda do Centro Cultural Light re\u00fane atividades l\u00fadicas e educativas pensadas para diferentes faixas et\u00e1rias. Ao longo das semanas, o p\u00fablico poder\u00e1 participar de conta\u00e7\u00f5es de hist\u00f3rias, sess\u00f5es do Cine Clubinho, Clubinho do Livro, visitas brincantes ao Museu Light, Walking Tour e da atividade Exploradores do Acervo. Tamb\u00e9m fazem parte da agenda oficinas de instrumentos musicais, aquarela com pigmentos naturais e confec\u00e7\u00e3o de fantoches, al\u00e9m de experimentos de \u00f3tica e outras experi\u00eancias interativas.<\/p>\n<p>Para participar, \u00e9 necess\u00e1rio chegar cerca de 20 minutos antes do hor\u00e1rio inicial das oficinas para pegar a senha, pois est\u00e3o sujeitas a lota\u00e7\u00e3o. \u00c9 necess\u00e1rio que um respons\u00e1vel acompanhe a crian\u00e7a\/adolescente durante. Al\u00e9m disso, as galerias e espa\u00e7os de conviv\u00eancia do Centro Cultural, localizado na Avenida Marechal Floriano, 168, ficar\u00e3o dispon\u00edveis para livre aprecia\u00e7\u00e3o e uso das 9h \u00e0s 17h, e todas as atividades ocorrem entre as 10h30 e 17h.<\/p>\n<p><b>Servi\u00e7o: <\/b><\/p>\n<p><b>Programa\u00e7\u00e3o de F\u00e9rias Centro Cultural Light 2026<\/b><\/p>\n<p>Per\u00edodo: de 21 de janeiro a 13 de fevereiro de 2026, das 10h30 \u00e0s 17h<\/p>\n<p>Local: Centro Cultural Light \u2013 Rio de Janeiro<\/p>\n<p>Endere\u00e7o: Avenida Marechal Floriano, 168, Centro, RJ Entrada: gratuita<\/p>\n<p>P\u00fablico: crian\u00e7as e adolescentes acompanhados dos respons\u00e1veis<\/p>\n<p><b>Segunda-feira:<\/b> meio ambiente e materiais recicl\u00e1veis<\/p>\n<p><b>Ter\u00e7a-feira<\/b>: conte\u00fados hist\u00f3ricos<\/p>\n<p><b>Quarta-feira<\/b>: universo das plantas e artes<\/p>\n<li><b>Quinta-feira<\/b>: literaturas e express\u00f5es art\u00edsticas Sexta-feira: experimentos cient\u00edficos Atividades e oficinas<\/li>\n<li>Quebra-cabe\u00e7a com folhas: confec\u00e7\u00e3o de quebra-cabe\u00e7as a partir de folhas de plantas.<\/li>\n<li>Exploradores do Acervo: visita brincante ao acervo hist\u00f3rico e empresarial da Light.<\/li>\n<li>Oficina de aquarela natural: produ\u00e7\u00e3o de tintas naturais com temperos e especiarias.<\/li>\n<li>Clubinho do Livro: leitura din\u00e2mica dos livros \u201cTalvez voc\u00eas consigam\u201d, de Imogen Foxell e Anna Cunha, e \u201cVizinhos\u201d, de Einat Tsarfati, seguida de atividades art\u00edsticas.<\/li>\n<li>Oficina de jogos recicl\u00e1veis: confec\u00e7\u00e3o de jogos de tabuleiro cl\u00e1ssicos com materiais recicl\u00e1veis.<\/li>\n<li>Cine Palito: exibi\u00e7\u00e3o de curta-metragem e cria\u00e7\u00e3o de um brinquedo \u00f3tico<\/li>\n<li>Oficina de instrumentos musicais: confec\u00e7\u00e3o de instrumentos com materiais recicl\u00e1veis e embalagens reutilizadas.<\/li>\n<li>Jogo da Conta\u00e7\u00e3o: elabora\u00e7\u00e3o de jogo de cartas a partir de imagens recortadas de revistas.<\/li>\n<li>Oficina de fantoches: cria\u00e7\u00e3o de fantoches com caixas e materiais recicl\u00e1veis.<\/li>\n<li>Visita brincante ao Museu Light da Energia: visita mediada com circuito de brincadeiras, como amarelinha, boliche, forca e jogo da velha com efeitos visuais neon.<\/li>\n<li>Mostra de cinema: exibi\u00e7\u00e3o livre de curtas educativos selecionados pela equipe do programa.<\/li>\n<li>Carimbo natural: confec\u00e7\u00e3o de carimbos com flores e folhas.<\/li>\n<li>Lupa decodificadora: experimento \u00f3tico sobre cores.<\/li>\n<li>Disco de Newton: experimento sobre a decomposi\u00e7\u00e3o das cores.<\/li>\n<li>Luz e sombra: experimento \u00f3tico sobre luz.<\/li>\n<li>Oficina de HQ: cria\u00e7\u00e3o e confec\u00e7\u00e3o de hist\u00f3rias em quadrinhos.<\/li>\n<li>Walking Tour: caminhos da Mem\u00f3ria: passeio guiado pela Avenida Marechal Floriano, com curiosidades hist\u00f3ricas.<\/li>\n<li>Cineclubinho: exibi\u00e7\u00e3o de curta-metragem seguida de atividade tem\u00e1tica.\n<p>Mais informa\u00e7\u00f5es no<\/p>\n<p><a href=\"https:\/\/www.museulight.com.br\/visite\/agendamento\" target=\"_blank\"><u>site<\/u><\/a> <a href=\"https:\/\/www.museulight.com.br\/visite\/agendamento\" target=\"_blank\"><u>do Museu da Light<\/u><\/a>.<\/li>\n<p>J\u00e1 o Museu da Energia de S\u00e3o Paulo, espa\u00e7o cultural da Funda\u00e7\u00e3o Energia e Saneamento (FES), por sua vez, tem como principal programa\u00e7\u00e3o a exposi\u00e7\u00e3o internacional <i>Deriva 033: Terras Inc\u00f3gnitas, do Projeto <\/i> <i>Transeuntis<\/i> <i>Mundi<\/i>, que j\u00e1 passou por cidades como Nova York e Londres.<\/p>\n<p>Com visita\u00e7\u00e3o gratuita, a mostra, dispon\u00edvel at\u00e9 o dia 14 de fevereiro, prop\u00f5e uma viagem transensorial que articula arte, tecnologia, mem\u00f3ria e acessibilidade, com int\u00e9rprete de Libras em atividades educativas e visitas guiadas.<\/p>\n<p><b>Servi\u00e7o: <\/b><\/p>\n<p><b>Programa\u00e7\u00e3o <\/b> <b>no Museu da Energia de S\u00e3o Paulo<\/b><\/p>\n<p><b>Exposi\u00e7\u00e3o T<\/b> <b>ranseuntis<\/b> <b>Mundi<\/b> <b> \u2013 Deriva 033: Terras <\/b> <b>Inc\u00f3gnitas<\/b><\/p>\n<p>Per\u00edodo: 15\/01 a 14\/02 de 2026<\/p>\n<p>Local: Museu da Energia de S\u00e3o Paulo<\/p>\n<p>Endere\u00e7o: Alameda Cleveland, 601, Campos El\u00edseos, SP<\/p>\n<p>Funcionamento: Quinta a s\u00e1bado, das 10h \u00e0s 17h (\u00faltima entrada \u00e0s 16h30) Entrada: Gratuita<\/p>\n<p>Mais informa\u00e7\u00f5es e inscri\u00e7\u00f5es no <a href=\"https:\/\/www.energiaesaneamento.org.br\/unidade\/museu-da-energia-de-sao-paulo\/\" target=\"_blank\"><u>site<\/u> <u> da Funda\u00e7\u00e3o Energia e Saneamento<\/u><\/a>.<\/p>\n<figure>\n  <img decoding=\"async\" src=\"https:\/\/www.estadaoconteudo.com.br\/RSS\/images\/AME20260115144009146201-museusdeenergiad-2.jpg\" alt=\"Imagem 2  A Exposi\u00e7\u00e3o Deriva 033: Terras Incognitas j\u00e1 passou por Londres e Nova York. Foto: Divulga\u00e7\u00e3o\"><figcaption>Imagem 2  A Exposi\u00e7\u00e3o Deriva 033: Terras Incognitas j\u00e1 passou por Londres e Nova York. Foto: Divulga\u00e7\u00e3o<\/figcaption><\/figure>\n<p>A <b>OESP<\/b> n\u00e3o \u00e9(s\u00e3o) respons\u00e1vel(is) por erros, incorre\u00e7\u00f5es, atrasos ou quaisquer decis\u00f5es tomadas por seus clientes com base nos Conte\u00fados ora disponibilizados, bem como tais Conte\u00fados n\u00e3o representam a opini\u00e3o da <b>OESP<\/b> e s\u00e3o de inteira responsabilidade da <b>Ag\u00eancia Mem\u00f3ria da Eletricidade<\/b><\/p>\n","protected":false},"excerpt":{"rendered":"A\u00e7\u00f5es l\u00fadicas e educativas fazem parte da programa\u00e7\u00e3o de f\u00e9rias das institui\u00e7\u00f5es Imagem 1 Agenda do Centro Cultural Light conta com diversas experi\u00eancias interativas. Foto: Divulga\u00e7\u00e3o O","protected":false},"author":1,"featured_media":122835,"comment_status":"open","ping_status":"closed","sticky":false,"template":"","format":"standard","meta":{"_acf_changed":false,"inline_featured_image":false,"_monsterinsights_skip_tracking":false,"_monsterinsights_sitenote_active":false,"_monsterinsights_sitenote_note":"","_monsterinsights_sitenote_category":0,"footnotes":""},"categories":[1680],"tags":[],"class_list":["post-122834","post","type-post","status-publish","format-standard","has-post-thumbnail","hentry","category-agencia-memoria-da-eletricidade"],"acf":[],"_links":{"self":[{"href":"https:\/\/bluestudio.estadao.com.br\/agencia-de-comunicacao\/wp-json\/wp\/v2\/posts\/122834","targetHints":{"allow":["GET"]}}],"collection":[{"href":"https:\/\/bluestudio.estadao.com.br\/agencia-de-comunicacao\/wp-json\/wp\/v2\/posts"}],"about":[{"href":"https:\/\/bluestudio.estadao.com.br\/agencia-de-comunicacao\/wp-json\/wp\/v2\/types\/post"}],"author":[{"embeddable":true,"href":"https:\/\/bluestudio.estadao.com.br\/agencia-de-comunicacao\/wp-json\/wp\/v2\/users\/1"}],"replies":[{"embeddable":true,"href":"https:\/\/bluestudio.estadao.com.br\/agencia-de-comunicacao\/wp-json\/wp\/v2\/comments?post=122834"}],"version-history":[{"count":0,"href":"https:\/\/bluestudio.estadao.com.br\/agencia-de-comunicacao\/wp-json\/wp\/v2\/posts\/122834\/revisions"}],"wp:featuredmedia":[{"embeddable":true,"href":"https:\/\/bluestudio.estadao.com.br\/agencia-de-comunicacao\/wp-json\/wp\/v2\/media\/122835"}],"wp:attachment":[{"href":"https:\/\/bluestudio.estadao.com.br\/agencia-de-comunicacao\/wp-json\/wp\/v2\/media?parent=122834"}],"wp:term":[{"taxonomy":"category","embeddable":true,"href":"https:\/\/bluestudio.estadao.com.br\/agencia-de-comunicacao\/wp-json\/wp\/v2\/categories?post=122834"},{"taxonomy":"post_tag","embeddable":true,"href":"https:\/\/bluestudio.estadao.com.br\/agencia-de-comunicacao\/wp-json\/wp\/v2\/tags?post=122834"}],"curies":[{"name":"wp","href":"https:\/\/api.w.org\/{rel}","templated":true}]}}