{"id":122749,"date":"2026-01-14T07:57:00","date_gmt":"2026-01-14T10:57:00","guid":{"rendered":"https:\/\/bluestudio.estadao.com.br\/agencia-de-comunicacao\/prnewswire\/a-black-box-nomeia-sameer-batra-como-diretor-comercial-para-acelerar-o-crescimento-nos-mercados-internacionais\/"},"modified":"2026-01-14T07:57:00","modified_gmt":"2026-01-14T10:57:00","slug":"a-black-box-nomeia-sameer-batra-como-diretor-comercial-para-acelerar-o-crescimento-nos-mercados-internacionais","status":"publish","type":"post","link":"https:\/\/bluestudio.estadao.com.br\/agencia-de-comunicacao\/prnewswire\/a-black-box-nomeia-sameer-batra-como-diretor-comercial-para-acelerar-o-crescimento-nos-mercados-internacionais\/","title":{"rendered":"A Black Box nomeia Sameer Batra como diretor comercial para acelerar o crescimento nos mercados internacionais"},"content":{"rendered":"\n<div class=\"xn-content\">\n<p class=\"prntac\"><i>Novo l\u00edder impulsionar\u00e1 o crescimento da base de clientes e a receita nas regi\u00f5es da \u00cdndia, ANZ, APJ e MEA.<\/i><\/p>\n<p><span class=\"legendSpanClass\">MUMBAI, \u00cdndia<\/span>, <span class=\"legendSpanClass\">14 de janeiro de 2026<\/span> \/PRNewswire\/ &#8212; A Black Box (BSE: 500463) (NSE: BBOX), fornecedora global de solu\u00e7\u00f5es de infraestrutura digital, anunciou hoje a nomea\u00e7\u00e3o de Sameer Batra como diretor comercial da divis\u00e3o Global Systems Integration (GSI), respons\u00e1vel pelos mercados da \u00cdndia e internacionais. Esta nomea\u00e7\u00e3o estrat\u00e9gica reitera o compromisso cont\u00ednuo da Black Box com o crescimento na \u00cdndia, ANZ (Austr\u00e1lia e Nova Zel\u00e2ndia), \u00c1sia-Pac\u00edfico, Jap\u00e3o e Oriente M\u00e9dio e \u00c1frica, permitindo que grandes empresas modernizem e ampliem suas infraestruturas digitais.<\/p>\n<div id=\"prni_dvprnejpg2030left\" dir=\"ltr\" style=\"width: 100%;text-align: left\"><img decoding=\"async\" id=\"prnejpg2030left\" style=\"width: 400px;height: 399px\" title=\"Black Box Names Sameer Batra as Chief Business Officer to accelerate International Markets Growth\" src=\"https:\/\/mma.prnewswire.com\/media\/2859261\/Sameer_Batra.jpg\" alt=\"Black Box Names Sameer Batra as Chief Business Officer to accelerate International Markets Growth\" align=\"middle\" \/><\/div>\n<p>Essas regi\u00f5es est\u00e3o passando por um forte crescimento impulsionado pela IA, ado\u00e7\u00e3o da nuvem, expans\u00e3o de data centers, tecnologias de rede e colabora\u00e7\u00e3o, aumento das necessidades de seguran\u00e7a cibern\u00e9tica, e a Black Box est\u00e1 bem posicionada para apoiar os clientes com solu\u00e7\u00f5es integradas de ponta a ponta.<\/p>\n<p>&#8220;Os mercados internacionais representam um importante mecanismo de crescimento para a Black Box, estimulado por investimentos sustent\u00e1veis em infraestrutura e forte demanda dos clientes,&#8221; afirmou Sanjeev Verma, CEO da Black Box. &#8220;A lideran\u00e7a de Sameer ser\u00e1 fundamental para ajudar os clientes a projetar, implantar e gerenciar sua infraestrutura digital, ao mesmo tempo em que acelera a inova\u00e7\u00e3o liderada por parceiros e o crescimento dos neg\u00f3cios em todos os mercados.&#8221;<\/p>\n<p>Sameer ir\u00e1 liderar os neg\u00f3cios da Black Box nos mercados internacionais da GSI, aumentando o foco em setores verticais priorit\u00e1rios e aprofundando as rela\u00e7\u00f5es com clientes e parceiros. Isso inclui ajudar os clientes a redefinir o que significa estar pronto para a infraestrutura, permitindo que eles modernizem, dimensionem e protejam seus ambientes digitais, ao mesmo tempo em que promovem a ambi\u00e7\u00e3o da Black Box de construir um neg\u00f3cio com receita anual de US$ 2 bilh\u00f5es.<\/p>\n<p>Sameer traz mais de tr\u00eas d\u00e9cadas de experi\u00eancia no setor global de servi\u00e7os de TI. Mais recentemente, atuou como vice-presidente s\u00eanior do Escrit\u00f3rio de Crescimento Global da Tech Mahindra, onde liderou iniciativas estrat\u00e9gicas de crescimento em v\u00e1rias regi\u00f5es geogr\u00e1ficas. Antes disso, ele ocupou v\u00e1rios cargos de lideran\u00e7a s\u00eanior na IBM, estimulando o crescimento e o sucesso dos clientes na \u00cdndia e na \u00c1sia-Pac\u00edfico.<\/p>\n<p>&#8220;\u00c0 medida que as empresas nos mercados internacionais aumentam seus investimentos em infraestrutura digital, a Black Box, com sua presen\u00e7a global e ampla gama de ofertas, est\u00e1 em uma posi\u00e7\u00e3o \u00fanica para atender a essa demanda,&#8221; afirmou Sameer Batra. &#8220;Estou entusiasmado por me juntar \u00e0 excelente equipe da Black Box para desenvolver a estrat\u00e9gia geral de neg\u00f3cios internacionais e gerar valor a longo prazo para nossos clientes e partes interessadas&#8221;<\/p>\n<p><b>Sobre a Black Box Ltd.<\/b><\/p>\n<p>A Black Box (BSE: 500463) (NSE: BBOX) \u00e9 l\u00edder global em solu\u00e7\u00f5es de infraestrutura digital, que fornece integra\u00e7\u00e3o de redes e sistemas, servi\u00e7os gerenciados e produtos de tecnologia para empresas da Fortune 100 e principais empresas globais. Com presen\u00e7a nos Estados Unidos, Europa, \u00cdndia, \u00c1sia-Pac\u00edfico, Oriente M\u00e9dio e Am\u00e9rica Latina, a Black Box presta servi\u00e7os a empresas dos setores de servi\u00e7os financeiros, tecnologia, sa\u00fade, varejo, servi\u00e7os p\u00fablicos e manufatura.<\/p>\n<p>Com o apoio de uma equipe global de cerca de 3.500 profissionais e parcerias estrat\u00e9gicas com fornecedores l\u00edderes de tecnologia, a Black Box oferece solu\u00e7\u00f5es completas em integra\u00e7\u00e3o de redes, infraestrutura de conectividade digital, constru\u00e7\u00e3o de centros de dados, solu\u00e7\u00f5es modernas para o local de trabalho e seguran\u00e7a cibern\u00e9tica. Seu portf\u00f3lio de produtos de tecnologia aprimora as opera\u00e7\u00f5es comerciais com solu\u00e7\u00f5es de ponta em AV (audiovisual), IoT (internet das coisas), KVM (teclado, v\u00eddeo, mouse), redes, infraestrutura e cabos.<\/p>\n<p>Para mais informa\u00e7\u00f5es, acesse <a href=\"http:\/\/www.blackbox.com\/\" target=\"_blank\" rel=\"nofollow\">www.blackbox.com<\/a><\/p>\n<p>Foto: <a href=\"https:\/\/mma.prnewswire.com\/media\/2859261\/Sameer_Batra.jpg\" target=\"_blank\" rel=\"nofollow\">https:\/\/mma.prnewswire.com\/media\/2859261\/Sameer_Batra.jpg<\/a><br \/>Logotipo: <a href=\"https:\/\/mma.prnewswire.com\/media\/2607665\/Black_Box_Logo.jpg\" target=\"_blank\" rel=\"nofollow\">https:\/\/mma.prnewswire.com\/media\/2607665\/Black_Box_Logo.jpg<\/a><\/p>\n<div id=\"prni_dvprnejpg5d08left\" dir=\"ltr\" style=\"width: 100%;text-align: left\"><img decoding=\"async\" id=\"prnejpg5d08left\" style=\"width: 400px;height: 42px\" title=\"Black Box Logo\" src=\"https:\/\/mma.prnewswire.com\/media\/2607665\/Black_Box_Logo.jpg\" alt=\"Black Box Logo\" align=\"middle\" \/><\/div>\n<\/p>\n<p id=\"PURL\"><img loading=\"lazy\" decoding=\"async\" title=\"Cision\" width=\"12\" height=\"12\" alt=\"Cision\" src=\"https:\/\/edge.prnewswire.com\/c\/img\/favicon.png?sn=PT60882&amp;sd=2026-01-14\" \/> View original content:<a id=\"PRNURL\" rel=\"nofollow\" href=\"https:\/\/www.prnewswire.com\/br\/comunicados-para-a-imprensa\/a-black-box-nomeia-sameer-batra-como-diretor-comercial-para-acelerar-o-crescimento-nos-mercados-internacionais-302661038.html\" target=\"_blank\">https:\/\/www.prnewswire.com\/br\/comunicados-para-a-imprensa\/a-black-box-nomeia-sameer-batra-como-diretor-comercial-para-acelerar-o-crescimento-nos-mercados-internacionais-302661038.html<\/a><\/p>\n<p>FONTE Black Box Network Services<\/p>\n<\/div>\n<p>  <img decoding=\"async\" alt=\"\" src=\"https:\/\/rt.prnewswire.com\/rt.gif?NewsItemId=PT60882&amp;Transmission_Id=202601140552PR_NEWS_LATAM____PT60882&amp;DateId=20260114\" style=\"border:0px;width:1px;height:1px\" \/><\/p>\n<p><strong>T\u00f3picos Relacionados:<\/strong> Redes de Computadores, Software de Computador, Telecomunica\u00e7\u00f5es, Tecnologia de Internet, Computador\/Eletr\u00f4nica, Computa\u00e7\u00e3o em Nuvem\/Internet das Coisas, Seguran\u00e7a de Alta Tecnologia, An\u00fancios de Pessoal<\/p>\n<p>A <b>OESP<\/b> n\u00e3o \u00e9(s\u00e3o) respons\u00e1vel(is) por erros, incorre\u00e7\u00f5es, atrasos ou quaisquer decis\u00f5es tomadas por seus clientes com base nos Conte\u00fados ora disponibilizados, bem como tais Conte\u00fados n\u00e3o representam a opini\u00e3o da <b>OESP<\/b> e s\u00e3o de inteira responsabilidade da <b>PR Newswire Ltda<\/b><\/p>\n","protected":false},"excerpt":{"rendered":"Novo l\u00edder impulsionar\u00e1 o crescimento da base de clientes e a receita nas regi\u00f5es da \u00cdndia, ANZ, APJ e MEA. MUMBAI, \u00cdndia, 14 de janeiro de 2026 \/PRNewswire\/ &#8212; A Black Box (BSE: 500463)","protected":false},"author":1,"featured_media":122750,"comment_status":"open","ping_status":"closed","sticky":false,"template":"","format":"standard","meta":{"_acf_changed":false,"inline_featured_image":false,"_monsterinsights_skip_tracking":false,"_monsterinsights_sitenote_active":false,"_monsterinsights_sitenote_note":"","_monsterinsights_sitenote_category":0,"footnotes":""},"categories":[27],"tags":[6234,6235,6233],"class_list":["post-122749","post","type-post","status-publish","format-standard","has-post-thumbnail","hentry","category-prnewswire","tag-anz","tag-apj-e-mea","tag-novo-lider-impulsionara-o-crescimento-da-base-de-clientes-e-a-receita-nas-regioes-da-india"],"acf":[],"_links":{"self":[{"href":"https:\/\/bluestudio.estadao.com.br\/agencia-de-comunicacao\/wp-json\/wp\/v2\/posts\/122749","targetHints":{"allow":["GET"]}}],"collection":[{"href":"https:\/\/bluestudio.estadao.com.br\/agencia-de-comunicacao\/wp-json\/wp\/v2\/posts"}],"about":[{"href":"https:\/\/bluestudio.estadao.com.br\/agencia-de-comunicacao\/wp-json\/wp\/v2\/types\/post"}],"author":[{"embeddable":true,"href":"https:\/\/bluestudio.estadao.com.br\/agencia-de-comunicacao\/wp-json\/wp\/v2\/users\/1"}],"replies":[{"embeddable":true,"href":"https:\/\/bluestudio.estadao.com.br\/agencia-de-comunicacao\/wp-json\/wp\/v2\/comments?post=122749"}],"version-history":[{"count":0,"href":"https:\/\/bluestudio.estadao.com.br\/agencia-de-comunicacao\/wp-json\/wp\/v2\/posts\/122749\/revisions"}],"wp:featuredmedia":[{"embeddable":true,"href":"https:\/\/bluestudio.estadao.com.br\/agencia-de-comunicacao\/wp-json\/wp\/v2\/media\/122750"}],"wp:attachment":[{"href":"https:\/\/bluestudio.estadao.com.br\/agencia-de-comunicacao\/wp-json\/wp\/v2\/media?parent=122749"}],"wp:term":[{"taxonomy":"category","embeddable":true,"href":"https:\/\/bluestudio.estadao.com.br\/agencia-de-comunicacao\/wp-json\/wp\/v2\/categories?post=122749"},{"taxonomy":"post_tag","embeddable":true,"href":"https:\/\/bluestudio.estadao.com.br\/agencia-de-comunicacao\/wp-json\/wp\/v2\/tags?post=122749"}],"curies":[{"name":"wp","href":"https:\/\/api.w.org\/{rel}","templated":true}]}}