{"id":122745,"date":"2026-01-14T07:20:00","date_gmt":"2026-01-14T10:20:00","guid":{"rendered":"https:\/\/bluestudio.estadao.com.br\/agencia-de-comunicacao\/saftec-digital\/elmar-juan-passos-varjao-bomfim-leva-a-palestra-engenharia-a-mais-humana-das-exatas-a-ufba\/"},"modified":"2026-01-14T07:20:00","modified_gmt":"2026-01-14T10:20:00","slug":"elmar-juan-passos-varjao-bomfim-leva-a-palestra-engenharia-a-mais-humana-das-exatas-a-ufba","status":"publish","type":"post","link":"https:\/\/bluestudio.estadao.com.br\/agencia-de-comunicacao\/saftec-digital\/elmar-juan-passos-varjao-bomfim-leva-a-palestra-engenharia-a-mais-humana-das-exatas-a-ufba\/","title":{"rendered":"Elmar Juan Passos Varj\u00e3o Bomfim leva a palestra &#8220;Engenharia, a mais humana das exatas&#8221; \u00e0 UFBA"},"content":{"rendered":"<p><b>O CEO da Andr\u00e9 Guimar\u00e3es Engenharia e Infraestrutura compartilha sua trajet\u00f3ria e vis\u00e3o sobre o papel humano da engenharia com estudantes da Escola Polit\u00e9cnica da UFBA.<\/b><\/p>\n<p>A Escola Polit\u00e9cnica da UFBA recebe, em 11 de dezembro, \u00e0s 18h, a palestra &#8220;Engenharia, a mais humana das exatas&#8221;, conduzida por Elmar Juan Passos Varj\u00e3o Bomfim, CEO da Andr\u00e9 Guimar\u00e3es Engenharia e Infraestrutura, bra\u00e7o do Grupo Andr\u00e9 Guimar\u00e3es, em Salvador. O encontro ser\u00e1 no Audit\u00f3rio Magno Valente e \u00e9 voltado a estudantes, professores e jovens profissionais interessados em entender como a t\u00e9cnica pode caminhar junto com responsabilidade social e constru\u00e7\u00e3o de carreira s\u00f3lida.<\/p>\n<p><b>A vis\u00e3o de Elmar Juan Passos Varj\u00e3o Bomfim sobre a &#8220;engenharia humana&#8221;<\/b><\/p>\n<p>Ao longo da apresenta\u00e7\u00e3o, Elmar Juan Passos Varj\u00e3o Bomfim pretende mostrar por que a engenharia, em sua experi\u00eancia, \u00e9 profundamente ligada \u00e0s pessoas, e n\u00e3o apenas a c\u00e1lculos e projetos. Com mais de tr\u00eas d\u00e9cadas atuando na constru\u00e7\u00e3o pesada, o executivo construiu trajet\u00f3ria que vai dos canteiros de obra \u00e0 lideran\u00e7a de grandes companhias, sempre combinando rigor t\u00e9cnico, gest\u00e3o de equipes e aten\u00e7\u00e3o \u00e0s vidas impactadas por cada empreendimento.<br \/>\nFilho de jornalista, o CEO encontrou nos n\u00fameros um caminho para transformar realidades. Sua carreira \u00e9 marcada por ascens\u00e3o, recome\u00e7os e decis\u00f5es dif\u00edceis, mas tamb\u00e9m por uma tese recorrente: conhecimento \u00e9 o ativo mais duradouro de um engenheiro. Em momentos de crise, foi o dom\u00ednio t\u00e9cnico que sustentou sua volta ao protagonismo no setor e fortaleceu seu v\u00ednculo com o Grupo Andr\u00e9 Guimar\u00e3es, hoje refer\u00eancia em obras de infraestrutura, constru\u00e7\u00e3o pesada, energia e solu\u00e7\u00f5es industriais em diferentes regi\u00f5es do pa\u00eds.<br \/>\nPara Elmar Juan Passos Varj\u00e3o Bomfim, a ideia de &#8220;engenharia humana&#8221; passa por enxergar cada projeto como parte de um tecido social mais amplo: estradas que aproximam regi\u00f5es, obras que viabilizam servi\u00e7os p\u00fablicos, estruturas que reorganizam o espa\u00e7o urbano.<\/p>\n<p><b>Forma\u00e7\u00e3o de talentos e futuro da constru\u00e7\u00e3o pesada<\/b><\/p>\n<p>A palestra integra uma agenda mais ampla da Andr\u00e9 Guimar\u00e3es Engenharia e Infraestrutura, que vem investindo na aproxima\u00e7\u00e3o com universidades, programas de est\u00e1gio e a\u00e7\u00f5es de incentivo \u00e0 forma\u00e7\u00e3o de novos quadros para a engenharia brasileira. A empresa, sediada em Salvador e com atua\u00e7\u00e3o nacional, aposta em inova\u00e7\u00e3o, m\u00e9todos construtivos eficientes e pr\u00e1ticas sustent\u00e1veis como pilares para atender \u00e0s demandas crescentes de infraestrutura, energia e solu\u00e7\u00f5es industriais.<br \/>\nAo compartilhar sua pr\u00f3pria trajet\u00f3ria, Elmar Juan Passos Varj\u00e3o Bomfim tamb\u00e9m pretende mostrar que a &#8220;obra&#8221; mais desafiadora de um engenheiro \u00e9 a pr\u00f3pria carreira. Planejamento de longo prazo, base t\u00e9cnica s\u00f3lida, \u00e9tica nas rela\u00e7\u00f5es e capacidade de dialogar com diferentes atores, do setor p\u00fablico ao privado, aparecem como elementos centrais para quem deseja protagonizar grandes projetos num pa\u00eds em plena transforma\u00e7\u00e3o econ\u00f4mica e social.<br \/>\nCom entrada gratuita, o encontro na Escola Polit\u00e9cnica da UFBA se apresenta como oportunidade para refletir sobre o papel da engenharia em um cen\u00e1rio de alta demanda por obras de infraestrutura e necessidade de qualifica\u00e7\u00e3o de m\u00e3o de obra. Mais do que uma aula sobre t\u00e9cnicas, a proposta \u00e9 convidar os participantes a pensar qual legado desejam construir ao longo de suas trajet\u00f3rias profissionais.<\/p>\n<p>A <b>OESP<\/b> n\u00e3o \u00e9(s\u00e3o) respons\u00e1vel(is) por erros, incorre\u00e7\u00f5es, atrasos ou quaisquer decis\u00f5es tomadas por seus clientes com base nos Conte\u00fados ora disponibilizados, bem como tais Conte\u00fados n\u00e3o representam a opini\u00e3o da <b>OESP<\/b> e s\u00e3o de inteira responsabilidade da <b>Ag\u00eancia Saftec<\/b><\/p>\n","protected":false},"excerpt":{"rendered":"O CEO da Andr\u00e9 Guimar\u00e3es Engenharia e Infraestrutura compartilha sua trajet\u00f3ria e vis\u00e3o sobre o papel humano da engenharia com estudantes da Escola Polit\u00e9cnica da UFBA. A Escola Polit\u00e9cnica da","protected":false},"author":1,"featured_media":122746,"comment_status":"open","ping_status":"closed","sticky":false,"template":"","format":"standard","meta":{"_acf_changed":false,"inline_featured_image":false,"_monsterinsights_skip_tracking":false,"_monsterinsights_sitenote_active":false,"_monsterinsights_sitenote_note":"","_monsterinsights_sitenote_category":0,"footnotes":""},"categories":[525],"tags":[],"class_list":["post-122745","post","type-post","status-publish","format-standard","has-post-thumbnail","hentry","category-saftec-digital"],"acf":[],"_links":{"self":[{"href":"https:\/\/bluestudio.estadao.com.br\/agencia-de-comunicacao\/wp-json\/wp\/v2\/posts\/122745","targetHints":{"allow":["GET"]}}],"collection":[{"href":"https:\/\/bluestudio.estadao.com.br\/agencia-de-comunicacao\/wp-json\/wp\/v2\/posts"}],"about":[{"href":"https:\/\/bluestudio.estadao.com.br\/agencia-de-comunicacao\/wp-json\/wp\/v2\/types\/post"}],"author":[{"embeddable":true,"href":"https:\/\/bluestudio.estadao.com.br\/agencia-de-comunicacao\/wp-json\/wp\/v2\/users\/1"}],"replies":[{"embeddable":true,"href":"https:\/\/bluestudio.estadao.com.br\/agencia-de-comunicacao\/wp-json\/wp\/v2\/comments?post=122745"}],"version-history":[{"count":0,"href":"https:\/\/bluestudio.estadao.com.br\/agencia-de-comunicacao\/wp-json\/wp\/v2\/posts\/122745\/revisions"}],"wp:featuredmedia":[{"embeddable":true,"href":"https:\/\/bluestudio.estadao.com.br\/agencia-de-comunicacao\/wp-json\/wp\/v2\/media\/122746"}],"wp:attachment":[{"href":"https:\/\/bluestudio.estadao.com.br\/agencia-de-comunicacao\/wp-json\/wp\/v2\/media?parent=122745"}],"wp:term":[{"taxonomy":"category","embeddable":true,"href":"https:\/\/bluestudio.estadao.com.br\/agencia-de-comunicacao\/wp-json\/wp\/v2\/categories?post=122745"},{"taxonomy":"post_tag","embeddable":true,"href":"https:\/\/bluestudio.estadao.com.br\/agencia-de-comunicacao\/wp-json\/wp\/v2\/tags?post=122745"}],"curies":[{"name":"wp","href":"https:\/\/api.w.org\/{rel}","templated":true}]}}