{"id":122379,"date":"2026-01-03T14:12:00","date_gmt":"2026-01-03T17:12:00","guid":{"rendered":"https:\/\/bluestudio.estadao.com.br\/agencia-de-comunicacao\/prnewswire\/dreame-apresenta-o-futuro-da-limpeza-com-aspiradores-de-po-e-liquidos-na-ces-2026\/"},"modified":"2026-01-03T14:12:00","modified_gmt":"2026-01-03T17:12:00","slug":"dreame-apresenta-o-futuro-da-limpeza-com-aspiradores-de-po-e-liquidos-na-ces-2026","status":"publish","type":"post","link":"https:\/\/bluestudio.estadao.com.br\/agencia-de-comunicacao\/prnewswire\/dreame-apresenta-o-futuro-da-limpeza-com-aspiradores-de-po-e-liquidos-na-ces-2026\/","title":{"rendered":"Dreame apresenta o futuro da limpeza com aspiradores de p\u00f3 e l\u00edquidos na CES 2026"},"content":{"rendered":"\n<div class=\"xn-content\">\n<span class=\"legendSpanClass\">LAS VEGAS<\/span>, <span class=\"legendSpanClass\">3 de janeiro de 2026<\/span> \/PRNewswire\/ &#8212; A Dreame Technology participar\u00e1 da CES 2026 em Las Vegas, de 6 a 9 de janeiro. Sua Unidade de Neg\u00f3cios de Aspiradores de P\u00f3 e L\u00edquidos apresentar\u00e1 tecnologias centrais e novos produtos, destacando os avan\u00e7os mais recentes na limpeza com aspiradores de p\u00f3 e l\u00edquidos dentro do ecossistema inteligente de casa inteira da Dreame, sob a promessa da marca &#8220;All Dreams in One Dreame&#8221;.<\/p>\n<div id=\"prni_dvprnejpg15f4left\" dir=\"ltr\" style=\"width: 100%;text-align: left\"><img decoding=\"async\" id=\"prnejpg15f4left\" title=\" \" src=\"https:\/\/mma.prnewswire.com\/media\/2851959\/20251226_182151.jpg\" alt=\" \" align=\"middle\" \/><\/div>\n<p><b>Tecnologias emblem\u00e1ticas de aspiradores de p\u00f3 e l\u00edquidos em exibi\u00e7\u00e3o<\/b><\/p>\n<p>Em duas \u00e1reas de exposi\u00e7\u00e3o no Las Vegas Convention Center (Central Hall, estande 17726) e no Venetian Expo (estande 52323), a Dreame mostrar\u00e1 como suas inova\u00e7\u00f5es em aspiradores de p\u00f3 e l\u00edquidos integram calor, vapor e assist\u00eancia com IA para simplificar a limpeza e oferecer resultados consistentes em resid\u00eancias reais. Al\u00e9m dos recursos individuais, esses avan\u00e7os reduzem o esfor\u00e7o manual, minimizam a necessidade de m\u00faltiplas passadas e enfrentam desafios persistentes de limpeza profunda vivenciados por lares em todo o mundo.<\/p>\n<p>Essas abordagens tecnol\u00f3gicas est\u00e3o refletidas em todo o portf\u00f3lio de aspiradores de p\u00f3 e l\u00edquidos premium da Dreame em exibi\u00e7\u00e3o. O H15 Pro Heat, vencedor do Pr\u00eamio de Inova\u00e7\u00e3o da CES 2026, representa o primeiro aspirador da Dreame para limpeza de pisos com \u00e1gua quente, utilizando \u00e1gua a 85\u00b0C (185\u00b0F) e um bra\u00e7o rob\u00f3tico com IA para soltar res\u00edduos de gordura e melhorar a limpeza sob m\u00f3veis baixos e ao longo das bordas, gra\u00e7as ao design totalmente reclin\u00e1vel em 180\u00b0. J\u00e1 o H16 Pro Steam conta com os primeiros bra\u00e7os rob\u00f3ticos duplos com IA do mundo e um sistema de limpeza com calor duplo, combinando vapor a 200\u00b0C (392\u00b0F) com \u00e1gua a 90\u00b0C (194\u00b0F) para proporcionar uma higieniza\u00e7\u00e3o mais profunda e sem produtos qu\u00edmicos em sujeiras dif\u00edceis no piso.<\/p>\n<p><b>Por que os aspiradores de p\u00f3 e l\u00edquidos s\u00e3o importantes<\/b><\/p>\n<p>\u00c0 medida que os lares modernos enfrentam necessidades cada vez mais diversas de limpeza de pisos, as rotinas tradicionais geralmente exigem v\u00e1rias ferramentas e etapas repetidas para lidar tanto com sujeira \u00famida quanto com sujeira seca. Os aspiradores de p\u00f3 e l\u00edquidos resolvem esse desafio ao combinar aspira\u00e7\u00e3o e lavagem do piso em um \u00fanico processo, permitindo que sujeiras do dia a dia &#8212; como l\u00edquidos, migalhas, poeira e pelos de animais &#8212; sejam removidas em uma \u00fanica passada. Ao reduzir a necessidade de alternar entre dispositivos, essa categoria ajuda a simplificar os cuidados di\u00e1rios com o piso e a aumentar a efici\u00eancia da limpeza, sendo ideal para lares com rotinas agitadas, incluindo fam\u00edlias com crian\u00e7as e animais de estima\u00e7\u00e3o.<\/p>\n<p><b>Sobre a Dreame Technology<\/b><\/p>\n<p>Fundada em 2017, a Dreame Technology \u00e9 l\u00edder global em eletr\u00f4nicos de consumo de alto padr\u00e3o e manufatura inteligente, com a vis\u00e3o de transformar vidas por meio da tecnologia. Siga-nos no Facebook, Instagram, TikTok e Twitter. Para mais informa\u00e7\u00f5es, acesse <a href=\"https:\/\/www.dreametech.com\/\" target=\"_blank\" rel=\"nofollow\">https:\/\/www.dreametech.com\/<\/a>.<\/p>\n<p><b>Contato com a m\u00eddia: <\/b><\/p>\n<p>Lin YANG<br \/><a href=\"mailto:yanglin4@dreame.tech\" target=\"_blank\" rel=\"nofollow\">yanglin4@dreame.tech<\/a> <\/p>\n<p>Foto &#8211; <a href=\"https:\/\/mma.prnewswire.com\/media\/2851959\/20251226_182151.jpg\" target=\"_blank\" rel=\"nofollow\">https:\/\/mma.prnewswire.com\/media\/2851959\/20251226_182151.jpg<\/a><\/p>\n<p id=\"PURL\"><img loading=\"lazy\" decoding=\"async\" title=\"Cision\" width=\"12\" height=\"12\" alt=\"Cision\" src=\"https:\/\/edge.prnewswire.com\/c\/img\/favicon.png?sn=PT53817&amp;sd=2026-01-03\" \/> View original content:<a id=\"PRNURL\" rel=\"nofollow\" href=\"https:\/\/www.prnewswire.com\/br\/comunicados-para-a-imprensa\/dreame-apresenta-o-futuro-da-limpeza-com-aspiradores-de-po-e-liquidos-na-ces-2026-302649876.html\" target=\"_blank\">https:\/\/www.prnewswire.com\/br\/comunicados-para-a-imprensa\/dreame-apresenta-o-futuro-da-limpeza-com-aspiradores-de-po-e-liquidos-na-ces-2026-302649876.html<\/a><\/p>\n<p>FONTE Dreame Technology<\/p>\n<\/div>\n<p>  <img decoding=\"async\" alt=\"\" src=\"https:\/\/rt.prnewswire.com\/rt.gif?NewsItemId=PT53817&amp;Transmission_Id=202601031200PR_NEWS_LATAM____PT53817&amp;DateId=20260103\" style=\"border:0px;width:1px;height:1px\" \/><\/p>\n<p><strong>T\u00f3picos Relacionados:<\/strong> Novos Produtos\/Servi\u00e7os, Not\u00edcias de Feiras Comerciais, Produtos Dom\u00e9sticos, Eventos Futuros, Eletr\u00f4nicos de Consumo, Dom\u00e9stico\/Consumidor\/Cosm\u00e9ticos, Computador\/Eletr\u00f4nica<\/p>\n<p>A <b>OESP<\/b> n\u00e3o \u00e9(s\u00e3o) respons\u00e1vel(is) por erros, incorre\u00e7\u00f5es, atrasos ou quaisquer decis\u00f5es tomadas por seus clientes com base nos Conte\u00fados ora disponibilizados, bem como tais Conte\u00fados n\u00e3o representam a opini\u00e3o da <b>OESP<\/b> e s\u00e3o de inteira responsabilidade da <b>PR Newswire Ltda<\/b><\/p>\n","protected":false},"excerpt":{"rendered":"LAS VEGAS, 3 de janeiro de 2026 \/PRNewswire\/ &#8212; A Dreame Technology participar\u00e1 da CES 2026 em Las Vegas, de 6 a 9 de janeiro. Sua Unidade de Neg\u00f3cios de Aspiradores de P\u00f3 e L\u00edquidos","protected":false},"author":1,"featured_media":122380,"comment_status":"open","ping_status":"closed","sticky":false,"template":"","format":"standard","meta":{"_acf_changed":false,"inline_featured_image":false,"_monsterinsights_skip_tracking":false,"_monsterinsights_sitenote_active":false,"_monsterinsights_sitenote_note":"","_monsterinsights_sitenote_category":0,"footnotes":""},"categories":[27],"tags":[5986,5987],"class_list":["post-122379","post","type-post","status-publish","format-standard","has-post-thumbnail","hentry","category-prnewswire","tag-a-dreame-technology-participara-da-ces-2026-em-las-vegas","tag-de-6-a-9-de-janeiro-sua-unidade-de-negocios-de-aspiradores-de-po-e-liquidos-apresentara-tecnologias-centrais-e-novos-pro"],"acf":[],"_links":{"self":[{"href":"https:\/\/bluestudio.estadao.com.br\/agencia-de-comunicacao\/wp-json\/wp\/v2\/posts\/122379","targetHints":{"allow":["GET"]}}],"collection":[{"href":"https:\/\/bluestudio.estadao.com.br\/agencia-de-comunicacao\/wp-json\/wp\/v2\/posts"}],"about":[{"href":"https:\/\/bluestudio.estadao.com.br\/agencia-de-comunicacao\/wp-json\/wp\/v2\/types\/post"}],"author":[{"embeddable":true,"href":"https:\/\/bluestudio.estadao.com.br\/agencia-de-comunicacao\/wp-json\/wp\/v2\/users\/1"}],"replies":[{"embeddable":true,"href":"https:\/\/bluestudio.estadao.com.br\/agencia-de-comunicacao\/wp-json\/wp\/v2\/comments?post=122379"}],"version-history":[{"count":0,"href":"https:\/\/bluestudio.estadao.com.br\/agencia-de-comunicacao\/wp-json\/wp\/v2\/posts\/122379\/revisions"}],"wp:featuredmedia":[{"embeddable":true,"href":"https:\/\/bluestudio.estadao.com.br\/agencia-de-comunicacao\/wp-json\/wp\/v2\/media\/122380"}],"wp:attachment":[{"href":"https:\/\/bluestudio.estadao.com.br\/agencia-de-comunicacao\/wp-json\/wp\/v2\/media?parent=122379"}],"wp:term":[{"taxonomy":"category","embeddable":true,"href":"https:\/\/bluestudio.estadao.com.br\/agencia-de-comunicacao\/wp-json\/wp\/v2\/categories?post=122379"},{"taxonomy":"post_tag","embeddable":true,"href":"https:\/\/bluestudio.estadao.com.br\/agencia-de-comunicacao\/wp-json\/wp\/v2\/tags?post=122379"}],"curies":[{"name":"wp","href":"https:\/\/api.w.org\/{rel}","templated":true}]}}