{"id":122241,"date":"2025-12-24T16:40:00","date_gmt":"2025-12-24T19:40:00","guid":{"rendered":"https:\/\/bluestudio.estadao.com.br\/agencia-de-comunicacao\/markable-comunicacao\/industria-brasileira-enfrenta-alta-nos-acidentes-de-trabalho-e-reforca-urgencia-por-modernizacao-e-seguranca\/"},"modified":"2025-12-24T16:40:00","modified_gmt":"2025-12-24T19:40:00","slug":"industria-brasileira-enfrenta-alta-nos-acidentes-de-trabalho-e-reforca-urgencia-por-modernizacao-e-seguranca","status":"publish","type":"post","link":"https:\/\/bluestudio.estadao.com.br\/agencia-de-comunicacao\/markable-comunicacao-homework\/industria-brasileira-enfrenta-alta-nos-acidentes-de-trabalho-e-reforca-urgencia-por-modernizacao-e-seguranca\/","title":{"rendered":"Ind\u00fastria brasileira enfrenta alta nos acidentes de trabalho e refor\u00e7a urg\u00eancia por moderniza\u00e7\u00e3o e seguran\u00e7a"},"content":{"rendered":"<p><i>Rayflex destaca solu\u00e7\u00f5es para combater fragilidades nas opera\u00e7\u00f5es da ind\u00fastria, ampliando a efici\u00eancia de produ\u00e7\u00e3o e valoriza\u00e7\u00e3o do capital humano  <\/i><\/p>\n<p>O aumento consistente dos acidentes de trabalho no Brasil refor\u00e7a um alerta que n\u00e3o pode mais ser ignorado pelas empresas. Dados divulgados pelo Minist\u00e9rio do Trabalho e Emprego (MTE) mostram que, desde 2021, o pa\u00eds registra eleva\u00e7\u00e3o anual nos casos. No comparativo entre os primeiros semestres de 2024 e 2025, o crescimento alcan\u00e7ou 8,98%. Al\u00e9m disso, a ocorr\u00eancia de \u00f3bitos segue alta, especialmente entre jovens de at\u00e9 34 anos causados por acidentes desse tipo no pa\u00eds. Esse conjunto de indicadores evidencia o impacto direto sobre a for\u00e7a de trabalho, a produtividade e a sustentabilidade das opera\u00e7\u00f5es industriais.<\/p>\n<p>O cen\u00e1rio refor\u00e7a a urg\u00eancia de aprimorar pr\u00e1ticas de seguran\u00e7a, revisar rotinas e investir em ambientes operacionais mais estruturados. Uma das empresas que contribui com a moderniza\u00e7\u00e3o da ind\u00fastria \u00e9 a Rayflex, refer\u00eancia nacional na fabrica\u00e7\u00e3o de portas r\u00e1pidas industriais, que refor\u00e7a seu compromisso com a prote\u00e7\u00e3o do capital humano e a efici\u00eancia operacional. Para a CEO da Rayflex, Giordania Tavares, investir em seguran\u00e7a n\u00e3o \u00e9 um custo, mas uma estrat\u00e9gia de longo prazo que traz retorno direto \u00e0 produtividade.<\/p>\n<p>\u201cAo longo dos anos investimos em inova\u00e7\u00e3o para diferentes setores, tais como: aliment\u00edcio, farmac\u00eautico, automobil\u00edstico, metal\u00fargico, agroneg\u00f3cio e centros log\u00edsticos. Todas essas \u00e1reas exigem alta precis\u00e3o operacional, que envolvem a preserva\u00e7\u00e3o dos insumos; controle de temperatura, higiene e limpeza; seguran\u00e7a para ambientes de circula\u00e7\u00e3o \u00e1gil e intensa; nivelamento adequado entre caminh\u00f5es e docas; sa\u00edda estrat\u00e9gica em caso de acidentes e inc\u00eandios; isolamento e separa\u00e7\u00e3o de ambientes com cargas qu\u00edmicas e\/ou perigosas, entre outras situa\u00e7\u00f5es\u201d, explica.<\/p>\n<p><b>Tecnologia aplicada \u00e0 prote\u00e7\u00e3o e ao desempenho industrial<\/b><\/p>\n<p>As solu\u00e7\u00f5es desenvolvidas pela empresa apoiam diretamente essas necessidades. Entre os destaques est\u00e1 a Janela de Seguran\u00e7a, que amplia a visibilidade dos processos enquanto restringe o acesso de pessoas a \u00e1reas de m\u00e1quinas em movimento, podendo ser integrada a cortinas de luz e scanners sem comprometer a produtividade. J\u00e1 a RP de Emerg\u00eancia, exclusiva no mercado, agrega prote\u00e7\u00e3o adicional ao integrar sa\u00edda de emerg\u00eancia \u00e0 pr\u00f3pria porta, permitindo evacua\u00e7\u00e3o r\u00e1pida e retomada imediata das atividades mesmo em espa\u00e7os com exig\u00eancias r\u00edgidas de veda\u00e7\u00e3o e fluxo intenso de pessoas.<\/p>\n<p>Outro recurso \u00e9 o uso da Porta Seccional Isot\u00e9rmica junto \u00e0 Niveladora de Doca Eletro-hidr\u00e1ulica, que podem operar de forma intertravada. Desta forma, garantem controle t\u00e9rmico, otimiza\u00e7\u00e3o de energia e seguran\u00e7a nas etapas de carga e descarga, compensando desn\u00edveis entre caminh\u00f5es e docas e automatizando movimentos antes executados manualmente pelos colaboradores.<\/p>\n<p>A conex\u00e3o entre seguran\u00e7a e tecnologia evidencia que a moderniza\u00e7\u00e3o \u00e9 fator decisivo para mitigar riscos e sustentar opera\u00e7\u00f5es mais seguras e eficientes. Dados recentes do Instituto Brasileiro de Geografia e Estat\u00edstica (IBGE), divulgados em setembro de 2025 e referentes ao per\u00edodo de 2022 a 2024, mostram que 89,1% das empresas industriais j\u00e1 adotam ao menos uma tecnologia digital avan\u00e7ada, como Internet das Coisas (IoT), Intelig\u00eancia Artificial (IA), computa\u00e7\u00e3o em nuvem, rob\u00f3tica ou manufatura aditiva.<\/p>\n<p>A combina\u00e7\u00e3o entre moderniza\u00e7\u00e3o dos processos, fortalecimento das medidas de seguran\u00e7a e ado\u00e7\u00e3o de tecnologias coloca empresas como a Rayflex na vanguarda do desenvolvimento industrial. Em um momento em que os indicadores de acidentes permanecem elevados, solu\u00e7\u00f5es voltadas \u00e0 prote\u00e7\u00e3o dos colaboradores e \u00e0 efici\u00eancia operacional tornam-se essenciais para preparar o setor produtivo para 2026 e para os desafios que moldar\u00e3o o futuro da ind\u00fastria brasileira.<\/p>\n<p>A <b>OESP<\/b> n\u00e3o \u00e9(s\u00e3o) respons\u00e1vel(is) por erros, incorre\u00e7\u00f5es, atrasos ou quaisquer decis\u00f5es tomadas por seus clientes com base nos Conte\u00fados ora disponibilizados, bem como tais Conte\u00fados n\u00e3o representam a opini\u00e3o da <b>OESP<\/b> e s\u00e3o de inteira responsabilidade da <b>Markable Comunica\u00e7\u00e3o<\/b><\/p>\n","protected":false},"excerpt":{"rendered":"Rayflex destaca solu\u00e7\u00f5es para combater fragilidades nas opera\u00e7\u00f5es da ind\u00fastria, ampliando a efici\u00eancia de produ\u00e7\u00e3o e valoriza\u00e7\u00e3o do capital humano O aumento consistente dos acidentes de","protected":false},"author":1,"featured_media":122242,"comment_status":"open","ping_status":"closed","sticky":false,"template":"","format":"standard","meta":{"_acf_changed":false,"inline_featured_image":false,"_monsterinsights_skip_tracking":false,"_monsterinsights_sitenote_active":false,"_monsterinsights_sitenote_note":"","_monsterinsights_sitenote_category":0,"footnotes":""},"categories":[552],"tags":[],"class_list":["post-122241","post","type-post","status-publish","format-standard","has-post-thumbnail","hentry","category-markable-comunicacao-homework"],"acf":[],"_links":{"self":[{"href":"https:\/\/bluestudio.estadao.com.br\/agencia-de-comunicacao\/wp-json\/wp\/v2\/posts\/122241","targetHints":{"allow":["GET"]}}],"collection":[{"href":"https:\/\/bluestudio.estadao.com.br\/agencia-de-comunicacao\/wp-json\/wp\/v2\/posts"}],"about":[{"href":"https:\/\/bluestudio.estadao.com.br\/agencia-de-comunicacao\/wp-json\/wp\/v2\/types\/post"}],"author":[{"embeddable":true,"href":"https:\/\/bluestudio.estadao.com.br\/agencia-de-comunicacao\/wp-json\/wp\/v2\/users\/1"}],"replies":[{"embeddable":true,"href":"https:\/\/bluestudio.estadao.com.br\/agencia-de-comunicacao\/wp-json\/wp\/v2\/comments?post=122241"}],"version-history":[{"count":0,"href":"https:\/\/bluestudio.estadao.com.br\/agencia-de-comunicacao\/wp-json\/wp\/v2\/posts\/122241\/revisions"}],"wp:featuredmedia":[{"embeddable":true,"href":"https:\/\/bluestudio.estadao.com.br\/agencia-de-comunicacao\/wp-json\/wp\/v2\/media\/122242"}],"wp:attachment":[{"href":"https:\/\/bluestudio.estadao.com.br\/agencia-de-comunicacao\/wp-json\/wp\/v2\/media?parent=122241"}],"wp:term":[{"taxonomy":"category","embeddable":true,"href":"https:\/\/bluestudio.estadao.com.br\/agencia-de-comunicacao\/wp-json\/wp\/v2\/categories?post=122241"},{"taxonomy":"post_tag","embeddable":true,"href":"https:\/\/bluestudio.estadao.com.br\/agencia-de-comunicacao\/wp-json\/wp\/v2\/tags?post=122241"}],"curies":[{"name":"wp","href":"https:\/\/api.w.org\/{rel}","templated":true}]}}