{"id":122184,"date":"2025-12-23T13:42:00","date_gmt":"2025-12-23T16:42:00","guid":{"rendered":"https:\/\/bluestudio.estadao.com.br\/agencia-de-comunicacao\/prnewswire\/skincare-nas-ferias-saiba-como-montar-um-necessaire-para-levar-na-mala-de-viagem\/"},"modified":"2025-12-23T13:42:00","modified_gmt":"2025-12-23T16:42:00","slug":"skincare-nas-ferias-saiba-como-montar-um-necessaire-para-levar-na-mala-de-viagem","status":"publish","type":"post","link":"https:\/\/bluestudio.estadao.com.br\/agencia-de-comunicacao\/prnewswire\/skincare-nas-ferias-saiba-como-montar-um-necessaire-para-levar-na-mala-de-viagem\/","title":{"rendered":"Skincare nas f\u00e9rias: saiba como montar um n\u00e9cessaire para levar na mala de viagem"},"content":{"rendered":"\n<div class=\"xn-content\">\n<p class=\"prntac\"><i>Dermatologista e influenciadora ensinam como organizar um kit descomplicado para cuidar da pele<\/i><\/p>\n<p><span class=\"legendSpanClass\">S\u00c3O PAULO<\/span>, <span class=\"legendSpanClass\">23 de dezembro de 2025<\/span> \/PRNewswire\/ &#8212; As f\u00e9rias s\u00e3o o momento perfeito para relaxar, desacelerar e renovar as energias. Mas, entre viagens, festas e muitos mergulhos no mar e na piscina, \u00e9 comum que o skincare seja deixado de lado. O resultado? Pele desidratada, oleosa, sens\u00edvel ou com manchas ap\u00f3s o retorno. A boa not\u00edcia \u00e9 que manter a rotina de cuidados mesmo longe de casa \u00e9 simples. Basta montar um n\u00e9cessaire funcional, leve e completo para levar na mala.<\/p>\n<p>Segundo a Sociedade Brasileira de Dermatologia (SBD)<sup>1<\/sup>, manter uma rotina m\u00ednima de cuidados di\u00e1rios \u00e9 fundamental, mesmo fora de casa. A entidade recomenda tr\u00eas passos b\u00e1sicos: limpeza, hidrata\u00e7\u00e3o e prote\u00e7\u00e3o solar, sempre adaptando os produtos ao tipo de pele e ao clima do destino.<\/p>\n<div class=\"PRN_ImbeddedAssetReference\" id=\"DivAssetPlaceHolder9712\">\n<a href=\"https:\/\/mma.prnewswire.com\/media\/2850662\/Dermotivin_Original.html\" target=\"_blank\" rel=\"nofollow\"><img decoding=\"async\" src=\"https:\/\/mma.prnewswire.com\/media\/2850662\/Dermotivin_Original.jpg\" title=\"Imagem: divulga\u00e7\u00e3o Dermotivin(R) Original\" alt=\"Imagem: divulga\u00e7\u00e3o Dermotivin(R) Original\" \/><\/a><\/p>\n<\/div>\n<p><b>Como escolher produtos pr\u00e1ticos<\/b><\/p>\n<p>Um sabonete facial suave, de prefer\u00eancia em gel ou espuma, \u00e9 essencial para remover impurezas sem agredir a barreira cut\u00e2nea. J\u00e1 os s\u00e9runs concentrados podem ser grandes aliados em viagens, pois possuem textura leve e ajudam na hidrata\u00e7\u00e3o do rosto, mantendo a pele equilibrada mesmo em climas diferentes.<\/p>\n<p>O hidratante corporal tamb\u00e9m n\u00e3o pode ficar de fora. F\u00f3rmulas leves e de r\u00e1pida absor\u00e7\u00e3o s\u00e3o ideais para aplicar ap\u00f3s o banho ou depois de longos dias de sol e piscina. Produtos com manteiga de karit\u00e9, glicerina ou aloe vera garantem maciez e conforto sem sensa\u00e7\u00e3o pegajosa.<\/p>\n<p>Al\u00e9m disso, o protetor solar continua sendo indispens\u00e1vel e deve ser reaplicado ao longo do dia. A dermatologista Dra. S\u00e2mela Rosique (CRM-RO 35.27 | RQE 28.00) refor\u00e7a: &#8220;A exposi\u00e7\u00e3o ao sol sem prote\u00e7\u00e3o \u00e9 o fator mais envelhecedor da pele&#8221;. Ent\u00e3o, invista em filtros com FPS 50 ou mais e vers\u00f5es resistentes \u00e0 \u00e1gua, especialmente para praias e piscinas.<\/p>\n<p><b>F\u00f3rmulas funcionais para cada destino<\/b><\/p>\n<p>O clima do local influencia diretamente nos produtos que v\u00e3o no n\u00e9cessaire. Em regi\u00f5es quentes e \u00famidas, o ideal \u00e9 apostar em f\u00f3rmulas calmantes, como aloe vera, niacinamida ou pantenol, que ajudam a reduzir vermelhid\u00e3o e desconforto ap\u00f3s a exposi\u00e7\u00e3o solar.<\/p>\n<p>&#8220;Agora, quem viaja para regi\u00f5es frias deve priorizar hidratantes mais densos, que evitam o ressecamento e ajudam a manter a pele confort\u00e1vel e saud\u00e1vel&#8221;, explica Dra. S\u00e2mela.<\/p>\n<p>Em grandes cidades, onde a polui\u00e7\u00e3o pode comprometer a sa\u00fade da pele, s\u00e9runs antioxidantes com vitamina C e niacinamida s\u00e3o grandes aliados, combatendo radicais livres e preservando o vi\u00e7o natural da pele.<\/p>\n<p><b>Vers\u00f5es compactas e multifuncionais<\/b><\/p>\n<p>Como o espa\u00e7o na mala costuma ser limitado, vers\u00f5es compactas e produtos multifuncionais s\u00e3o excelentes op\u00e7\u00f5es. &#8220;Produtos multifuncionais s\u00e3o perfeitos. Eles economizam tempo e espa\u00e7o &#8212; e asseguram que sua pele receba todos os cuidados necess\u00e1rios sem excesso de embalagens&#8221;, afirma Dra. Rosique.<\/p>\n<p>Miniaturas e kits de viagem tamb\u00e9m garantem que voc\u00ea leve apenas o essencial, sem pesar a bagagem. E, claro, nada de exagerar na quantidade &#8212; menos \u00e9 mais quando o objetivo \u00e9 praticidade.<\/p>\n<p><b>Cuidados di\u00e1rios nas f\u00e9rias<\/b><\/p>\n<p>A influenciadora de beleza Mirella Qualha (<a href=\"https:\/\/www.instagram.com\/iamirella\/\" target=\"_blank\" rel=\"nofollow\">@iamirella<\/a>) refor\u00e7a a import\u00e2ncia do cuidado cont\u00ednuo. Para ela, skincare deve ser feito todos os dias, inclusive em viagens ou f\u00e9rias, j\u00e1 que a pele tamb\u00e9m merece esse cuidado.<\/p>\n<p>Mirella tamb\u00e9m comenta sobre praticidade: &#8220;Durante a viagem, gosto de levar apenas produtos que funcionem bem juntos, como os da linha Cetaphil Corporal. Assim, consigo cuidar da pele sem perder tempo e aproveitando cada momento.&#8221; Segundo ela, separar alguns minutos do dia para cuidar da pele \u00e9 tamb\u00e9m separar um tempo para si mesma, promovendo bem-estar e conforto.<\/p>\n<p>Por isso, montar um kit de skincare para as f\u00e9rias \u00e9, acima de tudo, uma forma de autocuidado. Dessa forma, \u00e9 poss\u00edvel aproveitar o descanso sem abrir m\u00e3o da sa\u00fade cut\u00e2nea &#8212; e voltar para casa com a pele luminosa, equilibrada e bem cuidada. Afinal, f\u00e9rias boas s\u00e3o aquelas em que corpo, mente e pele descansam juntas.<\/p>\n<p>Confira produtos que podem ajudar nessa miss\u00e3o:<\/p>\n<p><b><a href=\"https:\/\/www.cetaphil.com.br\/linhas\/gel-creme-r%C3%A1pida-absor%C3%A7%C3%A3o\/gel-creme-r%C3%A1pida-absor%C3%A7%C3%A3o-cetaphil-226g\/3499320014274.html\" target=\"_blank\" rel=\"nofollow\">Cetaphil<sup>(R)<\/sup> Gel Creme de R\u00e1pida Absor\u00e7\u00e3o 236ml<\/a><\/b> combina de maneira \u00fanica a hidrata\u00e7\u00e3o intensa de um creme, com a sensa\u00e7\u00e3o leve e n\u00e3o pegajosa<sup>2<\/sup> de um gel de r\u00e1pida absor\u00e7\u00e3o para deixar uma sensa\u00e7\u00e3o de pele macia, suave e refrescante<sup>3A<\/sup>. Com sua f\u00f3rmula enriquecida com Aloe Vera e Alanto\u00edna<sup>4<\/sup>, ajuda a reduzir a sensa\u00e7\u00e3o de irrita\u00e7\u00e3o e desconforto associada \u00e0 pele muito seca e descamativa<sup>5<\/sup>.<\/p>\n<p><b><a href=\"https:\/\/www.cetaphil.com.br\/produtos\/hidratacao\/lo%C3%A7%C3%A3o-hidratante-cetaphil-59ml-travel-size\/7897930778481.html\" target=\"_blank\" rel=\"nofollow\">Cetaphil<sup>(R)<\/sup> Lo\u00e7\u00e3o Hidratante 50ml<\/a><\/b> protege contra os 5 sinais da pele sens\u00edvel: barreira cut\u00e2nea enfraquecida, ressecamento, aspereza, desconforto e repuxamento<sup>6<\/sup>. Al\u00e9m do mais, conta com 48 horas de hidrata\u00e7\u00e3o<sup>7 <\/sup>e reduz imediatamente a o ressecamento da pele<sup>8B<\/sup>.<\/p>\n<p><b><a href=\"https:\/\/www.cetaphil.com.br\/linhas\/healthy-radiance\/serum-antimanchas\/3499320016766.html\" target=\"_blank\" rel=\"nofollow\">Cetaphil<sup>(R)<\/sup> Healthy Radiance Perfecting S\u00e9rum Antimanchas 30ml<\/a><\/b> oferece 7 benef\u00edcios em um \u00fanico produto: reduz manchas escuras causadas<sup>C<\/sup> pelo sol e envelhecimento, uniformiza o tom da pele, melhora linhas finas, aumenta a luminosidade, deixa a pele fresca e descansada, melhora a hidrata\u00e7\u00e3o e ilumina a pele<sup>9D<\/sup>. Com a exclusiva Tecnologia Gentlebright<sup>(TM)<\/sup>, que combina niacinamida, l\u00edrio do mar e vitamina C, o produto ajuda a proteger contra o estresse oxidativo da luz azul<sup>10<\/sup>.<\/p>\n<p><b><a href=\"https:\/\/www.dermotivin.com.br\/dermotivin\/produtos\/original-sabonete-liquido-70ml\" target=\"_blank\" rel=\"nofollow\">Dermotivin<sup>(R)<\/sup> Original Sabonete Liqu\u00eddo Facial 70ml<\/a><\/b> \u00e9 um sabonete facial prescrito para peles mistas e oleosas. Cont\u00e9m a\u00e7\u00e3o higienizadora equilibrada, que corrige o brilho e a oleosidade da pele sem ressec\u00e1-la<sup>11E<\/sup>.<\/p>\n<p><b><a href=\"https:\/\/www.dermotivin.com.br\/dermotivin\/produtos\/oil-control-sabonete-liquido-70ml\" target=\"_blank\" rel=\"nofollow\">Dermotivin<sup>(R)<\/sup> Oil Control Sabonete Liqu\u00eddo Facial 70ml<\/a><\/b> cont\u00e9m Sebaryl<sup>(TM)12F<\/sup>, um complexo com ingredientes que melhoram a apar\u00eancia e o sensorial da pele oleosa, reduzindo a oleosidade e o brilho<sup>12F<\/sup>. Ideal para peles muito oleosas.<\/p>\n<p>Vale ressaltar que, antes de iniciar os cuidados com qualquer ativo, \u00e9 essencial seguir as orienta\u00e7\u00f5es de um m\u00e9dico dermatologista. <\/p>\n<p><b><i>Refer\u00eancias:<\/i><\/b><\/p>\n<p><i>A.  Estudo de percep\u00e7\u00e3o realizado com 43 participantes.<\/i><\/p>\n<p><i>B. Estudo realizado com 36 participantes durante 28 dias de aplica\u00e7\u00e3o<\/i><\/p>\n<p><i>C. Causadas pelo sol e pelo envelhecimento<\/i><\/p>\n<p><i>D. Estudo de autopercep\u00e7\u00e3o, n=43<\/i><\/p>\n<p><i>E. Estudo de percep\u00e7\u00e3o realizado com 30 participantes<\/i><\/p>\n<p><i>F.<\/i> <i>Sabonete L\u00edquido e Espuma<\/i><\/p>\n<p><i>1.<\/i> <a href=\"https:\/\/www.sbd.org.br\/cuidados\/cuidados-diarios-com-a-pele\/\" target=\"_blank\" rel=\"nofollow\">https:\/\/www.sbd.org.br\/cuidados\/cuidados-diarios-com-a-pele\/<\/a><\/p>\n<p><i>2. RD.03.SPR.202525 (FIL 1677) <\/i><\/p>\n<p><i>3. Estudio: Gel cremoso que calma y protege la piel irritada &#8211; Soothing gel<\/i><\/p>\n<p><i>4. Data on File. F\u00f3rmula FIL 1677 &#8211; 24.11.2021<\/i><\/p>\n<p><i>5. RD.03.SPR.202525 (FIL 1677)<\/i><\/p>\n<p><i>6. RD.27.SPR.203917 Hydration_CeraV (FIL 1745)<\/i><\/p>\n<p><i>7. PROTECTIVE EFFECT AGAINST WATER LOSS AND MOISTURIZING EFFECT Clinical study for the evaluation of the effect of a cosmetic investigational product on the moisturization degree of the upper layers of the epidermis and on the cutaneous barrier function, after a single cutaneous application, in the adult subject<\/i><\/p>\n<p><i>8. RD.53.SRE.203722 (FIL 1745)<\/i><\/p>\n<p><i>9-10. CETAPHIL_BHR-2.0_ClinicalDataIndex<\/i><\/p>\n<p><i>11. Data on file: Per-E-EP-29574-09-09-11 L\u00edquido<\/i><\/p>\n<p><i>12. Data on File Sebaryl(TM) Bioregulator of sebaceous secretion (BASF)<\/i><\/p>\n<p><b>Sobre a Galderma<\/b> <br \/>A Galderma \u00e9 uma das empresas l\u00edderes em dermatologia, presente em aproximadamente 90 pa\u00edses. Oferecemos um portf\u00f3lio inovador, embasado em ci\u00eancia, com marcas e servi\u00e7os premium que abrangem todo o universo do mercado dermatol\u00f3gico em r\u00e1pido crescimento, por meio dos neg\u00f3cios de Est\u00e9tica Injet\u00e1vel e Skincare Dermatol\u00f3gico &amp; Dermatologia Terap\u00eautica. Desde a nossa funda\u00e7\u00e3o, em 1981, dedicamos nosso foco e paix\u00e3o ao maior \u00f3rg\u00e3o do corpo humano &#8211; a pele &#8211; atendendo \u00e0s necessidades individuais de consumidores e pacientes com resultados superiores, em parceria com profissionais de sa\u00fade. Estamos avan\u00e7ando a dermatologia para cada hist\u00f3ria de pele, por entender que a pele em que estamos molda nossas vidas. Para mais informa\u00e7\u00f5es, acesse: <a href=\"https:\/\/www.galderma.com\/br-pt\/brasil\" target=\"_blank\" rel=\"nofollow\">www.galderma.com\/br-pt\/brasil<\/a><\/p>\n<p>Foto &#8211; <a href=\"https:\/\/mma.prnewswire.com\/media\/2850662\/Dermotivin_Original.jpg\" target=\"_blank\" rel=\"nofollow\">https:\/\/mma.prnewswire.com\/media\/2850662\/Dermotivin_Original.jpg<\/a><\/p>\n<div class=\"PRN_ImbeddedAssetReference\" id=\"DivAssetPlaceHolder0\"><\/div>\n<p id=\"PURL\"><img loading=\"lazy\" decoding=\"async\" title=\"Cision\" width=\"12\" height=\"12\" alt=\"Cision\" src=\"https:\/\/edge.prnewswire.com\/c\/img\/favicon.png?sn=PT52722&amp;sd=2025-12-23\" \/> View original content to download multimedia:<a id=\"PRNURL\" rel=\"nofollow\" href=\"https:\/\/www.prnewswire.com\/br\/comunicados-para-a-imprensa\/skincare-nas-ferias-saiba-como-montar-um-necessaire-para-levar-na-mala-de-viagem-302648842.html\" target=\"_blank\">https:\/\/www.prnewswire.com\/br\/comunicados-para-a-imprensa\/skincare-nas-ferias-saiba-como-montar-um-necessaire-para-levar-na-mala-de-viagem-302648842.html<\/a><\/p>\n<p>FONTE Galderma<\/p>\n<\/div>\n<p>  <img decoding=\"async\" alt=\"\" src=\"https:\/\/rt.prnewswire.com\/rt.gif?NewsItemId=PT52722&amp;Transmission_Id=202512231128PR_NEWS_LATAM____PT52722&amp;DateId=20251223\" style=\"border:0px;width:1px;height:1px\" \/><\/p>\n<p><strong>T\u00f3picos Relacionados:<\/strong> Novos Produtos\/Servi\u00e7os, Sa\u00fade\/Hospitais, Dom\u00e9stico\/Consumidor\/Cosm\u00e9ticos, Cosm\u00e9ticos e Cuidados Pessoais<\/p>\n<p>A <b>OESP<\/b> n\u00e3o \u00e9(s\u00e3o) respons\u00e1vel(is) por erros, incorre\u00e7\u00f5es, atrasos ou quaisquer decis\u00f5es tomadas por seus clientes com base nos Conte\u00fados ora disponibilizados, bem como tais Conte\u00fados n\u00e3o representam a opini\u00e3o da <b>OESP<\/b> e s\u00e3o de inteira responsabilidade da <b>PR Newswire Ltda<\/b><\/p>\n","protected":false},"excerpt":{"rendered":"Dermatologista e influenciadora ensinam como organizar um kit descomplicado para cuidar da pele S\u00c3O PAULO, 23 de dezembro de 2025 \/PRNewswire\/ &#8212; As f\u00e9rias s\u00e3o o momento perfeito para relaxar,","protected":false},"author":1,"featured_media":122185,"comment_status":"open","ping_status":"closed","sticky":false,"template":"","format":"standard","meta":{"_acf_changed":false,"inline_featured_image":false,"_monsterinsights_skip_tracking":false,"_monsterinsights_sitenote_active":false,"_monsterinsights_sitenote_note":"","_monsterinsights_sitenote_category":0,"footnotes":""},"categories":[27],"tags":[5905],"class_list":["post-122184","post","type-post","status-publish","format-standard","has-post-thumbnail","hentry","category-prnewswire","tag-dermatologista-e-influenciadora-ensinam-como-organizar-um-kit-descomplicado-para-cuidar-da-pele"],"acf":[],"_links":{"self":[{"href":"https:\/\/bluestudio.estadao.com.br\/agencia-de-comunicacao\/wp-json\/wp\/v2\/posts\/122184","targetHints":{"allow":["GET"]}}],"collection":[{"href":"https:\/\/bluestudio.estadao.com.br\/agencia-de-comunicacao\/wp-json\/wp\/v2\/posts"}],"about":[{"href":"https:\/\/bluestudio.estadao.com.br\/agencia-de-comunicacao\/wp-json\/wp\/v2\/types\/post"}],"author":[{"embeddable":true,"href":"https:\/\/bluestudio.estadao.com.br\/agencia-de-comunicacao\/wp-json\/wp\/v2\/users\/1"}],"replies":[{"embeddable":true,"href":"https:\/\/bluestudio.estadao.com.br\/agencia-de-comunicacao\/wp-json\/wp\/v2\/comments?post=122184"}],"version-history":[{"count":0,"href":"https:\/\/bluestudio.estadao.com.br\/agencia-de-comunicacao\/wp-json\/wp\/v2\/posts\/122184\/revisions"}],"wp:featuredmedia":[{"embeddable":true,"href":"https:\/\/bluestudio.estadao.com.br\/agencia-de-comunicacao\/wp-json\/wp\/v2\/media\/122185"}],"wp:attachment":[{"href":"https:\/\/bluestudio.estadao.com.br\/agencia-de-comunicacao\/wp-json\/wp\/v2\/media?parent=122184"}],"wp:term":[{"taxonomy":"category","embeddable":true,"href":"https:\/\/bluestudio.estadao.com.br\/agencia-de-comunicacao\/wp-json\/wp\/v2\/categories?post=122184"},{"taxonomy":"post_tag","embeddable":true,"href":"https:\/\/bluestudio.estadao.com.br\/agencia-de-comunicacao\/wp-json\/wp\/v2\/tags?post=122184"}],"curies":[{"name":"wp","href":"https:\/\/api.w.org\/{rel}","templated":true}]}}