{"id":122135,"date":"2025-12-22T14:42:00","date_gmt":"2025-12-22T17:42:00","guid":{"rendered":"https:\/\/bluestudio.estadao.com.br\/agencia-de-comunicacao\/prnewswire\/lg-traz-ao-brasil-a-experiencia-da-ces-2026-com-o-tema-inovacao-em-sintonia-com-voce\/"},"modified":"2025-12-22T14:42:00","modified_gmt":"2025-12-22T17:42:00","slug":"lg-traz-ao-brasil-a-experiencia-da-ces-2026-com-o-tema-inovacao-em-sintonia-com-voce","status":"publish","type":"post","link":"https:\/\/bluestudio.estadao.com.br\/agencia-de-comunicacao\/prnewswire\/lg-traz-ao-brasil-a-experiencia-da-ces-2026-com-o-tema-inovacao-em-sintonia-com-voce\/","title":{"rendered":"LG traz ao Brasil a experi\u00eancia da CES 2026 com o tema &#8216;Inova\u00e7\u00e3o em sintonia com voc\u00ea&#8217;"},"content":{"rendered":"\n<div class=\"xn-content\">\n<p class=\"prntac\"><b><i>Evento em S\u00e3o Paulo apresentar\u00e1 em primeira m\u00e3o a estrat\u00e9gia e as inova\u00e7\u00f5es da marca em Intelig\u00eancia Artificial para a imprensa e influenciadores do pa\u00eds<\/i><\/b><\/p>\n<div class=\"PRN_ImbeddedAssetReference\" id=\"DivAssetPlaceHolder6926\">\n<a href=\"https:\/\/mma.prnewswire.com\/media\/2850609\/image__32.html\" target=\"_blank\" rel=\"nofollow\"><img decoding=\"async\" src=\"https:\/\/mma.prnewswire.com\/media\/2850609\/image__32.jpg\" title=\"lg\" alt=\"lg\" \/><\/a><\/p>\n<\/div>\n<p id=\"temp_ReleaseStart\"><span class=\"legendSpanClass\">S\u00c3O PAULO<\/span>, <span class=\"legendSpanClass\">22 de dezembro de 2025<\/span> \/PRNewswire\/ &#8212; Em sintonia com sua participa\u00e7\u00e3o na Consumer Electronics Show (CES) 2026, o maior e mais influente evento de tecnologia do mundo, que acontece em Las Vegas, de 06 a 09 de janeiro, a LG Electronics do Brasil realizar\u00e1 um evento exclusivo e simult\u00e2neo em S\u00e3o Paulo no dia 6 de janeiro para apresentar \u00e0 imprensa e criadores de conte\u00fado brasileiros em primeira m\u00e3o detalhes da vis\u00e3o e dos conceitos que guiar\u00e3o a marca globalmente. Sob o tema &#8220;Inova\u00e7\u00e3o em sintonia com voc\u00ea&#8221;, o encontro ir\u00e1 aprofundar como as novas solu\u00e7\u00f5es inteligentes, impulsionadas por Intelig\u00eancia Afetiva, est\u00e3o prontas para elevar a vida cotidiana.<\/p>\n<p class=\"prntal\">O evento proporcionar\u00e1 aos convidados uma imers\u00e3o na estrat\u00e9gia da LG para um futuro mais conectado e intuitivo, incluindo tours virtuais nas salas secretas de Las Vegas. Ser\u00e3o apresentados os conceitos por tr\u00e1s dos principais an\u00fancios globais, que abrangem desde o &#8220;Lar Sem Esfor\u00e7o&#8221; (Zero Labor Home) at\u00e9 a nova era da mobilidade, todos integrados pela plataforma LG ThinQ.<\/p>\n<p class=\"prntal\">&#8220;A paix\u00e3o do brasileiro por tecnologia \u00e9 o que nos inspira. Por isso, o futuro \u00e9 sempre pensado para a casa de cada um dos nossos consumidores&#8221;, afirma Anna Karina Pinto, diretora de Marketing da LG Brasil. &#8220;Neste evento, vamos compartilhar como traduzimos a nossa vis\u00e3o de &#8216;Inova\u00e7\u00e3o em sintonia com voc\u00ea&#8217; baseada na Intelig\u00eancia Afetiva, ressaltando a tecnologia que cuida de fato da rotina di\u00e1ria dos mais diversos tipos de pessoas, a fim de proporcionar mais tempo de qualidade para o que realmente \u00e9 importante para cada um.&#8221;<\/p>\n<p class=\"prntal\">Durante o encontro, os executivos da LG no Brasil contextualizar\u00e3o os an\u00fancios globais, discutindo o impacto e a relev\u00e2ncia dessas novas tecnologias para o mercado brasileiro.<\/p>\n<p class=\"prntal\"><b>SOBRE A LG ELECTRONICS, INC.<\/b><\/p>\n<p class=\"prntal\">A LG Electronics \u00e9 uma l\u00edder global em tecnologia e eletr\u00f4nicos de consumo, com presen\u00e7a em quase todos os pa\u00edses e uma for\u00e7a de trabalho internacional superior a 75 mil pessoas. A companhia reorganizou suas opera\u00e7\u00f5es em quatro <i>divis\u00f5es de neg\u00f3cios:<\/i> <b>Home Appliance Solution (HS), Media Entertainment Solution (MS), Vehicle Solution (VS) e Eco Solution (ES)<\/b>, redefinindo seus pap\u00e9is e identidades para acelerar sua vis\u00e3o de futuro at\u00e9 2030. Em 2024, as quatro <i>divis\u00f5es<\/i> combinadas geraram uma receita global de mais de 87,74 trilh\u00f5es de KRW (US$ 64,32 bilh\u00f5es). A LG \u00e9 reconhecida mundialmente por suas solu\u00e7\u00f5es inovadoras em TVs, eletrodom\u00e9sticos, ar-condicionado, monitores, componentes automotivos e solu\u00e7\u00f5es sustent\u00e1veis. Suas marcas premium LG SIGNATURE e a plataforma inteligente LG ThinQ refor\u00e7am o compromisso da empresa com inova\u00e7\u00e3o e qualidade. Para mais informa\u00e7\u00f5es, acesse: <a href=\"https:\/\/urldefense.com\/v3\/__http:\/www.lgnewsroom.com\/__;!!IfJP2Nwhk5Z0yJ43lA!JB8jB_aDq9q12ibgovI6-LbtY20JVh38xXUo475_MtX_u-KAleYlWRWWG4S7nFpo1h15OwLmCUvyCfYHbjftcyax$\" target=\"_blank\" rel=\"nofollow\">www.LGnewsroom.com<\/a>.<\/p>\n<p class=\"prntal\"><b>SOBRE A LG ELECTRONICS NO BRASIL<\/b><\/p>\n<p class=\"prntal\">Presente no Brasil desde 1996, a LG Electronics oferece um amplo portf\u00f3lio com mais de 350 produtos, incluindo TVs, <i>caixas de som, pain\u00e9is, monitores, som automotivo, equipamentos de inform\u00e1tica, ar-condicionado (residencial e comercial),<\/i> produtos de linha branca e solu\u00e7\u00f5es corporativas. Alinhada \u00e0 nova estrutura global, a opera\u00e7\u00e3o brasileira integra iniciativas das quatro <i>divis\u00f5es da<\/i> LG: HS, MS, VS e ES. <i>Nossa<\/i> f\u00e1brica em Manaus produz a maior parte dos itens comercializados no Pa\u00eds, consolidando a subsidi\u00e1ria brasileira como uma das cinco maiores opera\u00e7\u00f5es da LG fora da Coreia. Com cerca de tr\u00eas mil colaboradores, a empresa conta com assist\u00eancia<i> t\u00e9cnica e call center pr\u00f3prios, Business Solution Center em S\u00e3o Paulo e duas lojas conceito (Salvador e S\u00e3o Paulo) al\u00e9m de uma f\u00e1brica de Linha Branca em Constru\u00e7\u00e3o na regi\u00e3o metropolitana de Curitiba, Paran\u00e1.<\/i><\/p>\n<p class=\"prntal\"><b>LIFE&#8217;S GOOD<\/b><\/p>\n<p class=\"prntal\">A LG Electronics tem como prop\u00f3sito central o bem-estar do consumidor, oferecendo produtos que trazem solu\u00e7\u00f5es pr\u00e1ticas e impacto real no conforto do dia a dia das pessoas ao redor do mundo. Esse \u00e9 o verdadeiro significado de &#8216;Life&#8217;s Good&#8217;. Para levar essa filosofia al\u00e9m da experi\u00eancia com seus produtos, a empresa lan\u00e7ou iniciativas como o &#8216;<a href=\"https:\/\/urldefense.com\/v3\/__https:\/radiooptimism.lg.com\/pt__;!!IfJP2Nwhk5Z0yJ43lA!M9j_zEjJ89z154ULUt6eY3pwOZwuH7e_L_9LnZBVfOAQjtfVtRxD67Yg1lYYYK9GYpGk097wTvqGv0zWHjEsPHZ3qw$\" target=\"_blank\" rel=\"nofollow\">Radio Optimism<\/a>&#8216; &#8212; uma plataforma gratuita que transforma mensagens de carinho em m\u00fasicas personalizadas, com a miss\u00e3o de levar otimismo e aproximar as pessoas. Essa e outras a\u00e7\u00f5es da campanha &#8216;Life&#8217;s Good&#8217; buscam fortalecer conex\u00f5es mais profundas entre as pessoas, mostrando na pr\u00e1tica como a inova\u00e7\u00e3o da LG atua para tornar a vida genuinamente melhor.<\/p>\n<p class=\"prntal\"><b>ACOMPANHE TODAS AS INFORMA\u00c7\u00d5ES NOS CANAIS LG  <br \/><\/b>Site: <a href=\"http:\/\/www.lg.com\/br\" target=\"_blank\" rel=\"nofollow\">http:\/\/www.lg.com\/br<\/a><br \/>Instagram: <a href=\"https:\/\/www.instagram.com\/lgbrasil\/\" target=\"_blank\" rel=\"nofollow\">https:\/\/www.instagram.com\/lgbrasil\/<\/a><br \/>Twitter: <a href=\"http:\/\/twitter.com\/lgdobrasil\" target=\"_blank\" rel=\"nofollow\">http:\/\/twitter.com\/lgdobrasil<\/a><br \/>YouTube: <a href=\"http:\/\/www.youtube.com\/lgdobrasil\" target=\"_blank\" rel=\"nofollow\">http:\/\/www.youtube.com\/lgdobrasil<\/a><br \/>Facebook: <a href=\"http:\/\/www.facebook.com\/lgdobrasil\" target=\"_blank\" rel=\"nofollow\">http:\/\/www.facebook.com\/lgdobrasil<\/a><br \/>Linkedin: <a href=\"http:\/\/www.linkedin.com\/company\/lg-electronics-brasil\" target=\"_blank\" rel=\"nofollow\">www.linkedin.com\/company\/lg-electronics-brasil<\/a><\/p>\n<p class=\"prntal\">Foto &#8211; <a href=\"https:\/\/mma.prnewswire.com\/media\/2850609\/image__32.jpg\" target=\"_blank\" rel=\"nofollow\">https:\/\/mma.prnewswire.com\/media\/2850609\/image__32.jpg<\/a><\/p>\n<div class=\"PRN_ImbeddedAssetReference\" id=\"DivAssetPlaceHolder0\"><\/div>\n<p id=\"PURL\"><img loading=\"lazy\" decoding=\"async\" title=\"Cision\" width=\"12\" height=\"12\" alt=\"Cision\" src=\"https:\/\/edge.prnewswire.com\/c\/img\/favicon.png?sn=PT52645&amp;sd=2025-12-22\" \/> View original content to download multimedia:<a id=\"PRNURL\" rel=\"nofollow\" href=\"https:\/\/www.prnewswire.com\/br\/comunicados-para-a-imprensa\/lg-traz-ao-brasil-a-experiencia-da-ces-2026-com-o-tema-inovacao-em-sintonia-com-voce-302648166.html\" target=\"_blank\">https:\/\/www.prnewswire.com\/br\/comunicados-para-a-imprensa\/lg-traz-ao-brasil-a-experiencia-da-ces-2026-com-o-tema-inovacao-em-sintonia-com-voce-302648166.html<\/a><\/p>\n<p>FONTE LG Electronics Brasil<\/p>\n<\/div>\n<p>  <img decoding=\"async\" alt=\"\" src=\"https:\/\/rt.prnewswire.com\/rt.gif?NewsItemId=PT52645&amp;Transmission_Id=202512221227PR_NEWS_LATAM____PT52645&amp;DateId=20251222\" style=\"border:0px;width:1px;height:1px\" \/><\/p>\n<p><strong>T\u00f3picos Relacionados:<\/strong> Not\u00edcias de Feiras Comerciais, Produtos Dom\u00e9sticos, Eventos Futuros, Varejo, Eletr\u00f4nicos de Consumo, Dom\u00e9stico\/Consumidor\/Cosm\u00e9ticos, Computador\/Eletr\u00f4nica<\/p>\n<p>A <b>OESP<\/b> n\u00e3o \u00e9(s\u00e3o) respons\u00e1vel(is) por erros, incorre\u00e7\u00f5es, atrasos ou quaisquer decis\u00f5es tomadas por seus clientes com base nos Conte\u00fados ora disponibilizados, bem como tais Conte\u00fados n\u00e3o representam a opini\u00e3o da <b>OESP<\/b> e s\u00e3o de inteira responsabilidade da <b>PR Newswire Ltda<\/b><\/p>\n","protected":false},"excerpt":{"rendered":"Evento em S\u00e3o Paulo apresentar\u00e1 em primeira m\u00e3o a estrat\u00e9gia e as inova\u00e7\u00f5es da marca em Intelig\u00eancia Artificial para a imprensa e influenciadores do pa\u00eds S\u00c3O PAULO, 22 de dezembro de 2025","protected":false},"author":1,"featured_media":122136,"comment_status":"open","ping_status":"closed","sticky":false,"template":"","format":"standard","meta":{"_acf_changed":false,"inline_featured_image":false,"_monsterinsights_skip_tracking":false,"_monsterinsights_sitenote_active":false,"_monsterinsights_sitenote_note":"","_monsterinsights_sitenote_category":0,"footnotes":""},"categories":[27],"tags":[5890],"class_list":["post-122135","post","type-post","status-publish","format-standard","has-post-thumbnail","hentry","category-prnewswire","tag-evento-em-sao-paulo-apresentara-em-primeira-mao-a-estrategia-e-as-inovacoes-da-marca-em-inteligencia-artificial-para-a-imprensa-e-influenciadores-do-pais"],"acf":[],"_links":{"self":[{"href":"https:\/\/bluestudio.estadao.com.br\/agencia-de-comunicacao\/wp-json\/wp\/v2\/posts\/122135","targetHints":{"allow":["GET"]}}],"collection":[{"href":"https:\/\/bluestudio.estadao.com.br\/agencia-de-comunicacao\/wp-json\/wp\/v2\/posts"}],"about":[{"href":"https:\/\/bluestudio.estadao.com.br\/agencia-de-comunicacao\/wp-json\/wp\/v2\/types\/post"}],"author":[{"embeddable":true,"href":"https:\/\/bluestudio.estadao.com.br\/agencia-de-comunicacao\/wp-json\/wp\/v2\/users\/1"}],"replies":[{"embeddable":true,"href":"https:\/\/bluestudio.estadao.com.br\/agencia-de-comunicacao\/wp-json\/wp\/v2\/comments?post=122135"}],"version-history":[{"count":0,"href":"https:\/\/bluestudio.estadao.com.br\/agencia-de-comunicacao\/wp-json\/wp\/v2\/posts\/122135\/revisions"}],"wp:featuredmedia":[{"embeddable":true,"href":"https:\/\/bluestudio.estadao.com.br\/agencia-de-comunicacao\/wp-json\/wp\/v2\/media\/122136"}],"wp:attachment":[{"href":"https:\/\/bluestudio.estadao.com.br\/agencia-de-comunicacao\/wp-json\/wp\/v2\/media?parent=122135"}],"wp:term":[{"taxonomy":"category","embeddable":true,"href":"https:\/\/bluestudio.estadao.com.br\/agencia-de-comunicacao\/wp-json\/wp\/v2\/categories?post=122135"},{"taxonomy":"post_tag","embeddable":true,"href":"https:\/\/bluestudio.estadao.com.br\/agencia-de-comunicacao\/wp-json\/wp\/v2\/tags?post=122135"}],"curies":[{"name":"wp","href":"https:\/\/api.w.org\/{rel}","templated":true}]}}