{"id":122069,"date":"2025-12-21T18:40:00","date_gmt":"2025-12-21T21:40:00","guid":{"rendered":"https:\/\/bluestudio.estadao.com.br\/agencia-de-comunicacao\/saftec-digital\/empresario-joao-araujo-passa-a-integrar-o-conselho-consultivo-da-britanica-salus-optima\/"},"modified":"2025-12-21T18:40:00","modified_gmt":"2025-12-21T21:40:00","slug":"empresario-joao-araujo-passa-a-integrar-o-conselho-consultivo-da-britanica-salus-optima","status":"publish","type":"post","link":"https:\/\/bluestudio.estadao.com.br\/agencia-de-comunicacao\/saftec-digital\/empresario-joao-araujo-passa-a-integrar-o-conselho-consultivo-da-britanica-salus-optima\/","title":{"rendered":"Empres\u00e1rio Jo\u00e3o Ara\u00fajo passa a integrar o Conselho Consultivo da brit\u00e2nica Salus Optima"},"content":{"rendered":"<p>A Salus Optima, empresa brit\u00e2nica com sede na Inglaterra e refer\u00eancia global em Intelig\u00eancia Artificial, anunciou a entrada do empres\u00e1rio brasileiro Jo\u00e3o Ara\u00fajo em seu Conselho Consultivo. A nomea\u00e7\u00e3o de Jo\u00e3o Jos\u00e9 Oliveira Ara\u00fajo refor\u00e7a a estrat\u00e9gia de expans\u00e3o internacional da companhia, que mant\u00e9m parceria tecnol\u00f3gica estrat\u00e9gica com a equipe McLaren de F\u00f3rmula 1, um dos maiores s\u00edmbolos de inova\u00e7\u00e3o e alta performance do esporte mundial.<\/p>\n<p>Reconhecido por sua vis\u00e3o estrat\u00e9gica e por suas conex\u00f5es internacionais, especialmente na \u00c1sia, Jo\u00e3o Ara\u00fajo passa a contribuir diretamente com os planos de crescimento global da Salus Optima. A empresa pretende ampliar sua presen\u00e7a em mercados estrat\u00e9gicos e fortalecer sua atua\u00e7\u00e3o em ecossistemas de tecnologia de ponta, alinhados \u00e0 cultura de excel\u00eancia representada pela McLaren.<\/p>\n<p>Segundo o CEO da Salus Optima, Rodrigo Jesus, a chegada de Jo\u00e3o Jos\u00e9 Oliveira Ara\u00fajo representa um movimento estrat\u00e9gico decisivo. &#8220;A experi\u00eancia global de Jo\u00e3o Ara\u00fajo e sua capacidade de conectar inova\u00e7\u00e3o, tecnologia e neg\u00f3cios ser\u00e3o fundamentais para nossos pr\u00f3ximos passos, especialmente em projetos de alto desempenho como os que desenvolvemos junto \u00e0 McLaren&#8221;, afirmou.<\/p>\n<p>A Salus Optima atende clientes globais como Bayer, DuPont, PepsiCo e Swiss Life, e a parceria com a McLaren de F\u00f3rmula 1 refor\u00e7a sua posi\u00e7\u00e3o como l\u00edder mundial em solu\u00e7\u00f5es avan\u00e7adas de Intelig\u00eancia Artificial. A entrada de Jo\u00e3o Ara\u00fajo no Conselho Consultivo marca um novo cap\u00edtulo para a empresa, consolidando sua atua\u00e7\u00e3o em inova\u00e7\u00e3o cont\u00ednua e crescimento estrat\u00e9gico.<\/p>\n<p><b>Quem \u00e9 Jo\u00e3o Ara\u00fajo<\/b><\/p>\n<p>\nJo\u00e3o Jos\u00e9 Oliveira Ara\u00fajo \u00e9 um empres\u00e1rio brasileiro com trajet\u00f3ria destacada na expans\u00e3o e internacionaliza\u00e7\u00e3o da Buritirama Minera\u00e7\u00e3o, premiada pelo Valor Econ\u00f4mico e pela Revista Brasil Mineral. Fundador do Grupo Buritipar, atua em minera\u00e7\u00e3o, metalurgia, tecnologia, log\u00edstica e agroneg\u00f3cio, al\u00e9m de j\u00e1 ter sido conselheiro de empresas como Alpargatas, Brasil Ecodiesel e Paranapanema.<\/p>\n<p>A <b>OESP<\/b> n\u00e3o \u00e9(s\u00e3o) respons\u00e1vel(is) por erros, incorre\u00e7\u00f5es, atrasos ou quaisquer decis\u00f5es tomadas por seus clientes com base nos Conte\u00fados ora disponibilizados, bem como tais Conte\u00fados n\u00e3o representam a opini\u00e3o da <b>OESP<\/b> e s\u00e3o de inteira responsabilidade da <b>Ag\u00eancia Saftec<\/b><\/p>\n","protected":false},"excerpt":{"rendered":"A Salus Optima, empresa brit\u00e2nica com sede na Inglaterra e refer\u00eancia global em Intelig\u00eancia Artificial, anunciou a entrada do empres\u00e1rio brasileiro Jo\u00e3o Ara\u00fajo em seu Conselho Consultivo. A","protected":false},"author":1,"featured_media":122070,"comment_status":"open","ping_status":"closed","sticky":false,"template":"","format":"standard","meta":{"_acf_changed":false,"inline_featured_image":false,"_monsterinsights_skip_tracking":false,"_monsterinsights_sitenote_active":false,"_monsterinsights_sitenote_note":"","_monsterinsights_sitenote_category":0,"footnotes":""},"categories":[525],"tags":[],"class_list":["post-122069","post","type-post","status-publish","format-standard","has-post-thumbnail","hentry","category-saftec-digital"],"acf":[],"_links":{"self":[{"href":"https:\/\/bluestudio.estadao.com.br\/agencia-de-comunicacao\/wp-json\/wp\/v2\/posts\/122069","targetHints":{"allow":["GET"]}}],"collection":[{"href":"https:\/\/bluestudio.estadao.com.br\/agencia-de-comunicacao\/wp-json\/wp\/v2\/posts"}],"about":[{"href":"https:\/\/bluestudio.estadao.com.br\/agencia-de-comunicacao\/wp-json\/wp\/v2\/types\/post"}],"author":[{"embeddable":true,"href":"https:\/\/bluestudio.estadao.com.br\/agencia-de-comunicacao\/wp-json\/wp\/v2\/users\/1"}],"replies":[{"embeddable":true,"href":"https:\/\/bluestudio.estadao.com.br\/agencia-de-comunicacao\/wp-json\/wp\/v2\/comments?post=122069"}],"version-history":[{"count":0,"href":"https:\/\/bluestudio.estadao.com.br\/agencia-de-comunicacao\/wp-json\/wp\/v2\/posts\/122069\/revisions"}],"wp:featuredmedia":[{"embeddable":true,"href":"https:\/\/bluestudio.estadao.com.br\/agencia-de-comunicacao\/wp-json\/wp\/v2\/media\/122070"}],"wp:attachment":[{"href":"https:\/\/bluestudio.estadao.com.br\/agencia-de-comunicacao\/wp-json\/wp\/v2\/media?parent=122069"}],"wp:term":[{"taxonomy":"category","embeddable":true,"href":"https:\/\/bluestudio.estadao.com.br\/agencia-de-comunicacao\/wp-json\/wp\/v2\/categories?post=122069"},{"taxonomy":"post_tag","embeddable":true,"href":"https:\/\/bluestudio.estadao.com.br\/agencia-de-comunicacao\/wp-json\/wp\/v2\/tags?post=122069"}],"curies":[{"name":"wp","href":"https:\/\/api.w.org\/{rel}","templated":true}]}}