{"id":122057,"date":"2025-12-20T07:57:00","date_gmt":"2025-12-20T10:57:00","guid":{"rendered":"https:\/\/bluestudio.estadao.com.br\/agencia-de-comunicacao\/prnewswire\/brian-may-e-starmus-marcam-10-anos-da-medalha-stephen-hawking-science-com-o-lancamento-da-medalha-jane-goodall-earth\/"},"modified":"2025-12-20T07:57:00","modified_gmt":"2025-12-20T10:57:00","slug":"brian-may-e-starmus-marcam-10-anos-da-medalha-stephen-hawking-science-com-o-lancamento-da-medalha-jane-goodall-earth","status":"publish","type":"post","link":"https:\/\/bluestudio.estadao.com.br\/agencia-de-comunicacao\/prnewswire\/brian-may-e-starmus-marcam-10-anos-da-medalha-stephen-hawking-science-com-o-lancamento-da-medalha-jane-goodall-earth\/","title":{"rendered":"BRIAN MAY E STARMUS MARCAM 10 ANOS DA MEDALHA STEPHEN HAWKING SCIENCE COM O LAN\u00c7AMENTO DA MEDALHA JANE GOODALL EARTH"},"content":{"rendered":"\n<div class=\"xn-content\">\n<span class=\"legendSpanClass\">LONDRES<\/span>, <span class=\"legendSpanClass\">20 de dezembro de 2025<\/span> \/PRNewswire\/ &#8212; Esta semana, na Royal Society de Londres, membros do conselho do festival de ci\u00eancia e m\u00fasica l\u00edder mundial <b> STARMUS<\/b> &#8211; Garik Israelian, Sir Brian May, Peter Gabriel, Lord Michael Hintze e Lord Martin Rees &#8211; foram acompanhados por membros da <b> fam\u00edlia de Jane Goodall <\/b> e <b> Mary Lewis<\/b>, vice-presidente do Instituto Jane Goodall, para anunciar o <b> STARMUS VIII<\/b> e o lan\u00e7amento da <b> Medalha Terra Jane Goodall <\/b>.<\/p>\n<div id=\"prni_dvprnejpg9f6eleft\" dir=\"ltr\" style=\"width: 100%;text-align: left\"><img decoding=\"async\" id=\"prnejpg9f6eleft\" title=\"Garik Israelian, Peter Gabriel, Mary Lewis, Sir Brian May, Nick Van-Lawick, Merlin Van-Lawick, Angel Van-Lawick - Jane Goodall's grandchildren.\" src=\"https:\/\/mma.prnewswire.com\/media\/2849730\/Starmus_1.jpg\" alt=\"Garik Israelian, Peter Gabriel, Mary Lewis, Sir Brian May, Nick Van-Lawick, Merlin Van-Lawick, Angel Van-Lawick - Jane Goodall's grandchildren.\" align=\"middle\" \/><\/div>\n<p>A medalha ser\u00e1 concedida pela primeira vez no STARMUS VIII, que ser\u00e1 sediado em <b> Tenerife e La Palma em 2026<\/b>.<\/p>\n<p>O an\u00fancio ocorreu exatamente dez anos depois que STARMUS e o professor <b> Stephen Hawking<\/b> se reuniram na Royal Society para lan\u00e7ar a <b> Medalha Stephen Hawking de Comunica\u00e7\u00e3o Cient\u00edfica <\/b>, marcando uma d\u00e9cada de compromisso da STARMUS em unir ci\u00eancia, arte e humanidade.<\/p>\n<p>O diretor e cofundador da STARMUS, <b> Garik Israelian<\/b>, disse:<br \/>&#8220;H\u00e1 dez anos, Stephen Hawking se juntou a n\u00f3s para lan\u00e7ar uma medalha que inspirou milh\u00f5es a olhar para as estrelas. Hoje, com a b\u00ean\u00e7\u00e3o de Jane Goodall e sua fam\u00edlia, lan\u00e7amos uma medalha que nos chama a proteger a Terra. STARMUS VIII unir\u00e1 essas duas vis\u00f5es &#8212; a c\u00f3smica e a planet\u00e1ria &#8212; em uma festa dedicada \u00e0 busca da verdade.&#8221;<\/p>\n<p>Stephen Hawking disse uma vez sobre STARMUS:<br \/>&#8220;Em um mundo assolado por tantos problemas terr\u00edveis, STARMUS oferece um raio de esperan\u00e7a&#8230; uma c\u00e2mara de debate \u00fanica para o futuro da ra\u00e7a humana.&#8221;<\/p>\n<p>Em 2026, a STARMUS celebrar\u00e1 o <b> 10\u00ba anivers\u00e1rio da Medalha Stephen Hawking <\/b>, homenageando uma d\u00e9cada de cientistas, criadores, m\u00fasicos, cineastas e comunicadores que levaram adiante a vis\u00e3o de Hawking &#8211; incentivando a humanidade a questionar profundamente e abra\u00e7ar o poder da ci\u00eancia.<\/p>\n<p>Ao mesmo tempo, o festival premiar\u00e1 a <b> inaugural STARMUS Jane Goodall Earth Medal<\/b>, uma homenagem global que reconhece as vozes que protegem o planeta, defendem a biodiversidade e redefinem a rela\u00e7\u00e3o da humanidade com a natureza. Aprovada e aben\u00e7oada pela <b> Dra. Jane Goodall, DBE<\/b>, e sua fam\u00edlia, a medalha amplia a miss\u00e3o da STARMUS para a\u00e7\u00f5es ambientais e humanit\u00e1rias.<\/p>\n<p>Jane Goodall desempenhou um papel acarinhado dentro da STARMUS como membro do Conselho Consultivo, laureada com a Medalha Hawking, oradora principal e uma fonte de inspira\u00e7\u00e3o &#8211; particularmente para o povo de La Palma ap\u00f3s a erup\u00e7\u00e3o vulc\u00e2nica. Em conversas privadas com Israelian e Mary Lewis, ela deu sua b\u00ean\u00e7\u00e3o para que uma medalha ambiental e humanit\u00e1ria levasse seu nome.<\/p>\n<p><b> Merlin Van-Lawick<\/b>, neto de Jane Goodall, disse:<br \/>&#8220;Estamos profundamente gratos por a STARMUS ter escolhido homenagear a minha av\u00f3 desta forma. Apoiamos totalmente esta iniciativa, e Jane deu sua b\u00ean\u00e7\u00e3o a ela.&#8221;<\/p>\n<p>O cofundador da STARMUS, <b> Sir Brian May<\/b>, acrescentou:<br \/>&#8220;Jane Goodall e Stephen Hawking mudaram a forma como vemos o mundo &#8212; um olhando para as estrelas, o outro lembrando-nos de proteger a vida na Terra. Reunir seus legados \u00e9 profundamente necess\u00e1rio para o nosso tempo.&#8221;<\/p>\n<p><a href=\"http:\/\/www.starmus.com\/\" target=\"_blank\" rel=\"nofollow\"> <b>www.starmus.com<\/b> <\/a><\/p>\n<p>Foto &#8211; <a href=\"https:\/\/mma.prnewswire.com\/media\/2849730\/Starmus_1.jpg\" target=\"_blank\" rel=\"nofollow\"> https:\/\/mma.prnewswire.com\/media\/2849730\/Starmus_1.jpg<\/a><br \/>Foto &#8211; <a href=\"https:\/\/mma.prnewswire.com\/media\/2849729\/Starmus_2.jpg\" target=\"_blank\" rel=\"nofollow\">https:\/\/mma.prnewswire.com\/media\/2849729\/Starmus_2.jpg<\/a><\/p>\n<div id=\"prni_dvprnejpg9334left\" dir=\"ltr\" style=\"width: 100%;text-align: left\"><img decoding=\"async\" id=\"prnejpg9334left\" title=\"Starmus cofounders - Peter Gabriel, Garik Israelian, Sir Brian May\" src=\"https:\/\/mma.prnewswire.com\/media\/2849729\/Starmus_2.jpg\" alt=\"Starmus cofounders - Peter Gabriel, Garik Israelian, Sir Brian May\" align=\"middle\" \/><\/div>\n<\/p>\n<p id=\"PURL\"><img loading=\"lazy\" decoding=\"async\" title=\"Cision\" width=\"12\" height=\"12\" alt=\"Cision\" src=\"https:\/\/edge.prnewswire.com\/c\/img\/favicon.png?sn=PT51702&amp;sd=2025-12-20\" \/> View original content:<a id=\"PRNURL\" rel=\"nofollow\" href=\"https:\/\/www.prnewswire.com\/br\/comunicados-para-a-imprensa\/brian-may-e-starmus-marcam-10-anos-da-medalha-stephen-hawking-science-com-o-lancamento-da-medalha-jane-goodall-earth-302647481.html\" target=\"_blank\">https:\/\/www.prnewswire.com\/br\/comunicados-para-a-imprensa\/brian-may-e-starmus-marcam-10-anos-da-medalha-stephen-hawking-science-com-o-lancamento-da-medalha-jane-goodall-earth-302647481.html<\/a><\/p>\n<p>FONTE Starmus<\/p>\n<\/div>\n<p>  <img decoding=\"async\" alt=\"\" src=\"https:\/\/rt.prnewswire.com\/rt.gif?NewsItemId=PT51702&amp;Transmission_Id=202512200541PR_NEWS_LATAM____PT51702&amp;DateId=20251220\" style=\"border:0px;width:1px;height:1px\" \/><\/p>\n<p><strong>T\u00f3picos Relacionados:<\/strong> Novos Produtos\/Servi\u00e7os, M\u00fasica, Arte, Cultura e Design, STEM (Ci\u00eancia, Tecnologia, Engenharia, Matem\u00e1tica), Produtos e Servi\u00e7os Ambientais, Entretenimento<\/p>\n<p>A <b>OESP<\/b> n\u00e3o \u00e9(s\u00e3o) respons\u00e1vel(is) por erros, incorre\u00e7\u00f5es, atrasos ou quaisquer decis\u00f5es tomadas por seus clientes com base nos Conte\u00fados ora disponibilizados, bem como tais Conte\u00fados n\u00e3o representam a opini\u00e3o da <b>OESP<\/b> e s\u00e3o de inteira responsabilidade da <b>PR Newswire Ltda<\/b><\/p>\n","protected":false},"excerpt":{"rendered":"LONDRES, 20 de dezembro de 2025 \/PRNewswire\/ &#8212; Esta semana, na Royal Society de Londres, membros do conselho do festival de ci\u00eancia e m\u00fasica l\u00edder mundial STARMUS &#8211; Garik Israelian, Sir","protected":false},"author":1,"featured_media":122058,"comment_status":"open","ping_status":"closed","sticky":false,"template":"","format":"standard","meta":{"_acf_changed":false,"inline_featured_image":false,"_monsterinsights_skip_tracking":false,"_monsterinsights_sitenote_active":false,"_monsterinsights_sitenote_note":"","_monsterinsights_sitenote_category":0,"footnotes":""},"categories":[27],"tags":[5849,5854,5851,5850,5853,5852],"class_list":["post-122057","post","type-post","status-publish","format-standard","has-post-thumbnail","hentry","category-prnewswire","tag-esta-semana","tag-lord-m","tag-membros-do-conselho-do-festival-de-ciencia-e-musica-lider-mundial-starmus-garik-israelian","tag-na-royal-society-de-londres","tag-peter-gabriel","tag-sir-brian-may"],"acf":[],"_links":{"self":[{"href":"https:\/\/bluestudio.estadao.com.br\/agencia-de-comunicacao\/wp-json\/wp\/v2\/posts\/122057","targetHints":{"allow":["GET"]}}],"collection":[{"href":"https:\/\/bluestudio.estadao.com.br\/agencia-de-comunicacao\/wp-json\/wp\/v2\/posts"}],"about":[{"href":"https:\/\/bluestudio.estadao.com.br\/agencia-de-comunicacao\/wp-json\/wp\/v2\/types\/post"}],"author":[{"embeddable":true,"href":"https:\/\/bluestudio.estadao.com.br\/agencia-de-comunicacao\/wp-json\/wp\/v2\/users\/1"}],"replies":[{"embeddable":true,"href":"https:\/\/bluestudio.estadao.com.br\/agencia-de-comunicacao\/wp-json\/wp\/v2\/comments?post=122057"}],"version-history":[{"count":0,"href":"https:\/\/bluestudio.estadao.com.br\/agencia-de-comunicacao\/wp-json\/wp\/v2\/posts\/122057\/revisions"}],"wp:featuredmedia":[{"embeddable":true,"href":"https:\/\/bluestudio.estadao.com.br\/agencia-de-comunicacao\/wp-json\/wp\/v2\/media\/122058"}],"wp:attachment":[{"href":"https:\/\/bluestudio.estadao.com.br\/agencia-de-comunicacao\/wp-json\/wp\/v2\/media?parent=122057"}],"wp:term":[{"taxonomy":"category","embeddable":true,"href":"https:\/\/bluestudio.estadao.com.br\/agencia-de-comunicacao\/wp-json\/wp\/v2\/categories?post=122057"},{"taxonomy":"post_tag","embeddable":true,"href":"https:\/\/bluestudio.estadao.com.br\/agencia-de-comunicacao\/wp-json\/wp\/v2\/tags?post=122057"}],"curies":[{"name":"wp","href":"https:\/\/api.w.org\/{rel}","templated":true}]}}