{"id":121922,"date":"2025-12-18T17:13:00","date_gmt":"2025-12-18T20:13:00","guid":{"rendered":"https:\/\/bluestudio.estadao.com.br\/agencia-de-comunicacao\/prnewswire\/diebold-nixdorf-anuncia-jose-luiz-romano-como-novo-chief-financial-officer-para-america-latina\/"},"modified":"2025-12-18T17:13:00","modified_gmt":"2025-12-18T20:13:00","slug":"diebold-nixdorf-anuncia-jose-luiz-romano-como-novo-chief-financial-officer-para-america-latina","status":"publish","type":"post","link":"https:\/\/bluestudio.estadao.com.br\/agencia-de-comunicacao\/prnewswire\/diebold-nixdorf-anuncia-jose-luiz-romano-como-novo-chief-financial-officer-para-america-latina\/","title":{"rendered":"Diebold Nixdorf anuncia Jos\u00e9 Luiz Romano como novo Chief Financial Officer para Am\u00e9rica Latina"},"content":{"rendered":"\n<div class=\"xn-content\">\n<p class=\"prntac\"><i>Promo\u00e7\u00e3o ocorre em momento de fortalecimento da lideran\u00e7a e da estrat\u00e9gia no mercado financeiro e de varejo na regi\u00e3o<\/i><\/p>\n<p><span class=\"legendSpanClass\">S\u00c3O PAULO<\/span>, <span class=\"legendSpanClass\">18 de dezembro de 2025<\/span> \/PRNewswire\/ &#8212; A <a href=\"http:\/\/www.dieboldnixdorf.com.br\/\" target=\"_blank\" rel=\"nofollow\"><b>Diebold Nixdorf<\/b><\/a>, l\u00edder global em transformar o modo como as pessoas fazem compras e transa\u00e7\u00f5es banc\u00e1rias, anuncia que Jos\u00e9 Luiz Romano \u00e9 o novo Chief Financial Officer (CFO) para a Am\u00e9rica Latina, consolidando a estrat\u00e9gia da companhia de fortalecer sua governan\u00e7a regional e acelerar o crescimento nos estrat\u00e9gicos mercados de varejo e financeiro. O executivo \u00e9 CFO da opera\u00e7\u00e3o brasileira desde 2018 e tamb\u00e9m seguir\u00e1 liderando a \u00e1rea no pa\u00eds.<\/p>\n<div class=\"PRN_ImbeddedAssetReference\" id=\"DivAssetPlaceHolder1\">\n<a href=\"https:\/\/mma.prnewswire.com\/media\/2849179\/Romano.html\" target=\"_blank\" rel=\"nofollow\">  <img decoding=\"async\" src=\"https:\/\/mma.prnewswire.com\/media\/2849179\/Romano.jpg\" title=\"Jos\u00e9 Luiz Romano, Chief Financial Officer (CFO) para a Am\u00e9rica Latina na Diebold Nixdorf\" alt=\"Jos\u00e9 Luiz Romano, Chief Financial Officer (CFO) para a Am\u00e9rica Latina na Diebold Nixdorf\" \/><\/a>\n <\/p>\n<\/p><\/div>\n<p>A nomea\u00e7\u00e3o ocorre em um momento de evolu\u00e7\u00e3o da estrutura global da Diebold Nixdorf, que avan\u00e7a em um modelo regional mais integrado, com foco em efici\u00eancia, padroniza\u00e7\u00e3o de processos e amplia\u00e7\u00e3o da capacidade de inova\u00e7\u00e3o, servi\u00e7os e tecnologia. &#8220;Nos \u00faltimos anos, tivemos avan\u00e7os muito importantes no Brasil, modernizando rotinas internas e ampliando nossa capacidade de entrega, com uma estrutura financeira arrojada. Agora, levaremos essa experi\u00eancia para a Am\u00e9rica Latina, refor\u00e7ando nosso compromisso em fortalecer a governan\u00e7a financeira da regi\u00e3o, garantindo fluxos ainda mais conectados, eficientes e alinhados \u00e0s prioridades estrat\u00e9gicas da companhia. Nosso foco ser\u00e1 aprimorar ainda mais a previsibilidade, a disciplina operacional e o uso estrat\u00e9gico dos recursos, apoiando o crescimento sustent\u00e1vel da Diebold Nixdorf&#8221;, afirma o executivo.<\/p>\n<p>Com mais de 35 anos de experi\u00eancia nas \u00e1reas de gest\u00e3o financeira, planejamento e auditoria, Romano re\u00fane s\u00f3lida trajet\u00f3ria em empresas multinacionais, como White Martins e Xerox, com atua\u00e7\u00e3o em pa\u00edses como Brasil, Estados Unidos e Equador. Ao longo da carreira, apoiou processos de reposicionamento organizacional, recupera\u00e7\u00e3o de \u00e1reas em reestrutura\u00e7\u00e3o, desenvolvimento de equipes de alta performance, implementa\u00e7\u00e3o de controles internos e revis\u00e3o de pol\u00edticas corporativas.<\/p>\n<p>Desde que chegou \u00e0 Diebold Nixdorf, em 2016, como Gerente de Planejamento, An\u00e1lise e Informa\u00e7\u00f5es Gerenciais, Romano tem desempenhado um papel importante na evolu\u00e7\u00e3o das opera\u00e7\u00f5es financeiras no Brasil. Ele lidera iniciativas de planejamento e an\u00e1lise financeira (FP&amp;A), controladoria, tesouraria e contabilidade, al\u00e9m de atuar de forma muito pr\u00f3xima \u00e0 \u00e1rea comercial, oferecendo suporte completo \u00e0s opera\u00e7\u00f5es de venda e \u00e0s negocia\u00e7\u00f5es com clientes do segmento banc\u00e1rio, desde o c\u00e1lculo de pre\u00e7os e custos at\u00e9 a elabora\u00e7\u00e3o de propostas comerciais.<\/p>\n<p>Formado em Ci\u00eancias Cont\u00e1beis pela Universidade do Estado do Rio de Janeiro (UERJ) e p\u00f3s-graduado em Administra\u00e7\u00e3o Financeira pela Funda\u00e7\u00e3o Getulio Vargas (FGV), Romano tamb\u00e9m \u00e9 professor da FGV, educa\u00e7\u00e3o executiva &#8211; MBA Empresarial.<\/p>\n<p>&#8220;Estou muito animado por atuar diretamente na estrat\u00e9gia financeira regional da Diebold Nixdorf em um momento em que a companhia amplia sua oferta de servi\u00e7os e solu\u00e7\u00f5es de automa\u00e7\u00e3o para o varejo e o setor financeiro. Seguiremos avan\u00e7ando em um ambiente din\u00e2mico, fortalecendo a integra\u00e7\u00e3o entre os pa\u00edses e ampliando nossa capacidade de gerar valor aos clientes. Tenho confian\u00e7a de que vamos acelerar a evolu\u00e7\u00e3o dos neg\u00f3cios em toda a Am\u00e9rica Latina&#8221;, destaca.<\/p>\n<p><b>Sobre a Diebold Nixdorf<\/b>  <br \/>A <b>Diebold Nixdorf<\/b>?automatiza, digitaliza e transforma o modo como as pessoas fazem compras e transa\u00e7\u00f5es banc\u00e1rias. Como parceira da maioria das 100 maiores institui\u00e7\u00f5es financeiras e dos 25 maiores varejistas do mundo, as solu\u00e7\u00f5es integradas da Diebold?Nixdorf?conectam os canais f\u00edsicos e digitais de forma conveniente, segura e eficiente para milh\u00f5es de consumidores todos os dias. A empresa est\u00e1 presente em mais de 100 pa\u00edses, com aproximadamente 21.000 funcion\u00e1rios em todo o mundo. Para mais informa\u00e7\u00f5es, acesse: <a href=\"http:\/\/www.dieboldnixdorf.com.br\/\" target=\"_blank\" rel=\"nofollow\">www.DieboldNixdorf.com.br<\/a>. <\/p>\n<p>Foto &#8211; <a href=\"https:\/\/mma.prnewswire.com\/media\/2849179\/Romano.jpg\" target=\"_blank\" rel=\"nofollow\">https:\/\/mma.prnewswire.com\/media\/2849179\/Romano.jpg<\/a> <\/p>\n<p id=\"PURL\"><img loading=\"lazy\" decoding=\"async\" title=\"Cision\" width=\"12\" height=\"12\" alt=\"Cision\" src=\"https:\/\/edge.prnewswire.com\/c\/img\/favicon.png?sn=PT51208&amp;sd=2025-12-18\" \/> View original content to download multimedia:<a id=\"PRNURL\" rel=\"nofollow\" href=\"https:\/\/www.prnewswire.com\/br\/comunicados-para-a-imprensa\/diebold-nixdorf-anuncia-jose-luiz-romano-como-novo-chief-financial-officer-para-america-latina-302646351.html\" target=\"_blank\">https:\/\/www.prnewswire.com\/br\/comunicados-para-a-imprensa\/diebold-nixdorf-anuncia-jose-luiz-romano-como-novo-chief-financial-officer-para-america-latina-302646351.html<\/a><\/p>\n<p>FONTE Diebold Nixdorf<\/p>\n<\/div>\n<p>  <img decoding=\"async\" alt=\"\" src=\"https:\/\/rt.prnewswire.com\/rt.gif?NewsItemId=PT51208&amp;Transmission_Id=202512181506PR_NEWS_LATAM____PT51208&amp;DateId=20251218\" style=\"border:0px;width:1px;height:1px\" \/><\/p>\n<p><strong>T\u00f3picos Relacionados:<\/strong> An\u00fancios de Pessoal, Tecnologia Financeira, Computador\/Eletr\u00f4nica, Servi\u00e7os Banc\u00e1rios\/Financeiros<\/p>\n<p>A <b>OESP<\/b> n\u00e3o \u00e9(s\u00e3o) respons\u00e1vel(is) por erros, incorre\u00e7\u00f5es, atrasos ou quaisquer decis\u00f5es tomadas por seus clientes com base nos Conte\u00fados ora disponibilizados, bem como tais Conte\u00fados n\u00e3o representam a opini\u00e3o da <b>OESP<\/b> e s\u00e3o de inteira responsabilidade da <b>PR Newswire Ltda<\/b><\/p>\n","protected":false},"excerpt":{"rendered":"Promo\u00e7\u00e3o ocorre em momento de fortalecimento da lideran\u00e7a e da estrat\u00e9gia no mercado financeiro e de varejo na regi\u00e3o S\u00c3O PAULO, 18 de dezembro de 2025 \/PRNewswire\/ &#8212; A Diebold Nixdorf,","protected":false},"author":1,"featured_media":121923,"comment_status":"open","ping_status":"closed","sticky":false,"template":"","format":"standard","meta":{"_acf_changed":false,"inline_featured_image":false,"_monsterinsights_skip_tracking":false,"_monsterinsights_sitenote_active":false,"_monsterinsights_sitenote_note":"","_monsterinsights_sitenote_category":0,"footnotes":""},"categories":[27],"tags":[5805],"class_list":["post-121922","post","type-post","status-publish","format-standard","has-post-thumbnail","hentry","category-prnewswire","tag-promocao-ocorre-em-momento-de-fortalecimento-da-lideranca-e-da-estrategia-no-mercado-financeiro-e-de-varejo-na-regiao"],"acf":[],"_links":{"self":[{"href":"https:\/\/bluestudio.estadao.com.br\/agencia-de-comunicacao\/wp-json\/wp\/v2\/posts\/121922","targetHints":{"allow":["GET"]}}],"collection":[{"href":"https:\/\/bluestudio.estadao.com.br\/agencia-de-comunicacao\/wp-json\/wp\/v2\/posts"}],"about":[{"href":"https:\/\/bluestudio.estadao.com.br\/agencia-de-comunicacao\/wp-json\/wp\/v2\/types\/post"}],"author":[{"embeddable":true,"href":"https:\/\/bluestudio.estadao.com.br\/agencia-de-comunicacao\/wp-json\/wp\/v2\/users\/1"}],"replies":[{"embeddable":true,"href":"https:\/\/bluestudio.estadao.com.br\/agencia-de-comunicacao\/wp-json\/wp\/v2\/comments?post=121922"}],"version-history":[{"count":0,"href":"https:\/\/bluestudio.estadao.com.br\/agencia-de-comunicacao\/wp-json\/wp\/v2\/posts\/121922\/revisions"}],"wp:featuredmedia":[{"embeddable":true,"href":"https:\/\/bluestudio.estadao.com.br\/agencia-de-comunicacao\/wp-json\/wp\/v2\/media\/121923"}],"wp:attachment":[{"href":"https:\/\/bluestudio.estadao.com.br\/agencia-de-comunicacao\/wp-json\/wp\/v2\/media?parent=121922"}],"wp:term":[{"taxonomy":"category","embeddable":true,"href":"https:\/\/bluestudio.estadao.com.br\/agencia-de-comunicacao\/wp-json\/wp\/v2\/categories?post=121922"},{"taxonomy":"post_tag","embeddable":true,"href":"https:\/\/bluestudio.estadao.com.br\/agencia-de-comunicacao\/wp-json\/wp\/v2\/tags?post=121922"}],"curies":[{"name":"wp","href":"https:\/\/api.w.org\/{rel}","templated":true}]}}